{"id":107,"date":"2017-01-06T09:27:20","date_gmt":"2017-01-06T08:27:20","guid":{"rendered":"https:\/\/uj.mezosuli.hu\/?p=107"},"modified":"2026-03-20T10:13:48","modified_gmt":"2026-03-20T09:13:48","slug":"evertekeles-2016","status":"publish","type":"post","link":"https:\/\/mezosuli.hu\/?p=107","title":{"rendered":"\u00c9v\u00e9rt\u00e9kel\u00e9s 2016"},"content":{"rendered":"<hr \/>\n<section style=\"font-size: 15px;\">\n<p style=\"font-size: 20pt; color: #ff6600; font-variant: small-caps; letter-spacing: 1px;\">\u00c9v\u00e9rt\u00e9kel\u00e9s 2016<\/p>\n<table style=\"width: 595px;\" border=\"0\" cellspacing=\"0\" cellpadding=\"10\">\n<tbody>\n<tr>\n<td width=\"80%\">\n<p style=\"font-size: 15pt;\"><strong>Kedves Sz\u00fcl\u0151k, Gyerekek, Koll\u00e9g\u00e1im!<\/strong><\/p>\n<p style=\"font-size: 15px; text-align: justify;\"><strong>V\u00e9ge a 2016-os \u00e9vnek.<\/strong> A befejez\u00e9s mindig sz\u00e1mvet\u00e9sre, \u00e9rt\u00e9kel\u00e9sre sarkall, tudnunk kell honnan indultunk, hov\u00e1 tartunk.\u00a0Az idei \u00e9v a v\u00e1ltoz\u00e1sok, a kem\u00e9ny munka, \u00e9s sok szempontb\u00f3l a siker \u00e9ve volt.\u00a0Szeretn\u00e9m \u00d6n\u00f6kkel, Veletek, megosztani \u00f6sszegz\u0151 gondolataimat az \u00e9v m\u00e9lt\u00f3 lez\u00e1r\u00e1sak\u00e9nt.<\/p>\n<\/td>\n<td width=\"20%\">\n<figure><img loading=\"lazy\" decoding=\"async\" class=\" alignright size-full wp-image-100\" style=\"margin: 0px 0px 5px; float: right;\" src=\"https:\/\/uj.mezosuli.hu\/wp-content\/uploads\/2017\/01\/igazgato_128x182.png\" alt=\"Mostaf\u00e1n\u00e9 Gomb\u00e1r Erzs\u00e9bet, int\u00e9zm\u00e9nyvezet\u0151\" width=\"128\" height=\"182\" \/><figcaption style=\"font-size: 12px; text-align: center;\">Mostaf\u00e1n\u00e9 Gomb\u00e1r Erzs\u00e9bet<br \/>\nint\u00e9zm\u00e9nyvezet\u0151<\/figcaption><\/figure>\n<\/td>\n<\/tr>\n<\/tbody>\n<\/table>\n<\/section>\n<p><!--more--><\/p>\n<section style=\"font-size: 15px;\">\n<p style=\"font-size: 20pt; color: #ff6600; font-variant: small-caps; letter-spacing: 1px;\">\u00c9v\u00e9rt\u00e9kel\u00e9s 2016<\/p>\n<table style=\"width: 595px;\" border=\"0\" cellspacing=\"0\" cellpadding=\"10\">\n<tbody>\n<tr>\n<td width=\"80%\">\n<p style=\"font-size: 15pt;\"><strong>Kedves Sz\u00fcl\u0151k, Gyerekek, Koll\u00e9g\u00e1im!<\/strong><\/p>\n<p style=\"font-size: 15px; text-align: justify;\"><strong>V\u00e9ge a 2016-os \u00e9vnek.<\/strong> A befejez\u00e9s mindig sz\u00e1mvet\u00e9sre, \u00e9rt\u00e9kel\u00e9sre sarkall, tudnunk kell honnan indultunk, hov\u00e1 tartunk.\u00a0Az idei \u00e9v a v\u00e1ltoz\u00e1sok, a kem\u00e9ny munka, \u00e9s sok szempontb\u00f3l a siker \u00e9ve volt.\u00a0Szeretn\u00e9m \u00d6n\u00f6kkel, Veletek, megosztani \u00f6sszegz\u0151 gondolataimat az \u00e9v m\u00e9lt\u00f3 lez\u00e1r\u00e1sak\u00e9nt.<\/p>\n<\/td>\n<td width=\"20%\">\n<figure><img loading=\"lazy\" decoding=\"async\" class=\" alignright size-full wp-image-100\" style=\"margin: 0px 0px 5px; float: right;\" src=\"https:\/\/uj.mezosuli.hu\/wp-content\/uploads\/2017\/01\/igazgato_128x182.png\" alt=\"Mostaf\u00e1n\u00e9 Gomb\u00e1r Erzs\u00e9bet, int\u00e9zm\u00e9nyvezet\u0151\" width=\"128\" height=\"182\" \/><figcaption style=\"font-size: 12px; text-align: center;\">Mostaf\u00e1n\u00e9 Gomb\u00e1r Erzs\u00e9bet<br \/>\nint\u00e9zm\u00e9nyvezet\u0151<\/figcaption><\/figure>\n<\/td>\n<\/tr>\n<\/tbody>\n<\/table>\n<p><strong>Miben voltunk sikeresek ebben az \u00e9vben?<\/strong><\/p>\n<ul>\n<li>a mi pedag\u00f3gusunk r\u00e9szes\u00fclt a ZUGL\u00d3 K\u00d6ZOKTAT\u00c1S\u00c1\u00c9RT D\u00cdJ kit\u00fcntet\u00e9sben,<\/li>\n<li>a mi tanul\u00f3nk nyerte el AZ \u00c9V TANUL\u00d3JA D\u00cdJAT<\/li>\n<li>t\u00f6bb tanul\u00f3nk AZ \u00c9V SPORTOL\u00d3JA D\u00cdJAT vehette \u00e1t,<\/li>\n<li>t\u00f6bb tanul\u00f3nk J\u00d3 SPORTOL\u00d3, J\u00d3 TANUL\u00d3 D\u00cdJAT kapott,<\/li>\n<li>sok tanul\u00f3nk ker\u00fcleti, budapesti, orsz\u00e1gos tanulm\u00e1nyi \u00e9s sport versenyeken \u00e9rt el kiemelked\u0151 eredm\u00e9nyt,<\/li>\n<li>Facebook szavaz\u00e1son nagy \u00f6sszefog\u00e1sunknak k\u00f6sz\u00f6nhet\u0151en elnyert\u00fck az \u00d3ri\u00e1scsocs\u00f3 j\u00e1t\u00e9k haszn\u00e1lat\u00e1t,<\/li>\n<li>bevezett\u00fck az E-NAPL\u00d3T,<\/li>\n<li>meg\u00fajult a H\u00e1zirend\u00fcnk,<\/li>\n<li>bevezett\u00fck als\u00f3 tagozaton, a tant\u00e1rgymegoszt\u00e1sos tan\u00edt\u00f3i modellt minden oszt\u00e1lyban.<\/li>\n<\/ul>\n<p><img loading=\"lazy\" decoding=\"async\" class=\" size-full wp-image-101\" style=\"margin: 5px auto; display: block;\" src=\"https:\/\/uj.mezosuli.hu\/wp-content\/uploads\/2017\/01\/gyerekek_01_90x90.png\" alt=\"gyerekek_01\" width=\"90\" height=\"90\" \/><\/p>\n<p><strong>Miben v\u00e1ltozott meg k\u00f6rnyezet\u00fcnk?<\/strong><\/p>\n<ul>\n<li>befejezt\u00fck iskol\u00e1nk sz\u00ednes\u00edt\u00e9s\u00e9t, a szekr\u00e9nyek, ajt\u00f3k fest\u00e9s\u00e9t,<\/li>\n<li>sportp\u00e1ly\u00e1nk, j\u00e1tsz\u00f3udvarunk meg\u00fajult, biztons\u00e1goss\u00e1 v\u00e1lt,<\/li>\n<li>j\u00e1tsz\u00f3t\u00e9ri ker\u00edt\u00e9sdr\u00f3t cser\u00e9je, k\u00fcls\u0151 ker\u00edt\u00e9s hegeszt\u00e9se megt\u00f6rt\u00e9nt,<\/li>\n<li>fel\u00faj\u00edtott be- \u00e9s kij\u00e1raton k\u00f6zlekedhet\u00fcnk,<\/li>\n<li>gazdagodtunk egy feln\u0151tt \u00e9tkez\u0151vel, \u00e9s tan\u00edt\u00f3ink egy sport\u00f6lt\u00f6z\u0151vel,<\/li>\n<li>h\u0151k\u00f6zpontunkat fel\u00faj\u00edtott\u00e1k,<\/li>\n<li>tornaterm\u00fcnk \u00faj f\u00fcgg\u00f6nyt kapott,<\/li>\n<li>a bord\u00e1sfalak \u00e9s tornapadok karbantart\u00e1sa megt\u00f6rt\u00e9nt,<\/li>\n<li>\u00faj \u00f6lt\u00f6z\u0151b\u00fatorokat kaptunk,<\/li>\n<li>meg\u00fajult az iskola k\u00fcls\u0151 vil\u00e1g\u00edt\u00e1sa,<\/li>\n<li>gy\u00fcm\u00f6lcsf\u00e1kat \u00e9s cserj\u00e9ket \u00fcltett\u00fcnk,<\/li>\n<li>komposzt\u00e1l\u00f3kat, kiskertet l\u00e9tes\u00edtett\u00fcnk,<\/li>\n<li>mad\u00e1rod\u00fakat, etet\u0151ket helyezt\u00fcnk el az iskola kertj\u00e9ben,<\/li>\n<li>szelekt\u00edven gy\u0171jtj\u00fck a hullad\u00e9kot.<\/li>\n<\/ul>\n<p><img loading=\"lazy\" decoding=\"async\" class=\" size-full wp-image-102\" style=\"display: block; margin: 5px auto;\" src=\"https:\/\/uj.mezosuli.hu\/wp-content\/uploads\/2017\/01\/gyerekek_02_116x92.png\" alt=\"gyerekek_02\" width=\"116\" height=\"92\" \/><\/p>\n<p><strong>Milyen beszerz\u00e9seink voltak 2016-ban?<\/strong><\/p>\n<ul>\n<li>700.000 Ft \u00e9rt\u00e9kben sporteszk\u00f6z\u00f6k, (forr\u00e1s: KLIK \u00e9s p\u00e1ly\u00e1zat)<\/li>\n<li>100.000 Ft \u00e9rt\u00e9kben fejlesztett\u00fck a term\u00e9szettudom\u00e1nyi tant\u00e1rgyak eszk\u00f6zeit, (forr\u00e1s: KLIK)<\/li>\n<li>280.000 Ft \u00e9rt\u00e9kben v\u00e1s\u00e1roltuk meg, az eredm\u00e9nyesebb, hat\u00e9konyabb matematika tant\u00e1rgy oktat\u00e1s\u00e1t seg\u00edt\u0151, Lapot k\u00e9r\u00fcnk! t\u00e1rsasj\u00e1t\u00e9kot, (saj\u00e1t er\u0151)<\/li>\n<li>960.000 Ft-\u00e9rt (a b\u00e9rleti d\u00edj 15%-a) beszerezt\u00fck els\u0151 digit\u00e1lis t\u00e1bl\u00e1nkat \u00e9s egy\u00e9b eszk\u00f6z\u00f6ket a biztons\u00e1gos, zavartalanul m\u0171k\u00f6d\u0151 int\u00e9zm\u00e9nyi informatikai h\u00e1l\u00f3zat ki\u00e9p\u00edt\u00e9s\u00e9hez, (forr\u00e1s: ZIK)<\/li>\n<li>k\u00f6zel 5 milli\u00f3 Ft \u00e9rt\u00e9kben \u00faj informatikai eszk\u00f6z\u00f6ket kaptunk, (forr\u00e1s: KLIK)<\/li>\n<li>200.000 Ft-\u00e9rt fejlesztett\u00fck k\u00f6nyvt\u00e1ri \u00e1llom\u00e1nyunkat, (forr\u00e1s: KLIK)<\/li>\n<li>100.000 Ft-\u00e9rt kerti n\u00f6v\u00e9nyeket v\u00e1s\u00e1roltunk (forr\u00e1s: Anthropolis Egyes\u00fclet).<\/li>\n<\/ul>\n<p><img loading=\"lazy\" decoding=\"async\" class=\" size-full wp-image-103\" style=\"margin: 5px auto; display: block;\" src=\"https:\/\/uj.mezosuli.hu\/wp-content\/uploads\/2017\/01\/gyerekek_03_122x90.png\" alt=\"gyerekek_03\" width=\"122\" height=\"90\" \/><\/p>\n<p><strong>Sikeres p\u00e1ly\u00e1zataink 2016-ban:<\/strong><\/p>\n<ul>\n<li>\u201eHat\u00e1rtalanul\u201d p\u00e1ly\u00e1zat 7. \u00e9vfolyam r\u00e9sz\u00e9re, t\u00e9ma: Term\u00e9szetj\u00e1r\u00e1s a Felvid\u00e9ken a k\u00f6rnyezettudatoss\u00e1g jegy\u00e9ben, 3 napos utaz\u00e1s 2,4 milli\u00f3 Ft \u00e1llami t\u00e1mogat\u00e1s 80 f\u0151 r\u00e9sz\u00e9re,<\/li>\n<li>ERASMUS+ tan\u00e1rtov\u00e1bbk\u00e9pz\u0151 p\u00e1ly\u00e1zat megval\u00f3sul\u00e1sa, k\u00fclf\u00f6ldi utaz\u00e1sok, szakmai profit,<\/li>\n<li>EM PC DONATION PROGRAM 2016, p\u00e1ly\u00e1z\u00f3 a Mez\u0151 Tandem Egyes\u00fclet, 28 db laptop elnyer\u00e9se,<\/li>\n<li>Budapest F\u0151v\u00e1ros XIV. Ker\u00fclet Zugl\u00f3 \u00d6nkorm\u00e1nyzat Di\u00e1k\u00f6szt\u00f6nd\u00edj\u00e1t a 7. \u00e9s 8. oszt\u00e1lyosok r\u00e9sz\u00e9re, &#8211; 3 di\u00e1k nyerte el 100.000Ft\/ f\u0151 t\u00e1mogat\u00e1s form\u00e1j\u00e1ban,<\/li>\n<li>Fiatal zugl\u00f3i sportol\u00f3k t\u00e1mogat\u00e1sa \u2013 iskol\u00e1nkb\u00f3l 2 tanul\u00f3 nyert p\u00e1ly\u00e1zati d\u00edjat.<\/li>\n<\/ul>\n<p><img loading=\"lazy\" decoding=\"async\" class=\" size-full wp-image-104\" style=\"margin: 5px auto; display: block;\" src=\"https:\/\/uj.mezosuli.hu\/wp-content\/uploads\/2017\/01\/gyerekek_04_90x90.png\" alt=\"gyerekek_04\" width=\"90\" height=\"90\" \/><\/p>\n<p><strong>Sz\u00fcl\u0151i felaj\u00e1nl\u00e1sok, t\u00e1mogat\u00e1sok:<\/strong><\/p>\n<ul>\n<li>d\u00edjak, \u00e9rmek biztos\u00edt\u00e1sa rendezv\u00e9nyeinkhez,<\/li>\n<li>szabadt\u00e9ri, z\u00e1rt, z\u00f6ld helysz\u00edn biztos\u00edt\u00e1sa a testnevel\u00e9s \u00f3r\u00e1khoz,<\/li>\n<li>raklapok, b\u00fatorok k\u00e9sz\u00edt\u00e9s\u00e9hez,<\/li>\n<li>p\u00e1ly\u00e1zati lehet\u0151s\u00e9gek,<\/li>\n<li>k\u00f6z\u00f6s, h\u00e9tv\u00e9gi t\u00far\u00e1k,<\/li>\n<li>sz\u00e1ll\u00edt\u00e1s, t\u00e1rgyi adom\u00e1nyok, aj\u00e1nd\u00e9kok, \u00e9rt\u00e9kes szakmunka, k\u00f6z\u00f6s gondolkod\u00e1s, konstrukt\u00edv vita, \u00e9p\u00edt\u0151 kritika,<\/li>\n<li>meg\u00fajult Sz\u00fcl\u0151i Szervezet \u00e9s Iskolasz\u00e9k.<\/li>\n<\/ul>\n<p><img loading=\"lazy\" decoding=\"async\" class=\" size-full wp-image-105\" style=\"margin: 5px auto; display: block;\" src=\"https:\/\/uj.mezosuli.hu\/wp-content\/uploads\/2017\/01\/gyerekek_05_137x127.png\" alt=\"gyerekek_05\" width=\"137\" height=\"127\" \/><\/p>\n<p><strong>Szakmai munk\u00e1nk:<\/strong><\/p>\n<ul>\n<li>\u00f3ral\u00e1togat\u00e1sok, nyitott \u00f3r\u00e1k a Bernecebar\u00e1ti Szokolyi Alajos \u00c1lt. Isk. pedag\u00f3gusainak,<\/li>\n<li>Pet\u0151 Int\u00e9zet konduktortan\u00edt\u00f3inak gyakorl\u00f3 iskol\u00e1ja,<\/li>\n<li>gazdag\u00edt\u00f3 foglalkoz\u00e1sok,<\/li>\n<li>bels\u0151 \u00e9s k\u00fcls\u0151 tov\u00e1bbk\u00e9pz\u00e9sek, (matematika, informatika, sport,) glob\u00e1lis tan\u00e1r, glob\u00e1lis nevel\u00e9s, IKT eszk\u00f6z\u00f6k alkalmaz\u00e1sa a tan\u00f3r\u00e1n,<\/li>\n<li>priorit\u00e1sunk: differenci\u00e1l\u00e1s, digit\u00e1lis \u00e9s sz\u00f6vegalkot\u00e1si kompetenci\u00e1k fejleszt\u00e9se,<\/li>\n<li>pedag\u00f3gusaink min\u0151s\u00edt\u00e9se,<\/li>\n<li>egy\u00fcttm\u0171k\u00f6d\u00e9s az Athropolis Egyes\u00fclettel (\u00f6koszeml\u00e9let terjeszt\u00e9se)<\/li>\n<li>E-KRETA online k\u00e9pz\u00e9s,<\/li>\n<li>tant\u00e1rgyi weboldalak kialak\u00edt\u00e1sa (matematika, k\u00e9mia).<\/li>\n<\/ul>\n<p><img loading=\"lazy\" decoding=\"async\" class=\" size-full wp-image-106\" style=\"display: block; margin: 5px auto;\" src=\"https:\/\/uj.mezosuli.hu\/wp-content\/uploads\/2017\/01\/gyerekek_06_104x93.png\" alt=\"gyerekek_06\" width=\"104\" height=\"93\" \/><\/p>\n<p><strong>\u00c9lm\u00e9nyeink, programjaink:<\/strong><\/p>\n<ul>\n<li>farsangok, nemzeti \u00fcnnepeink, hagyom\u00e1nyos mez\u0151s rendezv\u00e9nyek,<\/li>\n<li>J\u00f3zsef Attila Sz\u00ednh\u00e1z \u00fcnnepi el\u0151ad\u00e1sa okt. 23-\u00e1n (alap\u00edtv\u00e1nyaink t\u00e1mogat\u00e1s\u00e1val 350.000 Ft)<\/li>\n<li>pap\u00edrgy\u0171jt\u00e9sek,<\/li>\n<li>els\u0151seink avat\u00e1sa,<\/li>\n<li>t\u00e9manapok a fenntarthat\u00f3 j\u00f6v\u0151 \u00e9s az \u00e1llatv\u00e9delem jegy\u00e9ben,<\/li>\n<li>komolyzenei koncertek a Szent Istv\u00e1n Kir\u00e1ly Zeneiskola szervez\u00e9s\u00e9ben,<\/li>\n<li>Mikul\u00e1s nap, adventi v\u00e1s\u00e1r,<\/li>\n<li>s\u00edt\u00e1bor, h\u00e9tv\u00e9gi fut\u00f3versenyek,<\/li>\n<li>iskolanyitogat\u00f3,<\/li>\n<li>ID\u00d6K-nap, Luca-nap, Halloween- parti.<\/li>\n<\/ul>\n<p>&nbsp;<\/p>\n<p style=\"text-align: justify;\">K\u00f6sz\u00f6net az int\u00e9zm\u00e9ny valamennyi dolgoz\u00f3j\u00e1nak, tanul\u00f3knak, sz\u00fcl\u0151knek, iskol\u00e1nk alap\u00edtv\u00e1nyainak, egyes\u00fclet\u00e9nek, m\u0171k\u00f6d\u00e9s\u00fcnket biztos\u00edt\u00f3 ZIK-nek, ZVK-nak, \u00e9s fenntart\u00f3nknak, a KLIK-nek, a 2016-ban v\u00e9gzett munk\u00e1j\u00e1\u00e9rt.<\/p>\n<p><span style=\"text-align: justify;\">Sikeres, eredm\u00e9nyesen egy\u00fcttm\u0171k\u00f6d\u0151, esem\u00e9ny- \u00e9s \u00e9lm\u00e9nyd\u00fas, tartalmas, boldog 2017-es \u00e9vet k\u00edv\u00e1nok minden \u201eMez\u0151s\u201d sz\u00fcl\u0151nek, tanul\u00f3nak, koll\u00e9g\u00e1mnak!<\/span><\/p>\n<p>&nbsp;<\/p>\n<\/section>\n","protected":false},"excerpt":{"rendered":"<p>\u00c9v\u00e9rt\u00e9kel\u00e9s 2016 Kedves Sz\u00fcl\u0151k, Gyerekek, Koll\u00e9g\u00e1im! V\u00e9ge a 2016-os \u00e9vnek. A befejez\u00e9s mindig sz\u00e1mvet\u00e9sre, \u00e9rt\u00e9kel\u00e9sre sarkall, tudnunk kell honnan indultunk, hov\u00e1 tartunk.\u00a0Az idei \u00e9v a v\u00e1ltoz\u00e1sok, a kem\u00e9ny munka, \u00e9s&hellip;<\/p>\n","protected":false},"author":1,"featured_media":0,"comment_status":"closed","ping_status":"open","sticky":false,"template":"","format":"standard","meta":{"_jetpack_memberships_contains_paid_content":false,"footnotes":""},"categories":[39],"tags":[],"class_list":["post-107","post","type-post","status-publish","format-standard","hentry","category-2017-hirarchivum"],"jetpack_featured_media_url":"","jetpack_sharing_enabled":true,"_links":{"self":[{"href":"https:\/\/mezosuli.hu\/index.php?rest_route=\/wp\/v2\/posts\/107","targetHints":{"allow":["GET"]}}],"collection":[{"href":"https:\/\/mezosuli.hu\/index.php?rest_route=\/wp\/v2\/posts"}],"about":[{"href":"https:\/\/mezosuli.hu\/index.php?rest_route=\/wp\/v2\/types\/post"}],"author":[{"embeddable":true,"href":"https:\/\/mezosuli.hu\/index.php?rest_route=\/wp\/v2\/users\/1"}],"replies":[{"embeddable":true,"href":"https:\/\/mezosuli.hu\/index.php?rest_route=%2Fwp%2Fv2%2Fcomments&post=107"}],"version-history":[{"count":2,"href":"https:\/\/mezosuli.hu\/index.php?rest_route=\/wp\/v2\/posts\/107\/revisions"}],"predecessor-version":[{"id":3385,"href":"https:\/\/mezosuli.hu\/index.php?rest_route=\/wp\/v2\/posts\/107\/revisions\/3385"}],"wp:attachment":[{"href":"https:\/\/mezosuli.hu\/index.php?rest_route=%2Fwp%2Fv2%2Fmedia&parent=107"}],"wp:term":[{"taxonomy":"category","embeddable":true,"href":"https:\/\/mezosuli.hu\/index.php?rest_route=%2Fwp%2Fv2%2Fcategories&post=107"},{"taxonomy":"post_tag","embeddable":true,"href":"https:\/\/mezosuli.hu\/index.php?rest_route=%2Fwp%2Fv2%2Ftags&post=107"}],"curies":[{"name":"wp","href":"https:\/\/api.w.org\/{rel}","templated":true}]}}