{"id":1081,"date":"2020-06-23T20:02:12","date_gmt":"2020-06-23T18:02:12","guid":{"rendered":"https:\/\/uj.mezosuli.hu\/?p=1081"},"modified":"2026-03-17T10:52:27","modified_gmt":"2026-03-17T09:52:27","slug":"nyari-nyitvatartas-2020","status":"publish","type":"post","link":"https:\/\/mezosuli.hu\/?p=1081","title":{"rendered":"Nyari nyitvatartas 2020"},"content":{"rendered":"<section style=\"font-size: 16px;\">\n<p><span style=\"font-size: 20pt; font-variant: small-caps; letter-spacing: 1px; color: maroon;\"><span style=\"color: #00ccff;\">Az Int\u00e9zm\u00e9ny ny\u00e1ri nyitvatart\u00e1sa<\/span>&nbsp; &nbsp; &nbsp; &nbsp; &nbsp; &nbsp; &nbsp;<\/span><\/p>\n<p>Vezet\u0151i \u00fcgyelet \u00e9s a titk\u00e1rs\u00e1g a 2020-as ny\u00e1ri sz\u00fcnetben k\u00e9t hetente szerd\u00e1nk\u00e9nt reggel <strong>09:00<\/strong> \u00e9s d\u00e9lut\u00e1n <strong>13:00<\/strong> \u00f3ra k\u00f6z\u00f6tt az al\u00e1bbi napokon \u00e9rhet\u0151 el:<\/p>\n<ul>\n<li><em>J\u00fanius 24. &#8211;<\/em><strong>&nbsp;Gomb\u00e1r Erzs\u00e9bet <strong>&nbsp;<\/strong><\/strong>int\u00e9zm\u00e9nyvezet\u0151,<strong>&nbsp;Bakkai Melinda&nbsp;<\/strong>int\u00e9zm\u00e9nyvezet\u0151-helyettes,&nbsp;<strong>Szilv\u00e1si Csaba J\u00f3zsef<\/strong> int\u00e9zm\u00e9nyvezet\u0151-helyettes, Tak\u00e1csn\u00e9 Domj\u00e1n Adrienn <strong>iskolatitk\u00e1r<\/strong><\/li>\n<li><em>J\u00falius 8.<\/em>&nbsp;&#8211;&nbsp;<strong>Bakkai Melinda&nbsp;<\/strong>int\u00e9zm\u00e9nyvezet\u0151-helyettes, T\u00e9gi Hajnalka <strong>int\u00e9zm\u00e9nyi koordin\u00e1tor<\/strong><\/li>\n<li><em>J\u00falius 22. &#8211;<\/em><strong> Szilv\u00e1si Csaba J\u00f3zsef<\/strong> int\u00e9zm\u00e9nyvezet\u0151-helyettes,&nbsp;Tak\u00e1csn\u00e9 Domj\u00e1n Adrienn <strong>iskolatitk\u00e1r<\/strong><\/li>\n<li><em>Augusztus 5.<\/em> &#8211;&nbsp;<strong>Gomb\u00e1r Erzs\u00e9bet <strong>&nbsp;<\/strong><\/strong>int\u00e9zm\u00e9nyvezet\u0151,<strong>&nbsp;Tak\u00e1csn\u00e9 Domj\u00e1n Adrienn <strong>iskolatitk\u00e1r<\/strong><\/strong><\/li>\n<li><em>Augusztus 19.<\/em> &#8211;&nbsp;<strong>Gomb\u00e1r Erzs\u00e9bet <strong>&nbsp;<\/strong><\/strong>int\u00e9zm\u00e9nyvezet\u0151,<strong>&nbsp;Bakkai Melinda&nbsp;<\/strong>int\u00e9zm\u00e9nyvezet\u0151-helyettes,&nbsp;T\u00e9gi Hajnalka <strong>int\u00e9zm\u00e9nyi koordin\u00e1tor<\/strong><\/li>\n<\/ul>\n<p><span style=\"font-size: 20pt; font-variant: small-caps; letter-spacing: 1px; color: #00ccff;\">Jav\u00edt\u00f3vizsga<\/span><\/p>\n<p>A jav\u00edt\u00f3vizsga id\u0151pontja: <strong>2020. augusztus 24.<\/strong> reggel <strong>09:00<\/strong> \u00f3ra<\/p>\n<p><span style=\"font-size: 20pt; font-variant: small-caps; letter-spacing: 1px; color: #00ccff;\">\u00c9tkez\u00e9si csekkek<\/span><\/p>\n<p>Az \u00e9tkez\u00e9si csekkek \u00e1tv\u00e9tel\u00e9re az al\u00e1bbi id\u0151pontokban van lehet\u0151s\u00e9g a port\u00e1n:<\/p>\n<ul>\n<li><em>Augustus 10-14. &#8211;<\/em><strong>&nbsp;08:00<\/strong> \u00e9s<strong> 16:00<\/strong>&nbsp;\u00f3ra k\u00f6z\u00f6tt<\/li>\n<\/ul>\n<p>Webes fizet\u0151k \u00e9s leend\u0151 els\u0151s\u00f6k 2020.08.14-ig vehetik \u00e1t az \u00e9tkez\u00e9si csekkeket \u00e9s a MultiSchool bel\u00e9p\u00e9shez sz\u00fcks\u00e9ges k\u00f3dokat a port\u00e1n.&nbsp;<\/p>\n<p><span style=\"font-size: 20pt; font-variant: small-caps; letter-spacing: 1px; color: #00ccff;\">Tan\u00e9vnyit\u00f3<\/span><\/p>\n<p>A 2020\/2021-es tan\u00e9v tan\u00e9vnyit\u00f3 \u00fcnneps\u00e9ge:<\/p>\n<ul>\n<li><em>a fels\u0151 tagozatosoknak&nbsp;&#8211;<\/em><strong>&nbsp;2020.09.01<\/strong>-\u00e9n<strong>&nbsp;08:15<\/strong>&nbsp;\u00f3rai kezdettel,<\/li>\n<li><em>az als\u00f3 tagozatosoknak &#8211;<\/em><strong>&nbsp;2020.09.01<\/strong>-\u00e9n&nbsp;az els\u0151 tan\u00edt\u00e1si \u00f3r\u00e1ban lesz. <strong>(8:30)<\/strong><\/li>\n<\/ul>\n<p>Az els\u0151 tan\u00edt\u00e1si napra a 4-8. \u00e9vfolyamos tanul\u00f3k hozz\u00e1k vissza a tart\u00f3s k\u00f6nyveket.<\/p>\n<div align=\"center\"><img loading=\"lazy\" decoding=\"async\" class=\" size-full wp-image-211\" src=\"https:\/\/uj.mezosuli.hu\/wp-content\/uploads\/2017\/06\/nap_02.png\" alt=\"\" width=\"135\" height=\"117\" srcset=\"https:\/\/mezosuli.hu\/wp-content\/uploads\/2017\/06\/nap_02.png 400w, https:\/\/mezosuli.hu\/wp-content\/uploads\/2017\/06\/nap_02-300x261.png 300w\" sizes=\"auto, (max-width: 135px) 100vw, 135px\" \/><\/p>\n<div>\n<p style=\"float: right;\"><span style=\"font-size: 16px;\">Budapest, 2020 j\u00fanius<br \/><\/span><\/p>\n<\/div>\n<\/div>\n<\/section>\n","protected":false},"excerpt":{"rendered":"<p>Az Int\u00e9zm\u00e9ny ny\u00e1ri nyitvatart\u00e1sa&nbsp; &nbsp; &nbsp; &nbsp; &nbsp; &nbsp; &nbsp; Vezet\u0151i \u00fcgyelet \u00e9s a titk\u00e1rs\u00e1g a 2020-as ny\u00e1ri sz\u00fcnetben k\u00e9t hetente szerd\u00e1nk\u00e9nt reggel 09:00 \u00e9s d\u00e9lut\u00e1n 13:00 \u00f3ra k\u00f6z\u00f6tt az&hellip;<\/p>\n","protected":false},"author":1,"featured_media":211,"comment_status":"closed","ping_status":"open","sticky":false,"template":"","format":"standard","meta":{"_jetpack_memberships_contains_paid_content":false,"footnotes":""},"categories":[42],"tags":[],"class_list":["post-1081","post","type-post","status-publish","format-standard","has-post-thumbnail","hentry","category-2020-hirarchivum"],"jetpack_featured_media_url":"https:\/\/mezosuli.hu\/wp-content\/uploads\/2017\/06\/nap_02.png","jetpack_sharing_enabled":true,"_links":{"self":[{"href":"https:\/\/mezosuli.hu\/index.php?rest_route=\/wp\/v2\/posts\/1081","targetHints":{"allow":["GET"]}}],"collection":[{"href":"https:\/\/mezosuli.hu\/index.php?rest_route=\/wp\/v2\/posts"}],"about":[{"href":"https:\/\/mezosuli.hu\/index.php?rest_route=\/wp\/v2\/types\/post"}],"author":[{"embeddable":true,"href":"https:\/\/mezosuli.hu\/index.php?rest_route=\/wp\/v2\/users\/1"}],"replies":[{"embeddable":true,"href":"https:\/\/mezosuli.hu\/index.php?rest_route=%2Fwp%2Fv2%2Fcomments&post=1081"}],"version-history":[{"count":1,"href":"https:\/\/mezosuli.hu\/index.php?rest_route=\/wp\/v2\/posts\/1081\/revisions"}],"predecessor-version":[{"id":2611,"href":"https:\/\/mezosuli.hu\/index.php?rest_route=\/wp\/v2\/posts\/1081\/revisions\/2611"}],"wp:featuredmedia":[{"embeddable":true,"href":"https:\/\/mezosuli.hu\/index.php?rest_route=\/wp\/v2\/media\/211"}],"wp:attachment":[{"href":"https:\/\/mezosuli.hu\/index.php?rest_route=%2Fwp%2Fv2%2Fmedia&parent=1081"}],"wp:term":[{"taxonomy":"category","embeddable":true,"href":"https:\/\/mezosuli.hu\/index.php?rest_route=%2Fwp%2Fv2%2Fcategories&post=1081"},{"taxonomy":"post_tag","embeddable":true,"href":"https:\/\/mezosuli.hu\/index.php?rest_route=%2Fwp%2Fv2%2Ftags&post=1081"}],"curies":[{"name":"wp","href":"https:\/\/api.w.org\/{rel}","templated":true}]}}