{"id":109,"date":"2017-01-10T08:53:13","date_gmt":"2017-01-10T07:53:13","guid":{"rendered":"https:\/\/uj.mezosuli.hu\/?p=109"},"modified":"2026-03-20T10:14:03","modified_gmt":"2026-03-20T09:14:03","slug":"tura-apathy-szikla","status":"publish","type":"post","link":"https:\/\/mezosuli.hu\/?p=109","title":{"rendered":"T\u00fara &#8211; Ap\u00e1thy szikla"},"content":{"rendered":"<section style=\"font-size: 15px;\">\n<p style=\"font-size: 20pt; color: #ff6600; font-variant: small-caps; letter-spacing: 1px;\">T\u00fara &#8211; Ap\u00e1thy szikla<\/p>\n<p><span style=\"font-size: 20px; letter-spacing: 1px;\"><strong>Kedves Gyerekek, Kedves Sz\u00fcl\u0151k!<\/strong><\/span><\/p>\n<p><img loading=\"lazy\" decoding=\"async\" class=\" alignleft size-full wp-image-108\" style=\"margin: 0px 10px 5px 0px; float: left;\" src=\"https:\/\/uj.mezosuli.hu\/wp-content\/uploads\/2017\/01\/kirandulas_128x128.png\" alt=\"T\u00fara\" width=\"128\" height=\"128\" \/><span style=\"font-size: 15px; letter-spacing: 1px; text-align: justify;\"><span style=\"font-size: 15px; letter-spacing: 1px; text-align: justify;\"><strong>2017. janu\u00e1r 28-\u00e1n (szombaton)<\/strong> az Ap\u00e1thy szikl\u00e1hoz kir\u00e1ndulunk. <strong>9:00 \u00f3rakor gy\u00fclekez\u00fcnk<\/strong> az \u00d6rs vez\u00e9r t\u00e9ren a GOMBA-n\u00e1l, majd az M2-es metr\u00f3val a Batthy\u00e1ny t\u00e9ren \u00e1t a 11-es busszal utazunk a v\u00e9g\u00e1llom\u00e1sig (b\u00e9rlet vagy 4 db vonaljegy sz\u00fcks\u00e9ges).<br \/>\nInnen indul egy viszonylag r\u00f6vid gyalogt\u00fara egy erdei \u00f6sv\u00e9nyen \u00e1t.<br \/>\n<strong>\u00c9rkez\u00e9s:<\/strong>\u00a0kb. 14:00 \u00f3ra, GOMBA.<\/span><\/span><\/p>\n<p>A szikla ter\u00fclet\u00e9n t\u00f6lgyes, sajmeggyes \u00e9s csersz\u00f6m\u00f6rc\u00e9s karsztbokorerd\u0151 \u00e9l, \u00e9s sziklagyepek, de l\u00e1that\u00f3 sziklahasad\u00e9k-t\u00e1rsul\u00e1s, ny\u00edlt dolomitgyep, sziklaf\u00fcves lejt\u0151sztyep, ny\u00falfarkf\u00fcves gyep is. Ezen k\u00edv\u00fcl 26 v\u00e9dett n\u00f6v\u00e9nyfaj \u00e9s sz\u00e1mos v\u00e9dett \u00e1llatfaj \u00e9l itt.<\/p>\n<p><strong>Fontos:<\/strong> id\u0151j\u00e1r\u00e1snak megfelel\u0151 \u00f6lt\u00f6zet; k\u00e9nyelmes, stabil, meleg cip\u0151; \u00e9lelem, folyad\u00e9k!<br \/>\nV\u00e1runk mindenkit, csal\u00e1dokat is szeretettel!<\/p>\n<p>Szab\u00f3 Mariann<br \/>\nt\u00faravezet\u0151<\/p>\n<\/section>\n","protected":false},"excerpt":{"rendered":"<p>T\u00fara &#8211; Ap\u00e1thy szikla Kedves Gyerekek, Kedves Sz\u00fcl\u0151k! 2017. janu\u00e1r 28-\u00e1n (szombaton) az Ap\u00e1thy szikl\u00e1hoz kir\u00e1ndulunk. 9:00 \u00f3rakor gy\u00fclekez\u00fcnk az \u00d6rs vez\u00e9r t\u00e9ren a GOMBA-n\u00e1l, majd az M2-es metr\u00f3val a&hellip;<\/p>\n","protected":false},"author":1,"featured_media":0,"comment_status":"closed","ping_status":"open","sticky":false,"template":"","format":"standard","meta":{"_jetpack_memberships_contains_paid_content":false,"footnotes":""},"categories":[39],"tags":[],"class_list":["post-109","post","type-post","status-publish","format-standard","hentry","category-2017-hirarchivum"],"jetpack_featured_media_url":"","jetpack_sharing_enabled":true,"_links":{"self":[{"href":"https:\/\/mezosuli.hu\/index.php?rest_route=\/wp\/v2\/posts\/109","targetHints":{"allow":["GET"]}}],"collection":[{"href":"https:\/\/mezosuli.hu\/index.php?rest_route=\/wp\/v2\/posts"}],"about":[{"href":"https:\/\/mezosuli.hu\/index.php?rest_route=\/wp\/v2\/types\/post"}],"author":[{"embeddable":true,"href":"https:\/\/mezosuli.hu\/index.php?rest_route=\/wp\/v2\/users\/1"}],"replies":[{"embeddable":true,"href":"https:\/\/mezosuli.hu\/index.php?rest_route=%2Fwp%2Fv2%2Fcomments&post=109"}],"version-history":[{"count":2,"href":"https:\/\/mezosuli.hu\/index.php?rest_route=\/wp\/v2\/posts\/109\/revisions"}],"predecessor-version":[{"id":3386,"href":"https:\/\/mezosuli.hu\/index.php?rest_route=\/wp\/v2\/posts\/109\/revisions\/3386"}],"wp:attachment":[{"href":"https:\/\/mezosuli.hu\/index.php?rest_route=%2Fwp%2Fv2%2Fmedia&parent=109"}],"wp:term":[{"taxonomy":"category","embeddable":true,"href":"https:\/\/mezosuli.hu\/index.php?rest_route=%2Fwp%2Fv2%2Fcategories&post=109"},{"taxonomy":"post_tag","embeddable":true,"href":"https:\/\/mezosuli.hu\/index.php?rest_route=%2Fwp%2Fv2%2Ftags&post=109"}],"curies":[{"name":"wp","href":"https:\/\/api.w.org\/{rel}","templated":true}]}}