{"id":1098,"date":"2020-09-07T08:54:40","date_gmt":"2020-09-07T06:54:40","guid":{"rendered":"https:\/\/uj.mezosuli.hu\/?p=1098"},"modified":"2026-03-17T10:52:26","modified_gmt":"2026-03-17T09:52:26","slug":"bekes-iskola-2","status":"publish","type":"post","link":"https:\/\/mezosuli.hu\/?p=1098","title":{"rendered":"B\u00e9k\u00e9s iskola"},"content":{"rendered":"<div class=\"txF_raleway tx16t\">\n<p style=\"font-size: 16px; font-family: 'Open Sans', sans-serif; font-weight: 500;\"><span style=\"color: #ff6600; font-size: 20pt; font-variant-caps: small-caps; letter-spacing: 1pt;\"><strong>Egy \u00fajabb cikk B\u00e9k\u00e9s iskol\u00e1nkr\u00f3l.<br \/><\/strong><\/span><\/p>\n<hr \/>\n<p><span style=\"font-size: 14pt;\"><span style=\"font-family: comic sans ms, sans-serif; color: #ff9900;\"><\/span><\/span><span style=\"font-size: 14pt;\"><a href=\"https:\/\/drive.google.com\/file\/d\/17NbsXb0ekWSeM5xvWdwkSx-nruRs8Wyc\/view?usp=sharing\" target=\"_blank\" rel=\"noopener\"><img loading=\"lazy\" decoding=\"async\" style=\"border: 4px solid #ffffff; float: right;\" src=\"https:\/\/uj.mezosuli.hu\/wp-content\/uploads\/2020\/09\/bullying.png\" alt=\"bullying\" width=\"240\" height=\"263\" \/><\/a><\/span><span style=\"font-size: 14pt;\">Mi, a Mez\u0151ben abban hisz\u00fcnk, hogy er\u0151szakra nem lehet er\u0151szak a v\u00e1lasz. A b\u00e1ntalmaz\u00e1s (bullying) csak akkor sz\u00fcntethet\u0151 meg, ha a b\u00e1ntalmaz\u00f3 seg\u00edts\u00e9get kap annak felismer\u00e9s\u00e9hez,<wbr \/> hogy viselked\u00e9s\u00e9vel nemcsak \u00e1ldozat\u00e1nak, de a k\u00f6z\u00f6ss\u00e9gnek is k\u00e1rt okoz. A c\u00e9l nem a b\u00fcntet\u00e9s, a megleck\u00e9ztet\u00e9s vagy a megal\u00e1z\u00e1s, hanem a kapcsolatok helyre\u00e1ll\u00edt\u00e1sa,<wbr \/> a j\u00f3v\u00e1t\u00e9tel. Nem \u00edt\u00e9lj\u00fck el a b\u00e1ntalmaz\u00f3t, de el\u00edt\u00e9lj\u00fck tett\u00e9t, \u00e9s seg\u00edts\u00e9get ny\u00fajtunk neki.<\/span><br \/><span style=\"font-size: 14pt;\"> Mi, a Mez\u0151ben ebben a szeml\u00e9letben akarjuk kezelni a b\u00e1ntalmaz\u00e1st.<\/span><\/p>\n<p>&nbsp;2020.szeptember<\/p>\n<\/div>\n","protected":false},"excerpt":{"rendered":"<p>Egy \u00fajabb cikk B\u00e9k\u00e9s iskol\u00e1nkr\u00f3l. Mi, a Mez\u0151ben abban hisz\u00fcnk, hogy er\u0151szakra nem lehet er\u0151szak a v\u00e1lasz. A b\u00e1ntalmaz\u00e1s (bullying) csak akkor sz\u00fcntethet\u0151 meg, ha a b\u00e1ntalmaz\u00f3 seg\u00edts\u00e9get kap annak&hellip;<\/p>\n","protected":false},"author":1,"featured_media":1097,"comment_status":"closed","ping_status":"open","sticky":false,"template":"","format":"standard","meta":{"_jetpack_memberships_contains_paid_content":false,"footnotes":""},"categories":[42,52],"tags":[],"class_list":["post-1098","post","type-post","status-publish","format-standard","has-post-thumbnail","hentry","category-2020-hirarchivum","category-bekes-iskola"],"jetpack_featured_media_url":"https:\/\/mezosuli.hu\/wp-content\/uploads\/2020\/09\/bullying.png","jetpack_sharing_enabled":true,"_links":{"self":[{"href":"https:\/\/mezosuli.hu\/index.php?rest_route=\/wp\/v2\/posts\/1098","targetHints":{"allow":["GET"]}}],"collection":[{"href":"https:\/\/mezosuli.hu\/index.php?rest_route=\/wp\/v2\/posts"}],"about":[{"href":"https:\/\/mezosuli.hu\/index.php?rest_route=\/wp\/v2\/types\/post"}],"author":[{"embeddable":true,"href":"https:\/\/mezosuli.hu\/index.php?rest_route=\/wp\/v2\/users\/1"}],"replies":[{"embeddable":true,"href":"https:\/\/mezosuli.hu\/index.php?rest_route=%2Fwp%2Fv2%2Fcomments&post=1098"}],"version-history":[{"count":1,"href":"https:\/\/mezosuli.hu\/index.php?rest_route=\/wp\/v2\/posts\/1098\/revisions"}],"predecessor-version":[{"id":2617,"href":"https:\/\/mezosuli.hu\/index.php?rest_route=\/wp\/v2\/posts\/1098\/revisions\/2617"}],"wp:featuredmedia":[{"embeddable":true,"href":"https:\/\/mezosuli.hu\/index.php?rest_route=\/wp\/v2\/media\/1097"}],"wp:attachment":[{"href":"https:\/\/mezosuli.hu\/index.php?rest_route=%2Fwp%2Fv2%2Fmedia&parent=1098"}],"wp:term":[{"taxonomy":"category","embeddable":true,"href":"https:\/\/mezosuli.hu\/index.php?rest_route=%2Fwp%2Fv2%2Fcategories&post=1098"},{"taxonomy":"post_tag","embeddable":true,"href":"https:\/\/mezosuli.hu\/index.php?rest_route=%2Fwp%2Fv2%2Ftags&post=1098"}],"curies":[{"name":"wp","href":"https:\/\/api.w.org\/{rel}","templated":true}]}}