{"id":110,"date":"2017-01-31T18:34:39","date_gmt":"2017-01-31T17:34:39","guid":{"rendered":"https:\/\/uj.mezosuli.hu\/?p=110"},"modified":"2026-03-17T14:26:29","modified_gmt":"2026-03-17T13:26:29","slug":"diakokert-alapitvany-befizetesek-2017-februar","status":"publish","type":"post","link":"https:\/\/mezosuli.hu\/?p=110","title":{"rendered":"Di\u00e1kok\u00e9rt Alap\u00edtv\u00e1ny &#8211; befizet\u00e9sek 2017 febru\u00e1r"},"content":{"rendered":"<hr \/>\n<div align=\"center\">\n<p><strong><span style=\"font-size: 15pt;\">Tisztelt Sz&uuml;l\u0151k!<\/span><\/strong><\/p>\n<p><span style=\"font-size: 15pt;\">A hagyom&aacute;nyoknak megfelel\u0151en, febru&aacute;rt&oacute;l az alap&iacute;tv&aacute;nyi szakk&ouml;r&ouml;k befizet&eacute;s&eacute;t a Mesterfog&aacute;s Alap&iacute;tv&aacute;ny veszi &aacute;t. A befizet&eacute;sek tov&aacute;bbra is a megszokott m&oacute;don t&ouml;rt&eacute;nnek.<\/span><\/p>\n<p><strong><span style=\"font-size: 15pt;\">Febru&aacute;rban az al&aacute;bbi id\u0151pontokban tudj&aacute;k gyermekeiket befizetni:<\/span><\/strong><\/p>\n<\/div>\n<ul style=\"position: relative; left: 10%; font-size: 15pt;\">\n<li>febru&aacute;r 7. (kedd) 14:00 &#8211; 18:00 &oacute;ra,<\/li>\n<li><span style=\"font-size: 20px;\">febru&aacute;r<\/span> 8. (szerda) 7:00 &#8211; 10:00 &eacute;s 12:00 &#8211; 14:00 &oacute;ra<\/li>\n<li><span style=\"font-size: 20px;\">febru&aacute;r<\/span> 14. (kedd) 14:00 &#8211; 18:00 &oacute;ra.<\/li>\n<\/ul>\n<p>&nbsp;<\/p>\n<p><span style=\"font-size: 16px;\">Mindenkit szeretettel v&aacute;runk,<br \/>Litkai Ferencn&eacute; &eacute;s Mihellern&eacute; Czifra Olga<br \/><\/span><\/p>\n<div style=\"left: 0; position: relative;\">\n<p style=\"float: left;\"><span style=\"font-size: 12pt;\">Mesterfog&aacute;s Alap&iacute;tv&aacute;ny<\/span><\/p>\n<p style=\"float: right;\"><span style=\"font-size: 12pt;\">Budapest, 2017 janu&aacute;r.<br \/><\/span><\/p>\n<\/div>\n","protected":false},"excerpt":{"rendered":"<p>Tisztelt Sz&uuml;l\u0151k! A hagyom&aacute;nyoknak megfelel\u0151en, febru&aacute;rt&oacute;l az alap&iacute;tv&aacute;nyi szakk&ouml;r&ouml;k befizet&eacute;s&eacute;t a Mesterfog&aacute;s Alap&iacute;tv&aacute;ny veszi &aacute;t. A befizet&eacute;sek tov&aacute;bbra is a megszokott m&oacute;don t&ouml;rt&eacute;nnek. Febru&aacute;rban az al&aacute;bbi id\u0151pontokban tudj&aacute;k gyermekeiket befizetni:&hellip;<\/p>\n","protected":false},"author":1,"featured_media":0,"comment_status":"closed","ping_status":"open","sticky":false,"template":"","format":"standard","meta":{"_jetpack_memberships_contains_paid_content":false,"footnotes":""},"categories":[39],"tags":[],"class_list":["post-110","post","type-post","status-publish","format-standard","hentry","category-2017-hirarchivum"],"jetpack_featured_media_url":"","jetpack_sharing_enabled":true,"_links":{"self":[{"href":"https:\/\/mezosuli.hu\/index.php?rest_route=\/wp\/v2\/posts\/110","targetHints":{"allow":["GET"]}}],"collection":[{"href":"https:\/\/mezosuli.hu\/index.php?rest_route=\/wp\/v2\/posts"}],"about":[{"href":"https:\/\/mezosuli.hu\/index.php?rest_route=\/wp\/v2\/types\/post"}],"author":[{"embeddable":true,"href":"https:\/\/mezosuli.hu\/index.php?rest_route=\/wp\/v2\/users\/1"}],"replies":[{"embeddable":true,"href":"https:\/\/mezosuli.hu\/index.php?rest_route=%2Fwp%2Fv2%2Fcomments&post=110"}],"version-history":[{"count":1,"href":"https:\/\/mezosuli.hu\/index.php?rest_route=\/wp\/v2\/posts\/110\/revisions"}],"predecessor-version":[{"id":2293,"href":"https:\/\/mezosuli.hu\/index.php?rest_route=\/wp\/v2\/posts\/110\/revisions\/2293"}],"wp:attachment":[{"href":"https:\/\/mezosuli.hu\/index.php?rest_route=%2Fwp%2Fv2%2Fmedia&parent=110"}],"wp:term":[{"taxonomy":"category","embeddable":true,"href":"https:\/\/mezosuli.hu\/index.php?rest_route=%2Fwp%2Fv2%2Fcategories&post=110"},{"taxonomy":"post_tag","embeddable":true,"href":"https:\/\/mezosuli.hu\/index.php?rest_route=%2Fwp%2Fv2%2Ftags&post=110"}],"curies":[{"name":"wp","href":"https:\/\/api.w.org\/{rel}","templated":true}]}}