{"id":1168,"date":"2021-02-10T11:59:23","date_gmt":"2021-02-10T10:59:23","guid":{"rendered":"https:\/\/uj.mezosuli.hu\/?p=1168"},"modified":"2026-03-20T12:34:01","modified_gmt":"2026-03-20T11:34:01","slug":"tavaszi-szuneti-ugyelet-3","status":"publish","type":"post","link":"https:\/\/mezosuli.hu\/?p=1168","title":{"rendered":"Tavaszi sz\u00fcneti \u00fcgyelet 2021"},"content":{"rendered":"<div style=\"font-family: 'Raleway', sans-serif; text-align: left;\" align=\"center\">\n<section style=\"font-size: 16px;\">\n<p style=\"font-size: 16px; text-align: justify; font-family: 'Open Sans', sans-serif; font-weight: 500;\"><span style=\"color: #ff6600; font-size: 20pt; font-variant-caps: small-caps; letter-spacing: 1pt;\">Tavaszi sz\u00fcneti \u00fcgyelet!<\/span><\/p>\n<hr \/>\n<p>A K\u00f6z\u00e9p-Pesti Tanker\u00fcleti K\u00f6zpont a 2020\/2021. tan\u00e9v rendj\u00e9r\u0151l sz\u00f3l\u00f3 27\/2020. (VIII. 11.) EMMI rendelet 6.\u00a7 (3) bekezd\u00e9se alapj\u00e1n, a tavaszi sz\u00fcnetben megszervezend\u0151 \u00fcgyelet ell\u00e1t\u00e1s\u00e1ra a XIV. ker\u00fcletben a <strong>Zugl\u00f3i Haj\u00f3s Alfr\u00e9d Magyar-N\u00e9met K\u00e9t Tan\u00edt\u00e1si Nyelv\u0171 \u00c1ltal\u00e1nos Iskol\u00e1<\/strong>t (1142Budapest, Ungv\u00e1r utca 36.) jel\u00f6lte ki.<\/p>\n<\/section>\n<section style=\"font-size: 16px;\">\u00dcgyeleti napok:<\/section>\n<section style=\"font-size: 16px;\">\u00a0 <strong>2021. \u00e1prilis 1.<\/strong> (cs\u00fct\u00f6rt\u00f6k)<\/section>\n<section style=\"font-size: 16px;\">\u00a0 <strong>2021. \u00e1prilis 6.<\/strong> (kedd)<\/section>\n<section><\/section>\n<section style=\"font-size: 16px;\">Az \u00fcgyelet naponta 07.00 -17.00 \u00f3ra k\u00f6z\u00f6tt tart.<\/p>\n<p style=\"text-align: right;\">\u00a0\u00a0\u00a0\u00a0\u00a0\u00a0\u00a0\u00a0\u00a0\u00a0\u00a0\u00a0 Gomb\u00e1r Erzs\u00e9bet<\/p>\n<p style=\"text-align: right;\">int\u00e9zm\u00e9nyvezet\u0151<\/p>\n<div>\n<p style=\"float: right;\"><span style=\"font-size: 16px; font-family: 'Raleway', sans-serif;\">Budapest, 2021.febru\u00e1r 10.<br \/>\n<\/span><\/p>\n<\/div>\n<\/section>\n<\/div>\n","protected":false},"excerpt":{"rendered":"<p>Tavaszi sz\u00fcneti \u00fcgyelet! A K\u00f6z\u00e9p-Pesti Tanker\u00fcleti K\u00f6zpont a 2020\/2021. tan\u00e9v rendj\u00e9r\u0151l sz\u00f3l\u00f3 27\/2020. (VIII. 11.) EMMI rendelet 6.\u00a7 (3) bekezd\u00e9se alapj\u00e1n, a tavaszi sz\u00fcnetben megszervezend\u0151 \u00fcgyelet ell\u00e1t\u00e1s\u00e1ra a XIV. ker\u00fcletben&hellip;<\/p>\n","protected":false},"author":1,"featured_media":0,"comment_status":"closed","ping_status":"open","sticky":false,"template":"","format":"standard","meta":{"_jetpack_memberships_contains_paid_content":false,"footnotes":""},"categories":[44],"tags":[],"class_list":["post-1168","post","type-post","status-publish","format-standard","hentry","category-2021-hirarchivum"],"jetpack_featured_media_url":"","jetpack_sharing_enabled":true,"_links":{"self":[{"href":"https:\/\/mezosuli.hu\/index.php?rest_route=\/wp\/v2\/posts\/1168","targetHints":{"allow":["GET"]}}],"collection":[{"href":"https:\/\/mezosuli.hu\/index.php?rest_route=\/wp\/v2\/posts"}],"about":[{"href":"https:\/\/mezosuli.hu\/index.php?rest_route=\/wp\/v2\/types\/post"}],"author":[{"embeddable":true,"href":"https:\/\/mezosuli.hu\/index.php?rest_route=\/wp\/v2\/users\/1"}],"replies":[{"embeddable":true,"href":"https:\/\/mezosuli.hu\/index.php?rest_route=%2Fwp%2Fv2%2Fcomments&post=1168"}],"version-history":[{"count":2,"href":"https:\/\/mezosuli.hu\/index.php?rest_route=\/wp\/v2\/posts\/1168\/revisions"}],"predecessor-version":[{"id":3488,"href":"https:\/\/mezosuli.hu\/index.php?rest_route=\/wp\/v2\/posts\/1168\/revisions\/3488"}],"wp:attachment":[{"href":"https:\/\/mezosuli.hu\/index.php?rest_route=%2Fwp%2Fv2%2Fmedia&parent=1168"}],"wp:term":[{"taxonomy":"category","embeddable":true,"href":"https:\/\/mezosuli.hu\/index.php?rest_route=%2Fwp%2Fv2%2Fcategories&post=1168"},{"taxonomy":"post_tag","embeddable":true,"href":"https:\/\/mezosuli.hu\/index.php?rest_route=%2Fwp%2Fv2%2Ftags&post=1168"}],"curies":[{"name":"wp","href":"https:\/\/api.w.org\/{rel}","templated":true}]}}