{"id":1181,"date":"2021-03-05T09:19:50","date_gmt":"2021-03-05T08:19:50","guid":{"rendered":"https:\/\/uj.mezosuli.hu\/?p=1181"},"modified":"2026-03-17T10:52:09","modified_gmt":"2026-03-17T09:52:09","slug":"karanten-2021-etkezes","status":"publish","type":"post","link":"https:\/\/mezosuli.hu\/?p=1181","title":{"rendered":"Karant\u00e9n 2021 &#8211; \u00e9tkez\u00e9s"},"content":{"rendered":"<div style=\"font-family: 'Raleway', sans-serif; text-align: left;\" align=\"center\">\n<section style=\"font-size: 16px;\">\n<p style=\"font-size: 16px; text-align: justify; font-family: 'Open Sans', sans-serif; font-weight: 500;\"><span style=\"color: #ff6600; font-size: 20pt; font-variant-caps: small-caps; letter-spacing: 1pt;\">Tisztelt Sz\u00fcl\u0151k!<\/span><\/p>\n<hr \/>\n<p>A m\u00e1rciusra befizetett \u00e9tkez\u00e9s mindenkinek k\u00f6zpontilag lemond\u00e1sra ker\u00fclt (2021. m\u00e1rcius 8-31-ig).<\/p>\n<p>A m\u00e1rciusi lemond\u00e1s el\u0151re l\u00e1that\u00f3lag a m\u00e1jusi befizet\u00e9si id\u0151szakban ker\u00fcl j\u00f3v\u00e1\u00edr\u00e1sra (jelenlegi inform\u00e1ci\u00f3nk szerint).<\/p>\n<p>Az \u00e1prilisi \u00e1tvett csekkeket fizess\u00e9k be, hogy zavartalanul indulhasson \u00e1prilis 8-\u00e1val -a jelenlegi rendelkez\u00e9s\u00fcnkre \u00e1ll\u00f3 korm\u00e1ny inform\u00e1ci\u00f3 szerint- a jelenl\u00e9ti oktat\u00e1s.<\/p>\n<p>A Multischool-on fizet\u0151k amint megny\u00edlik a fel\u00fclet, megrendelhetik az \u00e9tkez\u00e9st \u00e1prilisra (folyamatosan figyelj\u00e9k a Multischool m\u0171k\u00f6d\u00e9s\u00e9t).<\/p>\n<p>&nbsp;Amennyiben m\u00e9gsem indul a jelenl\u00e9ti oktat\u00e1s, ism\u00e9telten k\u00f6zpontilag lemondjuk.<\/p>\n<p>B\u00e1rmilyen k\u00e9rd\u00e9s\u00fck felmer\u00fcl, azt az <a href=\"mailto:etkezes@mezosuli.hu\">etkezes@mezosuli.hu<\/a> e-mail c\u00edmre juttass\u00e1k el.<\/p>\n<p>\u00dcdv\u00f6zlettel: &nbsp;&nbsp;&nbsp;&nbsp;&nbsp;&nbsp;&nbsp;&nbsp;&nbsp;&nbsp;&nbsp;&nbsp;&nbsp;&nbsp; <\/p>\n<p style=\"text-align: right;\">Tak\u00e1csn\u00e9 Domj\u00e1n Adrienn<\/p>\n<p style=\"text-align: right;\">&nbsp;&nbsp;&nbsp;&nbsp;&nbsp;&nbsp;&nbsp;&nbsp;&nbsp;&nbsp;&nbsp;&nbsp;&nbsp;&nbsp;&nbsp;&nbsp;&nbsp;&nbsp;&nbsp;&nbsp;&nbsp;&nbsp;&nbsp;&nbsp;&nbsp;&nbsp;&nbsp;&nbsp;&nbsp;&nbsp;&nbsp;&nbsp;&nbsp;&nbsp;&nbsp;&nbsp;&nbsp;&nbsp;&nbsp;&nbsp;&nbsp;&nbsp;&nbsp;&nbsp;&nbsp;&nbsp;&nbsp;&nbsp;&nbsp;&nbsp;&nbsp;&nbsp;&nbsp;&nbsp;&nbsp;&nbsp;&nbsp;&nbsp;&nbsp;&nbsp;&nbsp;&nbsp;&nbsp;&nbsp;&nbsp;&nbsp;&nbsp;&nbsp;&nbsp;&nbsp;&nbsp;&nbsp;&nbsp;&nbsp;&nbsp;&nbsp;&nbsp;&nbsp;&nbsp;&nbsp;&nbsp;&nbsp;&nbsp;&nbsp;&nbsp;&nbsp;&nbsp;&nbsp;&nbsp;&nbsp;&nbsp;&nbsp;&nbsp; \u00e9lelmez\u00e9s\u00fcgyi \u00fcgyint\u00e9z\u0151<\/p>\n<div>\n<p style=\"float: right;\"><span style=\"font-size: 16px; font-family: 'Raleway', sans-serif;\"><span>Budapest, 2021.m\u00e1rcius 05.<\/span><br \/><\/span><\/p>\n<\/div>\n<\/section>\n<\/div>\n","protected":false},"excerpt":{"rendered":"<p>Tisztelt Sz\u00fcl\u0151k! A m\u00e1rciusra befizetett \u00e9tkez\u00e9s mindenkinek k\u00f6zpontilag lemond\u00e1sra ker\u00fclt (2021. m\u00e1rcius 8-31-ig). A m\u00e1rciusi lemond\u00e1s el\u0151re l\u00e1that\u00f3lag a m\u00e1jusi befizet\u00e9si id\u0151szakban ker\u00fcl j\u00f3v\u00e1\u00edr\u00e1sra (jelenlegi inform\u00e1ci\u00f3nk szerint). Az \u00e1prilisi \u00e1tvett&hellip;<\/p>\n","protected":false},"author":1,"featured_media":0,"comment_status":"closed","ping_status":"open","sticky":false,"template":"","format":"standard","meta":{"_jetpack_memberships_contains_paid_content":false,"footnotes":""},"categories":[44],"tags":[],"class_list":["post-1181","post","type-post","status-publish","format-standard","hentry","category-2021-hirarchivum"],"jetpack_featured_media_url":"","jetpack_sharing_enabled":true,"_links":{"self":[{"href":"https:\/\/mezosuli.hu\/index.php?rest_route=\/wp\/v2\/posts\/1181","targetHints":{"allow":["GET"]}}],"collection":[{"href":"https:\/\/mezosuli.hu\/index.php?rest_route=\/wp\/v2\/posts"}],"about":[{"href":"https:\/\/mezosuli.hu\/index.php?rest_route=\/wp\/v2\/types\/post"}],"author":[{"embeddable":true,"href":"https:\/\/mezosuli.hu\/index.php?rest_route=\/wp\/v2\/users\/1"}],"replies":[{"embeddable":true,"href":"https:\/\/mezosuli.hu\/index.php?rest_route=%2Fwp%2Fv2%2Fcomments&post=1181"}],"version-history":[{"count":1,"href":"https:\/\/mezosuli.hu\/index.php?rest_route=\/wp\/v2\/posts\/1181\/revisions"}],"predecessor-version":[{"id":2653,"href":"https:\/\/mezosuli.hu\/index.php?rest_route=\/wp\/v2\/posts\/1181\/revisions\/2653"}],"wp:attachment":[{"href":"https:\/\/mezosuli.hu\/index.php?rest_route=%2Fwp%2Fv2%2Fmedia&parent=1181"}],"wp:term":[{"taxonomy":"category","embeddable":true,"href":"https:\/\/mezosuli.hu\/index.php?rest_route=%2Fwp%2Fv2%2Fcategories&post=1181"},{"taxonomy":"post_tag","embeddable":true,"href":"https:\/\/mezosuli.hu\/index.php?rest_route=%2Fwp%2Fv2%2Ftags&post=1181"}],"curies":[{"name":"wp","href":"https:\/\/api.w.org\/{rel}","templated":true}]}}