{"id":1186,"date":"2021-03-07T08:00:35","date_gmt":"2021-03-07T07:00:35","guid":{"rendered":"https:\/\/uj.mezosuli.hu\/?p=1186"},"modified":"2026-03-20T16:10:14","modified_gmt":"2026-03-20T15:10:14","slug":"koronavirus-2022","status":"publish","type":"post","link":"https:\/\/mezosuli.hu\/?p=1186","title":{"rendered":"Koronav\u00edrus 2021 \u00fcgyelet"},"content":{"rendered":"<div style=\"font-family: 'Raleway', sans-serif; text-align: right;\" align=\"center\">\n<section style=\"font-size: 16px;\">\n<p style=\"font-size: 16px; text-align: justify; font-family: 'Open Sans', sans-serif; font-weight: 500;\"><span style=\"color: #ff0000; font-size: 20pt; font-variant-caps: small-caps; letter-spacing: 1pt;\">T\u00e1j\u00e9koztat\u00e1s az \u00fcgyelet ell\u00e1t\u00e1s\u00e1nak v\u00e1ltoz\u00e1s\u00e1r\u00f3l<\/span><\/p>\n<hr \/>\n<div class=\"_2zOpJb7ZbCN0X1DoeFyiYw JWNdg1hee9_Rz6bIGvG1c allowTextSelection\">\n<div>\n<div class=\"rps_c4e9\">\n<div dir=\"ltr\" style=\"text-align: left;\">\n<p>Tisztelt Sz\u00fcl\u0151k!<\/p>\n<p>A Magyar K\u00f6zl\u00f6nyben megjelent <a href=\"https:\/\/uj.mezosuli.hu\/wp-content\/uploads\/2021\/03\/111_2021_KormRend.pdf\" target=\"_blank\" rel=\"noopener\">111\/2021. (III. 6.) korm\u00e1nyrendelet<\/a> visszavonta a p\u00e9nteken megjelent 17\/2021.(III.5.) EMMI hat\u00e1rozat 6. pontj\u00e1t, vagyis m\u00e9gis lesz lehet\u0151s\u00e9ge a sz\u00fcl\u0151knek \u00fcgyeletet k\u00e9rni az iskol\u00e1ban.\u00a0\u00a0<strong>A gyermekfel\u00fcgyeletet csak k\u00fcl\u00f6nleges munkav\u00e9gz\u00e9s, j\u00e1rv\u00e1ny elleni v\u00e9dekez\u00e9sben val\u00f3 r\u00e9szv\u00e9tel miatt k\u00e9rj\u00e9k!\u00a0<\/strong><\/p>\n<p>K\u00e9rem a lehet\u0151s\u00e9ggel \u00e9lni akar\u00f3 sz\u00fcl\u0151ket, hogy az e-\u00dcgyint\u00e9z\u00e9s, \u00dczenetek men\u00fcben nekem k\u00fcld\u00f6tt emailben \u00edrj\u00e1k meg a tanul\u00f3 nev\u00e9t, oszt\u00e1ly\u00e1t, valamint az id\u0151intervallumot, hogy mett\u0151l-meddig k\u00e9rik napi szinten az \u00fcgyeletet \u00e9s a nev\u00e9t annak, aki haza viheti a gyermeket.<\/p>\n<p>A\u00a0<a href=\"mailto:gombar.e65@gmail.com\">gombar.e65@gmail.com<\/a>\u00a0email c\u00edmen is k\u00fcldhetik \u00fcgyeleti k\u00e9relm\u00fcket.\u00a0\u00a0Megk\u00f6sz\u00f6nn\u00e9m, ha ezt vas\u00e1rnap (03.07.) 16 \u00f3r\u00e1ig eljuttatn\u00e1k hozz\u00e1m, hogy l\u00e9tsz\u00e1mt\u00f3l f\u00fcgg\u0151en tudjak pedag\u00f3gust rendelni vas\u00e1rnap este a feladat ell\u00e1t\u00e1s\u00e1hoz.<\/p>\n<p>Az \u00e9tkez\u00e9st ugyan k\u00f6zpontilag lemondtuk, de biztos megoldjuk h\u00e9tf\u0151n. Azok, akik szoci\u00e1lis r\u00e1szorults\u00e1gi alapon szeretn\u00e9k a digit\u00e1lis munkarend alatt az \u00e9tkez\u00e9st ig\u00e9nybe venni szint\u00e9n jelezz\u00e9k, mert megrendelj\u00fck \u00e9s elvitellel \u00e1tadjuk az ig\u00e9nyelt \u00e9telt.<\/p>\n<p>&nbsp;<\/p>\n<div>\n<p style=\"text-align: left;\">Budapest, 2021.03.07.<\/p>\n<p style=\"text-align: right;\">Gomb\u00e1r Erzs\u00e9bet<\/p>\n<p style=\"text-align: right;\">int\u00e9zm\u00e9nyvezet\u0151<\/p>\n<\/div>\n<\/div>\n<\/div>\n<\/div>\n<\/div>\n<\/section>\n<\/div>\n","protected":false},"excerpt":{"rendered":"<p>T\u00e1j\u00e9koztat\u00e1s az \u00fcgyelet ell\u00e1t\u00e1s\u00e1nak v\u00e1ltoz\u00e1s\u00e1r\u00f3l Tisztelt Sz\u00fcl\u0151k! A Magyar K\u00f6zl\u00f6nyben megjelent 111\/2021. (III. 6.) korm\u00e1nyrendelet visszavonta a p\u00e9nteken megjelent 17\/2021.(III.5.) EMMI hat\u00e1rozat 6. pontj\u00e1t, vagyis m\u00e9gis lesz lehet\u0151s\u00e9ge a sz\u00fcl\u0151knek&hellip;<\/p>\n","protected":false},"author":1,"featured_media":0,"comment_status":"closed","ping_status":"open","sticky":false,"template":"","format":"standard","meta":{"_jetpack_memberships_contains_paid_content":false,"footnotes":""},"categories":[44],"tags":[],"class_list":["post-1186","post","type-post","status-publish","format-standard","hentry","category-2021-hirarchivum"],"jetpack_featured_media_url":"","jetpack_sharing_enabled":true,"_links":{"self":[{"href":"https:\/\/mezosuli.hu\/index.php?rest_route=\/wp\/v2\/posts\/1186","targetHints":{"allow":["GET"]}}],"collection":[{"href":"https:\/\/mezosuli.hu\/index.php?rest_route=\/wp\/v2\/posts"}],"about":[{"href":"https:\/\/mezosuli.hu\/index.php?rest_route=\/wp\/v2\/types\/post"}],"author":[{"embeddable":true,"href":"https:\/\/mezosuli.hu\/index.php?rest_route=\/wp\/v2\/users\/1"}],"replies":[{"embeddable":true,"href":"https:\/\/mezosuli.hu\/index.php?rest_route=%2Fwp%2Fv2%2Fcomments&post=1186"}],"version-history":[{"count":2,"href":"https:\/\/mezosuli.hu\/index.php?rest_route=\/wp\/v2\/posts\/1186\/revisions"}],"predecessor-version":[{"id":3666,"href":"https:\/\/mezosuli.hu\/index.php?rest_route=\/wp\/v2\/posts\/1186\/revisions\/3666"}],"wp:attachment":[{"href":"https:\/\/mezosuli.hu\/index.php?rest_route=%2Fwp%2Fv2%2Fmedia&parent=1186"}],"wp:term":[{"taxonomy":"category","embeddable":true,"href":"https:\/\/mezosuli.hu\/index.php?rest_route=%2Fwp%2Fv2%2Fcategories&post=1186"},{"taxonomy":"post_tag","embeddable":true,"href":"https:\/\/mezosuli.hu\/index.php?rest_route=%2Fwp%2Fv2%2Ftags&post=1186"}],"curies":[{"name":"wp","href":"https:\/\/api.w.org\/{rel}","templated":true}]}}