{"id":1197,"date":"2021-03-25T12:16:11","date_gmt":"2021-03-25T11:16:11","guid":{"rendered":"https:\/\/uj.mezosuli.hu\/?p=1197"},"modified":"2026-03-17T10:52:09","modified_gmt":"2026-03-17T09:52:09","slug":"bucsu","status":"publish","type":"post","link":"https:\/\/mezosuli.hu\/?p=1197","title":{"rendered":"Bucsu"},"content":{"rendered":"<div class=\"txF_raleway tx16t\" style=\"margin-bottom: 20px; text-align: left;\">\n<p style=\"text-align: justify;\"><span style=\"font-size: 18pt; font-family: andale mono, times;\"><strong>A Dr. Mez\u0151 Ferenc \u00c1ltal\u00e1nos Iskola jelenlegi \u00e9s volt alkalmazotti k\u00f6z\u00f6ss\u00e9ge b\u00facs\u00fazik <em><span style=\"color: #3366ff; font-size: 24pt;\">Moln\u00e1rn\u00e9 B\u00e1nky N\u00f3r\u00e1<span style=\"color: #000000; font-size: 18pt;\">t\u00f3l<\/span><\/span>,<\/em> aki iskol\u00e1nk tan\u00edt\u00f3ja volt 1981-1994 k\u00f6z\u00f6tt.<\/strong><\/span><\/p>\n<p>&nbsp;<\/p>\n<p><span style=\"font-size: 18pt; font-family: andale mono, times;\"><strong><img loading=\"lazy\" decoding=\"async\" class=\" alignright size-full wp-image-1194\" style=\"border: 20px solid #ffffff; float: right;\" src=\"https:\/\/uj.mezosuli.hu\/wp-content\/uploads\/2021\/03\/bn1.jpg\" alt=\"bn1\" width=\"312\" height=\"434\" srcset=\"https:\/\/mezosuli.hu\/wp-content\/uploads\/2021\/03\/bn1.jpg 318w, https:\/\/mezosuli.hu\/wp-content\/uploads\/2021\/03\/bn1-216x300.jpg 216w\" sizes=\"auto, (max-width: 312px) 100vw, 312px\" \/><\/strong><\/span><\/p>\n<p><strong><span style=\"font-size: 14pt;\">Rem\u00e9nyik S\u00e1ndor: V\u00edzv\u00e1laszt\u00f3&nbsp;<\/span><\/strong><\/p>\n<p><span style=\"font-size: 12pt;\">Ha kegyelmesen \u00fagy tetszik Neked<\/span><br \/><span style=\"font-size: 12pt;\"> Sorsom, vagy Istenem,<\/span><br \/><span style=\"font-size: 12pt;\"> Hogy e mostani megpr\u00f3b\u00e1ltat\u00e1som<\/span><br \/><span style=\"font-size: 12pt;\"> V\u00edzv\u00e1laszt\u00f3 legyen,<\/span><br \/><span style=\"font-size: 12pt;\"> Amelynek kop\u00e1r hegytaraj\u00e1n t\u00fal<\/span><br \/><span style=\"font-size: 12pt;\"> Ezt\u00e1ni \u00e9letem<\/span><br \/><span style=\"font-size: 12pt;\"> \u00daj forr\u00e1sa ered:<\/span><br \/><span style=\"font-size: 12pt;\"> Legyen, k\u00e9rlek, e forr\u00e1s<\/span><br \/><span style=\"font-size: 12pt;\"> M\u00e9lyebbr\u0151l fakad\u00f3,<\/span><br \/><span style=\"font-size: 12pt;\"> Nem mag\u00e1nak-val\u00f3<\/span><br \/><span style=\"font-size: 12pt;\"> Tisztultabb szeretet.<\/span><br \/><span style=\"font-size: 12pt;\"> Legyen e tiszta nedv<\/span><br \/><span style=\"font-size: 12pt;\"> Felbuzg\u00f3 munkakedv,<\/span><br \/><span style=\"font-size: 12pt;\"> \u00d6nzetlenebb er\u0151,<\/span><br \/><span style=\"font-size: 12pt;\"> Malmot hajt\u00f3 patak,<\/span><br \/><span style=\"font-size: 12pt;\"> Szolg\u00e1l\u00f3 akarat,<\/span><br \/><span style=\"font-size: 12pt;\"> Szikl\u00e1b\u00f3l felt\u00f6r\u0151.<\/span><\/p>\n<p style=\"text-align: right;\"><span style=\"font-size: 12pt;\"><\/span><\/p>\n<p style=\"text-align: right;\"><span style=\"font-size: 12pt;\">&nbsp;Ha kegyelmesen \u00fagy tetszik Neked <\/span><br \/><span style=\"font-size: 12pt;\"> Sorsom, vagy Istenem,<\/span><br \/><span style=\"font-size: 12pt;\"><img loading=\"lazy\" decoding=\"async\" class=\" alignleft size-full wp-image-1195\" style=\"border: 20px solid #ffffff; float: left;\" src=\"https:\/\/uj.mezosuli.hu\/wp-content\/uploads\/2021\/03\/bn2.jpg\" alt=\"bn2\" width=\"566\" height=\"424\" srcset=\"https:\/\/mezosuli.hu\/wp-content\/uploads\/2021\/03\/bn2.jpg 724w, https:\/\/mezosuli.hu\/wp-content\/uploads\/2021\/03\/bn2-300x225.jpg 300w\" sizes=\"auto, (max-width: 566px) 100vw, 566px\" \/><\/span><span style=\"font-size: 12pt;\">Hogy e mostani megpr\u00f3b\u00e1ltat\u00e1s<\/span><br \/><span style=\"font-size: 12pt;\"> V\u00edzv\u00e1laszt\u00f3m legyen,<\/span><br \/><span style=\"font-size: 12pt;\">Amelyen t\u00faljutva<\/span><br \/><span style=\"font-size: 12pt;\">Eg\u00e9szen m\u00e1s a t\u00e1j -:&nbsp;<\/span><\/p>\n<p style=\"text-align: right;\"><span style=\"font-size: 12pt;\">Hadd mosolyogjak \u00e9n<\/span><br \/><span style=\"font-size: 12pt;\"> Azon is, ami f\u00e1j<\/span><br \/><span style=\"font-size: 12pt;\"> Azon is, ami e<\/span><br \/><span style=\"font-size: 12pt;\"> Vil\u00e1gban vaks\u00f6t\u00e9t,<\/span><br \/><span style=\"font-size: 12pt;\"> F\u00e1klyaviv\u0151 legyek,<\/span><br \/><span style=\"font-size: 12pt;\"> M\u00edg tart e furcsa l\u00e9t.<\/span><br \/><span style=\"font-size: 12pt;\"> Legyek \u00f6sszeszedett,<\/span><br \/><span style=\"font-size: 12pt;\"> Szel\u00edden is kem\u00e9ny,<\/span><br \/><span style=\"font-size: 12pt;\"> S hogy ne \u00edt\u00e9ltessem,<\/span><br \/><span style=\"font-size: 12pt;\"> M\u00e9gse \u00edt\u00e9ljek \u00e9n,<\/span><br \/><span style=\"font-size: 12pt;\"> Nevessek a vil\u00e1g<\/span><br \/><span style=\"font-size: 12pt;\"> J\u00e1t\u00e9kai felett,<\/span><\/p>\n<p><span style=\"font-size: 12pt;\"> De ez a nevet\u00e9s<img loading=\"lazy\" decoding=\"async\" class=\" alignright size-full wp-image-1196\" style=\"float: right;\" src=\"https:\/\/uj.mezosuli.hu\/wp-content\/uploads\/2021\/03\/narcisz.jpg\" alt=\"narcisz\" width=\"439\" height=\"439\" srcset=\"https:\/\/mezosuli.hu\/wp-content\/uploads\/2021\/03\/narcisz.jpg 928w, https:\/\/mezosuli.hu\/wp-content\/uploads\/2021\/03\/narcisz-300x300.jpg 300w, https:\/\/mezosuli.hu\/wp-content\/uploads\/2021\/03\/narcisz-150x150.jpg 150w, https:\/\/mezosuli.hu\/wp-content\/uploads\/2021\/03\/narcisz-768x768.jpg 768w, https:\/\/mezosuli.hu\/wp-content\/uploads\/2021\/03\/narcisz-500x500.jpg 500w\" sizes=\"auto, (max-width: 439px) 100vw, 439px\" \/><\/span><br \/><span style=\"font-size: 12pt;\"> Legyen egy \u00f6lel\u00e9s,<\/span><br \/><span style=\"font-size: 12pt;\"> Amellyel mindenkit<\/span><br \/><span style=\"font-size: 12pt;\"> Magamhoz \u00f6lelek.&nbsp;<\/span><\/p>\n<p><span style=\"font-size: 12pt;\">Elm\u00falik a vil\u00e1g<\/span><br \/><span style=\"font-size: 12pt;\"> \u00c9s j\u00e1t\u00e9kai is,<\/span><br \/><span style=\"font-size: 12pt;\"> M\u00e9g k\u00edv\u00e1ns\u00e1ga is,<\/span><br \/><span style=\"font-size: 12pt;\"> Sz\u00e9l sz\u00f3rja sz\u00e9t a sz\u00ednes szavakat,<\/span><br \/><span style=\"font-size: 12pt;\"> De sorsom l\u00e9nyeg\u00e9nek,<\/span><br \/><span style=\"font-size: 12pt;\"> De lelkem Isten\u00e9nek<\/span><br \/><span style=\"font-size: 12pt;\"> Besz\u00e9de megmarad.<\/span><\/p>\n<p><span style=\"font-size: 12pt;\"><span style=\"font-size: 12pt;\"><a href=\"https:\/\/uj.mezosuli.hu\/wp-content\/uploads\/2020\/04\/FELHIVAS_A3_2020-2021.pdf\" target=\"_blank\"><span style=\"color: #0000ff;\"><\/span><\/a><\/span><\/span><\/p>\n<p style=\"text-align: right;\"><span style=\"font-size: 10pt;\">&nbsp;&nbsp;&nbsp;&nbsp;&nbsp;&nbsp;&nbsp;&nbsp;&nbsp;&nbsp;&nbsp;&nbsp;&nbsp;&nbsp;&nbsp;&nbsp;&nbsp;&nbsp;&nbsp;&nbsp;&nbsp;&nbsp;&nbsp;&nbsp;&nbsp;&nbsp;&nbsp;&nbsp;&nbsp;&nbsp;&nbsp;&nbsp;&nbsp;&nbsp;&nbsp;&nbsp;&nbsp;&nbsp;&nbsp;<span style=\"font-size: 12pt;\">&nbsp;&nbsp;&nbsp;&nbsp;&nbsp;&nbsp;&nbsp;&nbsp;&nbsp;&nbsp;&nbsp;&nbsp;&nbsp;&nbsp;&nbsp;&nbsp;&nbsp;&nbsp;&nbsp;&nbsp;&nbsp;&nbsp;&nbsp;&nbsp;&nbsp;&nbsp;&nbsp;&nbsp;&nbsp; <br \/><\/span><\/span><\/p>\n<\/div>\n","protected":false},"excerpt":{"rendered":"<p>A Dr. Mez\u0151 Ferenc \u00c1ltal\u00e1nos Iskola jelenlegi \u00e9s volt alkalmazotti k\u00f6z\u00f6ss\u00e9ge b\u00facs\u00fazik Moln\u00e1rn\u00e9 B\u00e1nky N\u00f3r\u00e1t\u00f3l, aki iskol\u00e1nk tan\u00edt\u00f3ja volt 1981-1994 k\u00f6z\u00f6tt. &nbsp; Rem\u00e9nyik S\u00e1ndor: V\u00edzv\u00e1laszt\u00f3&nbsp; Ha kegyelmesen \u00fagy tetszik Neked&hellip;<\/p>\n","protected":false},"author":1,"featured_media":1194,"comment_status":"closed","ping_status":"open","sticky":false,"template":"","format":"standard","meta":{"_jetpack_memberships_contains_paid_content":false,"footnotes":""},"categories":[44],"tags":[],"class_list":["post-1197","post","type-post","status-publish","format-standard","has-post-thumbnail","hentry","category-2021-hirarchivum"],"jetpack_featured_media_url":"https:\/\/mezosuli.hu\/wp-content\/uploads\/2021\/03\/bn1.jpg","jetpack_sharing_enabled":true,"_links":{"self":[{"href":"https:\/\/mezosuli.hu\/index.php?rest_route=\/wp\/v2\/posts\/1197","targetHints":{"allow":["GET"]}}],"collection":[{"href":"https:\/\/mezosuli.hu\/index.php?rest_route=\/wp\/v2\/posts"}],"about":[{"href":"https:\/\/mezosuli.hu\/index.php?rest_route=\/wp\/v2\/types\/post"}],"author":[{"embeddable":true,"href":"https:\/\/mezosuli.hu\/index.php?rest_route=\/wp\/v2\/users\/1"}],"replies":[{"embeddable":true,"href":"https:\/\/mezosuli.hu\/index.php?rest_route=%2Fwp%2Fv2%2Fcomments&post=1197"}],"version-history":[{"count":1,"href":"https:\/\/mezosuli.hu\/index.php?rest_route=\/wp\/v2\/posts\/1197\/revisions"}],"predecessor-version":[{"id":2661,"href":"https:\/\/mezosuli.hu\/index.php?rest_route=\/wp\/v2\/posts\/1197\/revisions\/2661"}],"wp:featuredmedia":[{"embeddable":true,"href":"https:\/\/mezosuli.hu\/index.php?rest_route=\/wp\/v2\/media\/1194"}],"wp:attachment":[{"href":"https:\/\/mezosuli.hu\/index.php?rest_route=%2Fwp%2Fv2%2Fmedia&parent=1197"}],"wp:term":[{"taxonomy":"category","embeddable":true,"href":"https:\/\/mezosuli.hu\/index.php?rest_route=%2Fwp%2Fv2%2Fcategories&post=1197"},{"taxonomy":"post_tag","embeddable":true,"href":"https:\/\/mezosuli.hu\/index.php?rest_route=%2Fwp%2Fv2%2Ftags&post=1197"}],"curies":[{"name":"wp","href":"https:\/\/api.w.org\/{rel}","templated":true}]}}