{"id":1200,"date":"2021-04-09T12:42:46","date_gmt":"2021-04-09T10:42:46","guid":{"rendered":"https:\/\/uj.mezosuli.hu\/?p=1200"},"modified":"2026-03-20T12:31:56","modified_gmt":"2026-03-20T11:31:56","slug":"karanten-2021-etkezes-3","status":"publish","type":"post","link":"https:\/\/mezosuli.hu\/?p=1200","title":{"rendered":"Karant\u00e9n 2021 &#8211; \u00e9tkez\u00e9s &#8211; inform\u00e1ci\u00f3k"},"content":{"rendered":"<div style=\"font-family: 'Raleway', sans-serif; text-align: left;\" align=\"center\">\n<section style=\"font-size: 16px;\">\n<p style=\"font-size: 16px; text-align: justify; font-family: 'Open Sans', sans-serif; font-weight: 500;\"><span style=\"color: #ff6600; font-size: 20pt; font-variant-caps: small-caps; letter-spacing: 1pt;\">Tisztelt Sz\u00fcl\u0151k!<\/span><\/p>\n<hr \/>\n<p style=\"text-align: justify;\">A m\u00e1jusi \u00e9tkez\u00e9s a Multischool fel\u00fcleten megrendelhet\u0151, illetve a csekkesek az iskola port\u00e1j\u00e1n h\u00e9tf\u0151 (\u00e1prilis 12.) d\u00e9lut\u00e1nt\u00f3l \u00e1tvehetik a sz\u00e1ml\u00e1t.<\/p>\n<p style=\"text-align: justify;\">Sajn\u00e1latos m\u00f3don (a pand\u00e9mia miatt) sorozatos lemond\u00e1sok t\u00f6rt\u00e9ntek, ugyanakkor, aki a z\u00e1r\u00e1s el\u0151tt rendelte meg az \u00e9tkez\u00e9st, illetve csekkes befizet\u0151, az fizetend\u0151 sz\u00e1ml\u00e1t kapott \u00e1prilisra. Az al\u00e1bbiakban megpr\u00f3b\u00e1ljuk \u00f6sszefoglalni, kinek, mi\u00e9rt kell fizetnie:<\/p>\n<p style=\"text-align: justify;\">M\u00e1rcius 08-\u00e1t\u00f3l k\u00f6zpontilag lemondtuk minden gyermek \u00e9tkez\u00e9s\u00e9t, ez 17 nap. Akinek m\u00e1r el\u0151tte beteg lett a gyermeke, vagy az oszt\u00e1lya karant\u00e9nba ker\u00fclt, az m\u00e9g hozz\u00e1ad\u00f3dik a levonand\u00f3 napokhoz.<\/p>\n<p style=\"text-align: justify;\">Az \u00e1prilis havi megrendel\u00e9sekb\u0151l szint\u00e9n lemondtunk k\u00f6zpontilag 7 napot (\u00e1prilis 08- 18. k\u00f6z\u00f6tt).<\/p>\n<p style=\"text-align: justify;\">A m\u00e1jusi megrendel\u00e9sekn\u00e9l a rendszer figyelembe veszi a lemondott napokat. Egy \u00e1tlagos m\u00e1jusi sz\u00e1ml\u00e1n a fizetend\u0151 napok sz\u00e1ma 20, j\u00f3v\u00e1\u00edrt napok 20 (illetve napi \u00f6sszeg f\u00fcggv\u00e9ny\u00e9ben 21). Mivel negat\u00edv fizetend\u0151 \u00f6sszeg nem szerepelhet a csekken, ez\u00e9rt elk\u00e9pzelhet\u0151, hogy b\u00e1r maradt levonhat\u00f3 nap, m\u00e9gis fizetni kell p\u00e1rsz\u00e1z forintot, mely az egy napi \u00e9tkez\u00e9si d\u00edjn\u00e1l kevesebb. Az esetleg fennmarad\u00f3 napokat a k\u00f6vetkez\u0151 havi sz\u00e1mla tartalmazza majd.<\/p>\n<p style=\"text-align: justify;\">A levont kompenz\u00e1ci\u00f3 term\u00e9szetesen csak abban az esetben \u00e9rv\u00e9nyes, ha a kor\u00e1bban kiadott csekk (m\u00e1rcius \u00e9s \u00e1prilis) befizet\u00e9sre ker\u00fclt! Amennyiben ez nem t\u00f6rt\u00e9nt meg, a rendszer a k\u00e9s\u0151bbiekben felsz\u00f3l\u00edt\u00e1st fog kik\u00fcldeni.<\/p>\n<p><span style=\"color: #ff0000;\">A j\u00e1rv\u00e1nyra val\u00f3 tekintettel<\/span>, a szem\u00e9lyes kontaktus elker\u00fcl\u00e9se c\u00e9lj\u00e1b\u00f3l &#8211; kiv\u00e9telesen &#8211; <span style=\"color: #ff0000;\">k\u00e9r\u00e9s eset\u00e9n emailben elk\u00fcldj\u00fck<\/span> a csekkes sz\u00e1mla pdf-k\u00e9p\u00e9t, amennyiben nem csekken fizetn\u00e9 be azt a post\u00e1n, hanem \u00e1tutaln\u00e1. Ezir\u00e1ny\u00fa ig\u00e9ny\u00e9t k\u00e9rj\u00fck emailben jelezze az <a href=\"mailto:etkezes@mezosuli.hu\">etkezes@mezosuli.hu<\/a> emailc\u00edmen (m\u00e1s c\u00edmre k\u00fcld\u00f6tt k\u00e9r\u00e9st technikai okb\u00f3l nem \u00e1ll m\u00f3dunkban teljes\u00edteni)<\/p>\n<p style=\"float: right;\"><span style=\"font-size: 16px; font-family: 'Raleway', sans-serif;\">Budapest, 2021. \u00e1prilis 09.<br \/>\n<\/span><\/p>\n<\/section>\n<\/div>\n","protected":false},"excerpt":{"rendered":"<p>Tisztelt Sz\u00fcl\u0151k! A m\u00e1jusi \u00e9tkez\u00e9s a Multischool fel\u00fcleten megrendelhet\u0151, illetve a csekkesek az iskola port\u00e1j\u00e1n h\u00e9tf\u0151 (\u00e1prilis 12.) d\u00e9lut\u00e1nt\u00f3l \u00e1tvehetik a sz\u00e1ml\u00e1t. Sajn\u00e1latos m\u00f3don (a pand\u00e9mia miatt) sorozatos lemond\u00e1sok t\u00f6rt\u00e9ntek,&hellip;<\/p>\n","protected":false},"author":1,"featured_media":0,"comment_status":"closed","ping_status":"open","sticky":false,"template":"","format":"standard","meta":{"_jetpack_memberships_contains_paid_content":false,"footnotes":""},"categories":[44],"tags":[],"class_list":["post-1200","post","type-post","status-publish","format-standard","hentry","category-2021-hirarchivum"],"jetpack_featured_media_url":"","jetpack_sharing_enabled":true,"_links":{"self":[{"href":"https:\/\/mezosuli.hu\/index.php?rest_route=\/wp\/v2\/posts\/1200","targetHints":{"allow":["GET"]}}],"collection":[{"href":"https:\/\/mezosuli.hu\/index.php?rest_route=\/wp\/v2\/posts"}],"about":[{"href":"https:\/\/mezosuli.hu\/index.php?rest_route=\/wp\/v2\/types\/post"}],"author":[{"embeddable":true,"href":"https:\/\/mezosuli.hu\/index.php?rest_route=\/wp\/v2\/users\/1"}],"replies":[{"embeddable":true,"href":"https:\/\/mezosuli.hu\/index.php?rest_route=%2Fwp%2Fv2%2Fcomments&post=1200"}],"version-history":[{"count":2,"href":"https:\/\/mezosuli.hu\/index.php?rest_route=\/wp\/v2\/posts\/1200\/revisions"}],"predecessor-version":[{"id":3485,"href":"https:\/\/mezosuli.hu\/index.php?rest_route=\/wp\/v2\/posts\/1200\/revisions\/3485"}],"wp:attachment":[{"href":"https:\/\/mezosuli.hu\/index.php?rest_route=%2Fwp%2Fv2%2Fmedia&parent=1200"}],"wp:term":[{"taxonomy":"category","embeddable":true,"href":"https:\/\/mezosuli.hu\/index.php?rest_route=%2Fwp%2Fv2%2Fcategories&post=1200"},{"taxonomy":"post_tag","embeddable":true,"href":"https:\/\/mezosuli.hu\/index.php?rest_route=%2Fwp%2Fv2%2Ftags&post=1200"}],"curies":[{"name":"wp","href":"https:\/\/api.w.org\/{rel}","templated":true}]}}