{"id":1202,"date":"2021-04-12T15:30:05","date_gmt":"2021-04-12T13:30:05","guid":{"rendered":"https:\/\/uj.mezosuli.hu\/?p=1202"},"modified":"2026-03-17T10:52:08","modified_gmt":"2026-03-17T09:52:08","slug":"beiratkozas-2021-26","status":"publish","type":"post","link":"https:\/\/mezosuli.hu\/?p=1202","title":{"rendered":"Zeneiskola"},"content":{"rendered":"<div class=\"txF_raleway tx16t\" style=\"margin-bottom: 20px; text-align: right;\">\n<p style=\"text-align: left;\"><span style=\"font-size: 18pt; color: #ff6600;\">Zeneiskolai online felv\u00e9teli<\/span><\/p>\n<div>&nbsp;<\/div>\n<div style=\"text-align: left;\"><span style=\"font-size: 14pt;\"><b>Tisztelt Sz\u00fcl\u0151k!<\/b><\/span><\/div>\n<div style=\"text-align: left;\"><span style=\"font-size: 14pt;\"><\/span><\/div>\n<div style=\"text-align: justify;\"><span style=\"font-size: 14pt;\">A h\u00e9ten elindult a <b>Szent Istv\u00e1n Kir\u00e1ly Zenem\u0171v\u00e9szeti Szakgimn\u00e1zium \u00e9s Alapfok\u00fa M\u0171v\u00e9szeti Iskola <\/b>online felv\u00e9teli folyamata, amelyr\u0151l az al\u00e1bbi oldalon tal\u00e1lhat r\u00e9szletes t\u00e1j\u00e9koztat\u00e1st:&nbsp;<a href=\"https:\/\/www.szentistvanzene.hu\/szent-istvan-zeneiskola\/zeneiskolai-felveteli\/\" target=\"_blank\" rel=\"noopener noreferrer\" data-auth=\"NotApplicable\" data-linkindex=\"0\">Zeneiskolai felv\u00e9teli 2021 (szentistvanzene.hu)<\/a><a href=\"https:\/\/www.szentistvanzene.hu\/szent-istvan-zeneiskola\/zeneiskolai-felveteli\/\" target=\"_blank\" rel=\"noopener noreferrer\" data-auth=\"NotApplicable\" data-linkindex=\"1\"><\/a><\/span><\/div>\n<div style=\"text-align: left;\"><span style=\"font-size: 14pt;\"><\/span><\/div>\n<div><span style=\"font-size: 14pt;\">Budapest, 2021.04.13.<\/span><\/div>\n<\/div>\n","protected":false},"excerpt":{"rendered":"<p>Zeneiskolai online felv\u00e9teli &nbsp; Tisztelt Sz\u00fcl\u0151k! A h\u00e9ten elindult a Szent Istv\u00e1n Kir\u00e1ly Zenem\u0171v\u00e9szeti Szakgimn\u00e1zium \u00e9s Alapfok\u00fa M\u0171v\u00e9szeti Iskola online felv\u00e9teli folyamata, amelyr\u0151l az al\u00e1bbi oldalon tal\u00e1lhat r\u00e9szletes t\u00e1j\u00e9koztat\u00e1st:&nbsp;Zeneiskolai felv\u00e9teli&hellip;<\/p>\n","protected":false},"author":1,"featured_media":0,"comment_status":"closed","ping_status":"open","sticky":false,"template":"","format":"standard","meta":{"_jetpack_memberships_contains_paid_content":false,"footnotes":""},"categories":[44],"tags":[],"class_list":["post-1202","post","type-post","status-publish","format-standard","hentry","category-2021-hirarchivum"],"jetpack_featured_media_url":"","jetpack_sharing_enabled":true,"_links":{"self":[{"href":"https:\/\/mezosuli.hu\/index.php?rest_route=\/wp\/v2\/posts\/1202","targetHints":{"allow":["GET"]}}],"collection":[{"href":"https:\/\/mezosuli.hu\/index.php?rest_route=\/wp\/v2\/posts"}],"about":[{"href":"https:\/\/mezosuli.hu\/index.php?rest_route=\/wp\/v2\/types\/post"}],"author":[{"embeddable":true,"href":"https:\/\/mezosuli.hu\/index.php?rest_route=\/wp\/v2\/users\/1"}],"replies":[{"embeddable":true,"href":"https:\/\/mezosuli.hu\/index.php?rest_route=%2Fwp%2Fv2%2Fcomments&post=1202"}],"version-history":[{"count":1,"href":"https:\/\/mezosuli.hu\/index.php?rest_route=\/wp\/v2\/posts\/1202\/revisions"}],"predecessor-version":[{"id":2665,"href":"https:\/\/mezosuli.hu\/index.php?rest_route=\/wp\/v2\/posts\/1202\/revisions\/2665"}],"wp:attachment":[{"href":"https:\/\/mezosuli.hu\/index.php?rest_route=%2Fwp%2Fv2%2Fmedia&parent=1202"}],"wp:term":[{"taxonomy":"category","embeddable":true,"href":"https:\/\/mezosuli.hu\/index.php?rest_route=%2Fwp%2Fv2%2Fcategories&post=1202"},{"taxonomy":"post_tag","embeddable":true,"href":"https:\/\/mezosuli.hu\/index.php?rest_route=%2Fwp%2Fv2%2Ftags&post=1202"}],"curies":[{"name":"wp","href":"https:\/\/api.w.org\/{rel}","templated":true}]}}