{"id":1215,"date":"2021-06-09T06:31:24","date_gmt":"2021-06-09T04:31:24","guid":{"rendered":"https:\/\/uj.mezosuli.hu\/?p=1215"},"modified":"2026-03-17T10:52:08","modified_gmt":"2026-03-17T09:52:08","slug":"online-kiallitas","status":"publish","type":"post","link":"https:\/\/mezosuli.hu\/?p=1215","title":{"rendered":"Online ki\u00e1ll\u00edt\u00e1s"},"content":{"rendered":"<div style=\"font-family: 'Raleway', sans-serif; text-align: left;\" align=\"center\">\n<section style=\"font-size: 16px;\">\n<p style=\"font-size: 16px; font-family: 'Open Sans', sans-serif; font-weight: 500;\"><span style=\"color: #ff6600; font-size: 20pt; font-variant-caps: small-caps; letter-spacing: 1pt;\">Ami a J\u00e1nos vit\u00e9zb\u0151l kimaradt<\/span><\/p>\n<p><span style=\"font-size: 12pt;\">Online ki\u00e1ll\u00edt\u00e1s az 5.c \u00e9s a Pet\u0151fi Irodalmi M\u00fazeum szervez\u00e9s\u00e9ben<\/span><\/p>\n<hr \/>\n<div style=\"text-align: justify;\">A Dr. Mez\u0151 Ferenc \u00c1ltal\u00e1nos Iskola 5.c oszt\u00e1lya 2021 febru\u00e1rj\u00e1ban p\u00e1ly\u00e1zott a Pet\u0151fi Irodalmi M\u00fazeum J\u00e1nos vit\u00e9z ki\u00edr\u00e1s\u00e1ra, ahol kital\u00e1lt karaktereket kellett l\u00e9trehozni, akiket a szerz\u0151 valami\u00e9rt kihagyott a J\u00e1nos vit\u00e9zb\u0151l. Az oszt\u00e1lyb\u00f3l 4 csapat p\u00e1ly\u00e1zott \u00f6sszesen 8 karakterrel.&nbsp;<\/div>\n<div style=\"text-align: justify;\">M\u00e1rciust\u00f3l m\u00e1jus elej\u00e9ig Kodol\u00e1nyi Judit, m\u00fazeumpedag\u00f3gussal \u00e9s Ottucs\u00e1k Melinda A. oszt\u00e1lyf\u0151n\u00f6kkel, magyartan\u00e1rral egy\u00fcttm\u0171k\u00f6dve a di\u00e1kok a Thinklink fel\u00fcleten rendezt\u00e9k be az online ki\u00e1ll\u00edt\u00e1sukat.<\/div>\n<div>A ki\u00e1ll\u00edt\u00e1s 2 szob\u00e1b\u00f3l \u00e9s egy hirdet\u0151t\u00e1bl\u00e1b\u00f3l \u00e1ll \u00e9s megtekinthet\u0151 az al\u00e1bbi linkeken:&nbsp;<\/div>\n<div>(A felvillan\u00f3 ikonokra kattintva t\u00e1rulnak fel a karakterek jellegzetess\u00e9gei)&nbsp;<\/div>\n<div>\n<ol>\n<li>szoba:&nbsp;<span style=\"color: #3366ff;\"><a id=\"LPlnk794564\" style=\"color: #3366ff;\" href=\"https:\/\/www.thinglink.com\/video\/1451280837839421442\" target=\"_blank\" rel=\"noopener noreferrer\" data-auth=\"NotApplicable\" data-linkindex=\"0\">https:\/\/www.thinglink.com\/video\/1451280837839421442<\/a><\/span><\/li>\n<li>szoba:&nbsp;<span style=\"color: #3366ff;\"><a id=\"LPlnk\" style=\"color: #3366ff;\" href=\"https:\/\/www.thinglink.com\/video\/1451293478607650818\" target=\"_blank\" rel=\"noopener noreferrer\" data-auth=\"NotApplicable\" data-linkindex=\"1\">https:\/\/www.thinglink.com\/video\/1451293478607650818<\/a><\/span><\/li>\n<li>Hirdet\u0151t\u00e1bla:&nbsp;<span style=\"color: #3366ff;\"><a id=\"LPlnk\" style=\"color: #3366ff;\" href=\"https:\/\/www.thinglink.com\/scene\/1448323351717085187\" target=\"_blank\" rel=\"noopener noreferrer\" data-auth=\"NotApplicable\" data-linkindex=\"2\">https:\/\/www.thinglink.com\/scene\/1448323351717085187<\/a><\/span>&nbsp;<\/li>\n<\/ol>\n<div style=\"text-align: justify;\">2021.06.02-\u00e1n a csapatok Gomb\u00e1r Erzs\u00e9bet, int\u00e9zm\u00e9nyvezet\u0151 \u00e9s Kodol\u00e1nyi Judit m\u00fazeumpedag\u00f3gus el\u0151tt megtartott\u00e1k a ki\u00e1ll\u00edt\u00e1s megnyit\u00f3j\u00e1t, melyr\u0151l a vide\u00f3felv\u00e9telt ezen a<span style=\"color: #ff00ff;\"><a style=\"color: #ff00ff;\" href=\"https:\/\/youtu.be\/VACTGot8kvY\" target=\"_blank\" rel=\"noopener\"> linken<\/a><\/span> lehet megtekinteni.<\/div>\n<div>&nbsp;<\/div>\n<div style=\"text-align: justify;\">Az irodalom\u00f3r\u00e1kon, oszt\u00e1lyf\u0151n\u00f6ki \u00f3r\u00e1kon, otthon, csoportos Teams-h\u00edv\u00e1sokban elt\u00f6lt\u00f6tt k\u00f6z\u00f6s kreat\u00edv id\u0151 \u00f6r\u00f6k eml\u00e9k marad az oszt\u00e1ly sz\u00e1m\u00e1ra.&nbsp;<\/div>\n<div>Rem\u00e9lj\u00fck, az iskola di\u00e1kjai, a tan\u00e1rok \u00e9s a sz\u00fcl\u0151k is \u00f6r\u00f6mmel n\u00e9zik meg az online ki\u00e1ll\u00edt\u00e1sunkat.<\/div>\n<div>&nbsp;<\/div>\n<div>5.c oszt\u00e1ly<\/div>\n<\/div>\n<\/section>\n<\/div>\n","protected":false},"excerpt":{"rendered":"<p>Ami a J\u00e1nos vit\u00e9zb\u0151l kimaradt Online ki\u00e1ll\u00edt\u00e1s az 5.c \u00e9s a Pet\u0151fi Irodalmi M\u00fazeum szervez\u00e9s\u00e9ben A Dr. Mez\u0151 Ferenc \u00c1ltal\u00e1nos Iskola 5.c oszt\u00e1lya 2021 febru\u00e1rj\u00e1ban p\u00e1ly\u00e1zott a Pet\u0151fi Irodalmi M\u00fazeum&hellip;<\/p>\n","protected":false},"author":1,"featured_media":0,"comment_status":"closed","ping_status":"open","sticky":false,"template":"","format":"standard","meta":{"_jetpack_memberships_contains_paid_content":false,"footnotes":""},"categories":[44],"tags":[],"class_list":["post-1215","post","type-post","status-publish","format-standard","hentry","category-2021-hirarchivum"],"jetpack_featured_media_url":"","jetpack_sharing_enabled":true,"_links":{"self":[{"href":"https:\/\/mezosuli.hu\/index.php?rest_route=\/wp\/v2\/posts\/1215","targetHints":{"allow":["GET"]}}],"collection":[{"href":"https:\/\/mezosuli.hu\/index.php?rest_route=\/wp\/v2\/posts"}],"about":[{"href":"https:\/\/mezosuli.hu\/index.php?rest_route=\/wp\/v2\/types\/post"}],"author":[{"embeddable":true,"href":"https:\/\/mezosuli.hu\/index.php?rest_route=\/wp\/v2\/users\/1"}],"replies":[{"embeddable":true,"href":"https:\/\/mezosuli.hu\/index.php?rest_route=%2Fwp%2Fv2%2Fcomments&post=1215"}],"version-history":[{"count":1,"href":"https:\/\/mezosuli.hu\/index.php?rest_route=\/wp\/v2\/posts\/1215\/revisions"}],"predecessor-version":[{"id":2671,"href":"https:\/\/mezosuli.hu\/index.php?rest_route=\/wp\/v2\/posts\/1215\/revisions\/2671"}],"wp:attachment":[{"href":"https:\/\/mezosuli.hu\/index.php?rest_route=%2Fwp%2Fv2%2Fmedia&parent=1215"}],"wp:term":[{"taxonomy":"category","embeddable":true,"href":"https:\/\/mezosuli.hu\/index.php?rest_route=%2Fwp%2Fv2%2Fcategories&post=1215"},{"taxonomy":"post_tag","embeddable":true,"href":"https:\/\/mezosuli.hu\/index.php?rest_route=%2Fwp%2Fv2%2Ftags&post=1215"}],"curies":[{"name":"wp","href":"https:\/\/api.w.org\/{rel}","templated":true}]}}