{"id":125,"date":"2017-03-14T17:24:53","date_gmt":"2017-03-14T16:24:53","guid":{"rendered":"https:\/\/uj.mezosuli.hu\/?p=125"},"modified":"2026-03-17T14:26:29","modified_gmt":"2026-03-17T13:26:29","slug":"eemi-verona","status":"publish","type":"post","link":"https:\/\/mezosuli.hu\/?p=125","title":{"rendered":"EEMI &#8211; Verona"},"content":{"rendered":"<hr \/>\n<div>\n<p><span style=\"font-size: 20pt; font-variant: small-caps; letter-spacing: 1px; color: maroon;\">Tisztelt Sz&uuml;l\u0151k!<\/span><\/p>\n<div align=\"justify\"><span style=\"font-size: 16px; text-align: justify;\">A tragikus veronai buszbaleset ut&aacute;n a korm&aacute;ny megvizsg&aacute;lta, hogy sz&uuml;ks&eacute;g van-e a jogszab&aacute;lyok&nbsp;szigor&iacute;t&aacute;s&aacute;ra. A lehets&eacute;ges szigor&iacute;t&aacute;sokkal kapcsolatban a kabinet szeretn&eacute; kik&eacute;rni a magyar&nbsp;&aacute;llampolg&aacute;rok v&eacute;lem&eacute;ny&eacute;t, k&uuml;l&ouml;n&ouml;s tekintettel a gyermeket nevel\u0151 sz&uuml;l\u0151kre. A p&aacute;rbesz&eacute;d el\u0151seg&iacute;t&eacute;s&eacute;re&nbsp;a kabinet internetes konzult&aacute;ci&oacute;t ind&iacute;tott. A m&aacute;rcius 20-ig kit&ouml;lthet\u0151 online k&eacute;rd\u0151&iacute;v el&eacute;rhet\u0151 az al&aacute;bbi&nbsp;oldalon:<\/span><\/div>\n<div align=\"justify\"><span style=\"font-size: 16px; text-align: justify;\"><br \/><a href=\"https:\/\/konzultacio.kormany.hu\/\" target=\"_blank\">https:\/\/konzultacio.kormany.hu\/<\/a><\/span><\/div>\n<div align=\"justify\"><span style=\"font-size: 16px; text-align: justify;\"><br \/>K&eacute;rj&uuml;k, mondj&aacute;k el &Ouml;n&ouml;k is v&eacute;lem&eacute;ny&uuml;ket a lehets&eacute;ges m&oacute;dos&iacute;t&aacute;sokkal &eacute;s szigor&iacute;t&aacute;sokkal kapcsolatban.<br \/>V&eacute;lem&eacute;nynyilv&aacute;n&iacute;t&aacute;sukat el\u0151re is k&ouml;sz&ouml;nj&uuml;k.<\/span><\/div>\n<div>&nbsp;<\/div>\n<div align=\"justify\"><span style=\"font-size: 16px; text-align: justify;\">&Uuml;dv&ouml;zlettel:<br \/>Emberi Er\u0151forr&aacute;sok Miniszt&eacute;riuma<\/span><\/div>\n<\/div>\n<div style=\"left: 0; position: relative;\">\n<p style=\"float: right;\"><span style=\"font-size: 12pt;\">Budapest, 2017 m&aacute;rcius<\/span><\/p>\n<\/div>\n<p class=\"MsoNormal\" style=\"margin-left: 14.2pt; text-align: justify;\">&nbsp;<\/p>\n","protected":false},"excerpt":{"rendered":"<p>Tisztelt Sz&uuml;l\u0151k! A tragikus veronai buszbaleset ut&aacute;n a korm&aacute;ny megvizsg&aacute;lta, hogy sz&uuml;ks&eacute;g van-e a jogszab&aacute;lyok&nbsp;szigor&iacute;t&aacute;s&aacute;ra. A lehets&eacute;ges szigor&iacute;t&aacute;sokkal kapcsolatban a kabinet szeretn&eacute; kik&eacute;rni a magyar&nbsp;&aacute;llampolg&aacute;rok v&eacute;lem&eacute;ny&eacute;t, k&uuml;l&ouml;n&ouml;s tekintettel a gyermeket&hellip;<\/p>\n","protected":false},"author":1,"featured_media":0,"comment_status":"closed","ping_status":"open","sticky":false,"template":"","format":"standard","meta":{"_jetpack_memberships_contains_paid_content":false,"footnotes":""},"categories":[39],"tags":[],"class_list":["post-125","post","type-post","status-publish","format-standard","hentry","category-2017-hirarchivum"],"jetpack_featured_media_url":"","jetpack_sharing_enabled":true,"_links":{"self":[{"href":"https:\/\/mezosuli.hu\/index.php?rest_route=\/wp\/v2\/posts\/125","targetHints":{"allow":["GET"]}}],"collection":[{"href":"https:\/\/mezosuli.hu\/index.php?rest_route=\/wp\/v2\/posts"}],"about":[{"href":"https:\/\/mezosuli.hu\/index.php?rest_route=\/wp\/v2\/types\/post"}],"author":[{"embeddable":true,"href":"https:\/\/mezosuli.hu\/index.php?rest_route=\/wp\/v2\/users\/1"}],"replies":[{"embeddable":true,"href":"https:\/\/mezosuli.hu\/index.php?rest_route=%2Fwp%2Fv2%2Fcomments&post=125"}],"version-history":[{"count":1,"href":"https:\/\/mezosuli.hu\/index.php?rest_route=\/wp\/v2\/posts\/125\/revisions"}],"predecessor-version":[{"id":2303,"href":"https:\/\/mezosuli.hu\/index.php?rest_route=\/wp\/v2\/posts\/125\/revisions\/2303"}],"wp:attachment":[{"href":"https:\/\/mezosuli.hu\/index.php?rest_route=%2Fwp%2Fv2%2Fmedia&parent=125"}],"wp:term":[{"taxonomy":"category","embeddable":true,"href":"https:\/\/mezosuli.hu\/index.php?rest_route=%2Fwp%2Fv2%2Fcategories&post=125"},{"taxonomy":"post_tag","embeddable":true,"href":"https:\/\/mezosuli.hu\/index.php?rest_route=%2Fwp%2Fv2%2Ftags&post=125"}],"curies":[{"name":"wp","href":"https:\/\/api.w.org\/{rel}","templated":true}]}}