{"id":1255,"date":"2021-08-18T13:25:40","date_gmt":"2021-08-18T11:25:40","guid":{"rendered":"https:\/\/uj.mezosuli.hu\/?p=1255"},"modified":"2026-03-17T10:52:08","modified_gmt":"2026-03-17T09:52:08","slug":"tanevnyito-2021","status":"publish","type":"post","link":"https:\/\/mezosuli.hu\/?p=1255","title":{"rendered":"Tan\u00e9vnyit\u00f3 2021"},"content":{"rendered":"<div style=\"font-family: 'Raleway', sans-serif; text-align: left;\" align=\"center\">\n<section style=\"font-size: 16px;\">\n<p style=\"font-size: 16px; font-family: 'Open Sans', sans-serif; font-weight: 500;\"><span style=\"color: #ff6600; font-size: 20pt; font-variant-caps: small-caps; letter-spacing: 1pt;\">Tan\u00e9vnyit\u00f3 t\u00e1j\u00e9koztat\u00f3<\/span><\/p>\n<hr \/>\n<p><span style=\"color: #ff0000;\">Tisztelt Sz\u00fcl\u0151k!<\/span><\/p>\n<p style=\"text-align: justify;\">A 2021-2022-es tan\u00e9vet az els\u0151 tan\u00edt\u00e1si napon (2021. szeptember 01.) nyitjuk meg. Az els\u0151 \u00f3r\u00e1ban a fels\u0151 tagozat \u00fcnnep\u00e9lyes tan\u00e9vnyit\u00f3ja lesz, majd 9:00 \u00f3r\u00e1t\u00f3l az als\u00f3 tagozat\u00e9. K\u00e9rj\u00fck, hogy \u201emez\u0151s egyenruh\u00e1ban\u201d \u00e9rkezzenek a gyerekek. Az els\u0151 \u00e9vfolyamos tanul\u00f3kat, sz\u00fcl\u0151i k\u00eds\u00e9rettel 8:30-8:45 k\u00f6z\u00f6tt v\u00e1rjuk.<\/p>\n<p>A tank\u00f6nyvek kioszt\u00e1s\u00e1ra az els\u0151 tan\u00edt\u00e1si napon ker\u00fcl sor.<\/p>\n<p style=\"text-align: justify;\">Szeptember 1-j\u00e9n 4 oszt\u00e1lyf\u0151n\u00f6ki \u00f3r\u00e1t tartunk minden oszt\u00e1lyban. A tan\u00edt\u00e1s v\u00e9ge 11:55.<\/p>\n<p style=\"text-align: justify;\">Fels\u0151 tagozaton az els\u0151 nap, ig\u00e9ny szerint \u00fcgyeletet tartunk d\u00e9lut\u00e1n, melyet k\u00e9rj\u00fck, el\u0151zetesen jelezzenek e-mailben augusztus 30-ig a <a href=\"mailto:titkar@mazosuli.hu\">titkar@mezosuli.hu<\/a> c\u00edmen (a tanul\u00f3 nev\u00e9nek, oszt\u00e1ly\u00e1nak \u00e9s az \u00fcgyelet id\u0151tartam\u00e1nak megjel\u00f6l\u00e9s\u00e9vel).<\/p>\n<p>Gomb\u00e1r Erzs\u00e9bet &#8211; int\u00e9zm\u00e9nyvezet\u0151<\/p>\n<p style=\"text-align: right;\">Budapest, 2021. 08. 18.<\/p>\n<\/section>\n<\/div>\n","protected":false},"excerpt":{"rendered":"<p>Tan\u00e9vnyit\u00f3 t\u00e1j\u00e9koztat\u00f3 Tisztelt Sz\u00fcl\u0151k! A 2021-2022-es tan\u00e9vet az els\u0151 tan\u00edt\u00e1si napon (2021. szeptember 01.) nyitjuk meg. Az els\u0151 \u00f3r\u00e1ban a fels\u0151 tagozat \u00fcnnep\u00e9lyes tan\u00e9vnyit\u00f3ja lesz, majd 9:00 \u00f3r\u00e1t\u00f3l az als\u00f3&hellip;<\/p>\n","protected":false},"author":1,"featured_media":0,"comment_status":"closed","ping_status":"open","sticky":false,"template":"","format":"standard","meta":{"_jetpack_memberships_contains_paid_content":false,"footnotes":""},"categories":[44],"tags":[],"class_list":["post-1255","post","type-post","status-publish","format-standard","hentry","category-2021-hirarchivum"],"jetpack_featured_media_url":"","jetpack_sharing_enabled":true,"_links":{"self":[{"href":"https:\/\/mezosuli.hu\/index.php?rest_route=\/wp\/v2\/posts\/1255","targetHints":{"allow":["GET"]}}],"collection":[{"href":"https:\/\/mezosuli.hu\/index.php?rest_route=\/wp\/v2\/posts"}],"about":[{"href":"https:\/\/mezosuli.hu\/index.php?rest_route=\/wp\/v2\/types\/post"}],"author":[{"embeddable":true,"href":"https:\/\/mezosuli.hu\/index.php?rest_route=\/wp\/v2\/users\/1"}],"replies":[{"embeddable":true,"href":"https:\/\/mezosuli.hu\/index.php?rest_route=%2Fwp%2Fv2%2Fcomments&post=1255"}],"version-history":[{"count":1,"href":"https:\/\/mezosuli.hu\/index.php?rest_route=\/wp\/v2\/posts\/1255\/revisions"}],"predecessor-version":[{"id":2744,"href":"https:\/\/mezosuli.hu\/index.php?rest_route=\/wp\/v2\/posts\/1255\/revisions\/2744"}],"wp:attachment":[{"href":"https:\/\/mezosuli.hu\/index.php?rest_route=%2Fwp%2Fv2%2Fmedia&parent=1255"}],"wp:term":[{"taxonomy":"category","embeddable":true,"href":"https:\/\/mezosuli.hu\/index.php?rest_route=%2Fwp%2Fv2%2Fcategories&post=1255"},{"taxonomy":"post_tag","embeddable":true,"href":"https:\/\/mezosuli.hu\/index.php?rest_route=%2Fwp%2Fv2%2Ftags&post=1255"}],"curies":[{"name":"wp","href":"https:\/\/api.w.org\/{rel}","templated":true}]}}