{"id":130,"date":"2017-03-23T14:54:43","date_gmt":"2017-03-23T13:54:43","guid":{"rendered":"https:\/\/uj.mezosuli.hu\/?p=130"},"modified":"2026-03-20T10:17:48","modified_gmt":"2026-03-20T09:17:48","slug":"a-fold-oraja-2017","status":"publish","type":"post","link":"https:\/\/mezosuli.hu\/?p=130","title":{"rendered":"A F\u00f6ld \u00d3r\u00e1ja 2017"},"content":{"rendered":"<hr \/>\n<div>\n<p style=\"font-size: 20pt; color: maroon;\">A F\u00f6ld \u00d3r\u00e1ja<\/p>\n<p><img loading=\"lazy\" decoding=\"async\" class=\" size-full wp-image-129\" style=\"display: block; margin-left: auto; margin-right: auto;\" src=\"https:\/\/uj.mezosuli.hu\/wp-content\/uploads\/2017\/03\/a_fold_oraja_600x442.png\" alt=\"a fold oraja 600x442\" width=\"600\" height=\"442\" srcset=\"https:\/\/mezosuli.hu\/wp-content\/uploads\/2017\/03\/a_fold_oraja_600x442.png 600w, https:\/\/mezosuli.hu\/wp-content\/uploads\/2017\/03\/a_fold_oraja_600x442-300x221.png 300w\" sizes=\"auto, (max-width: 600px) 100vw, 600px\" \/><\/p>\n<div align=\"justify\">\n<p><span style=\"font-size: 16px; text-align: justify;\">T\u00edz \u00e9ve minden m\u00e1rcius v\u00e9g\u00e9n vil\u00e1gszerte kialszanak a v\u00e1rosok d\u00edszf\u00e9nyei, sok milli\u00f3 ember kapcsolja le a l\u00e1mp\u00e1kat, kapcsolja ki elektromos berendez\u00e9seit.<\/span><\/p>\n<p>Csatlakozzunk mi is!<\/p>\n<p><strong>2017.03.25-\u00e9n szombaton este 20:30-kor 60 percre<\/strong><\/p>\n<\/div>\n<ul>\n<li><strong><span style=\"font-size: 16px;\">Kapcsoljuk le a l\u00e1mp\u00e1kat!<\/span><\/strong><\/li>\n<li><strong><span style=\"font-size: 16px;\">Kapcsoljunk ki minden elektromos k\u00e9sz\u00fcl\u00e9ket, amiben ezzel nem okozunk k\u00e1rt!<\/span><\/strong><\/li>\n<\/ul>\n<div align=\"justify\"><span style=\"font-size: 16px; text-align: justify;\">Mit jelent a + a log\u00f3ban?<br \/>\nA 60 perc letelte ut\u00e1n, az \u00e9v t\u00f6bbi napj\u00e1n is gondoljunk a k\u00f6rnyezet\u00fcnkre!<\/span><\/div>\n<p>&nbsp;<\/p>\n<div align=\"justify\"><span style=\"font-size: 16px; text-align: justify;\">Id\u00e9n megfogalmazt\u00e1k a F\u00f6ld \u00d3r\u00e1ja Esk\u00fct is.<br \/>\nTegy\u00fcnk F\u00f6ld \u00d3r\u00e1ja esk\u00fct!<br \/>\nOlvass\u00e1k el, \u00e9s ha elfogadj\u00e1k, regisztr\u00e1ljanak a <a href=\"http:\/\/foldoraja.hu\/\" target=\"_blank\" rel=\"noopener noreferrer\">foldoraja.hu<\/a> honlapon!<\/span><\/div>\n<p>&nbsp;<\/p>\n<div align=\"justify\"><span style=\"font-size: 16px; text-align: justify;\"><strong>A WWF Magyarorsz\u00e1g ezen a napon fejl\u00e1mp\u00e1s kir\u00e1ndul\u00e1st szervez Budapesten.<\/strong><br \/>\n<strong>Indul\u00e1s:<\/strong> 19 \u00f3rakor a Normafa S\u00edh\u00e1zt\u00f3l<br \/>\n<strong>C\u00e9l:<\/strong> J\u00e1nos-hegy, Erzs\u00e9bet-kil\u00e1t\u00f3<br \/>\n<strong>20:30:<\/strong> Budapest d\u00edszkivil\u00e1g\u00edt\u00e1s\u00e1nak kikapcsol\u00e1sa 60 percre<br \/>\n<\/span><\/div>\n<div>\n<p>&nbsp;<\/p>\n<\/div>\n<div style=\"left: 0; position: relative;\">\n<p style=\"float: right;\"><span style=\"font-size: 12pt;\">Budapest, 2017 m\u00e1rcius<\/span><\/p>\n<\/div>\n<p class=\"MsoNormal\" style=\"margin-left: 14.2pt; text-align: justify;\">\n<\/div>\n","protected":false},"excerpt":{"rendered":"<p>A F\u00f6ld \u00d3r\u00e1ja T\u00edz \u00e9ve minden m\u00e1rcius v\u00e9g\u00e9n vil\u00e1gszerte kialszanak a v\u00e1rosok d\u00edszf\u00e9nyei, sok milli\u00f3 ember kapcsolja le a l\u00e1mp\u00e1kat, kapcsolja ki elektromos berendez\u00e9seit. Csatlakozzunk mi is! 2017.03.25-\u00e9n szombaton este&hellip;<\/p>\n","protected":false},"author":1,"featured_media":0,"comment_status":"closed","ping_status":"open","sticky":false,"template":"","format":"standard","meta":{"_jetpack_memberships_contains_paid_content":false,"footnotes":""},"categories":[39],"tags":[],"class_list":["post-130","post","type-post","status-publish","format-standard","hentry","category-2017-hirarchivum"],"jetpack_featured_media_url":"","jetpack_sharing_enabled":true,"_links":{"self":[{"href":"https:\/\/mezosuli.hu\/index.php?rest_route=\/wp\/v2\/posts\/130","targetHints":{"allow":["GET"]}}],"collection":[{"href":"https:\/\/mezosuli.hu\/index.php?rest_route=\/wp\/v2\/posts"}],"about":[{"href":"https:\/\/mezosuli.hu\/index.php?rest_route=\/wp\/v2\/types\/post"}],"author":[{"embeddable":true,"href":"https:\/\/mezosuli.hu\/index.php?rest_route=\/wp\/v2\/users\/1"}],"replies":[{"embeddable":true,"href":"https:\/\/mezosuli.hu\/index.php?rest_route=%2Fwp%2Fv2%2Fcomments&post=130"}],"version-history":[{"count":2,"href":"https:\/\/mezosuli.hu\/index.php?rest_route=\/wp\/v2\/posts\/130\/revisions"}],"predecessor-version":[{"id":3393,"href":"https:\/\/mezosuli.hu\/index.php?rest_route=\/wp\/v2\/posts\/130\/revisions\/3393"}],"wp:attachment":[{"href":"https:\/\/mezosuli.hu\/index.php?rest_route=%2Fwp%2Fv2%2Fmedia&parent=130"}],"wp:term":[{"taxonomy":"category","embeddable":true,"href":"https:\/\/mezosuli.hu\/index.php?rest_route=%2Fwp%2Fv2%2Fcategories&post=130"},{"taxonomy":"post_tag","embeddable":true,"href":"https:\/\/mezosuli.hu\/index.php?rest_route=%2Fwp%2Fv2%2Ftags&post=130"}],"curies":[{"name":"wp","href":"https:\/\/api.w.org\/{rel}","templated":true}]}}