{"id":131,"date":"2017-04-04T10:16:38","date_gmt":"2017-04-04T08:16:38","guid":{"rendered":"https:\/\/uj.mezosuli.hu\/?p=131"},"modified":"2026-03-17T14:26:28","modified_gmt":"2026-03-17T13:26:28","slug":"alapitvanyi-szakkorok-befizetese-aprilis","status":"publish","type":"post","link":"https:\/\/mezosuli.hu\/?p=131","title":{"rendered":"Alap\u00edtv\u00e1nyi szakk\u00f6r\u00f6k befizet\u00e9se &#8211; \u00e1prilis"},"content":{"rendered":"<hr \/>\n<div align=\"center\">\n<p><span style=\"font-size: 20pt; font-variant: small-caps; letter-spacing: 1px; color: maroon;\">Fontos Inform&aacute;ci&oacute;!<\/span><\/p>\n<p><span style=\"font-size: 20px; text-align: -webkit-center;\"><strong>A tavaszi sz&uuml;net miatt csak a lenti k&eacute;t napon van lehet\u0151s&eacute;g a szakk&ouml;ri befizet&eacute;sekre.<\/strong><br \/>K&eacute;rj&uuml;k, hogy ezen a k&eacute;t napon fizess&eacute;k be gyermekeiket! Meg&eacute;rt&eacute;s&uuml;ket k&ouml;sz&ouml;nj&uuml;k!<\/span><\/p>\n<p><span style=\"font-size: 15pt;\">Az alap&iacute;tv&aacute;nyi szakk&ouml;r&ouml;kre az al&aacute;bbi id\u0151pontokban tudj&aacute;k gyermekeiket befizetni<\/span><\/p>\n<\/div>\n<ul style=\"position: relative; left: 5%; font-size: 15pt;\">\n<li>&aacute;prilis 11. (kedd) 14:00 &#8211; 18:00 &oacute;ra,<\/li>\n<li>&aacute;prilis 12. (szerda) 7:00 &#8211; 10:00 &oacute;ra &eacute;s 12:00 &#8211; 14:00 &oacute;ra,<\/li>\n<\/ul>\n<p>&nbsp;<\/p>\n<p><span style=\"font-size: 16px;\">Mindenkit szeretettel v&aacute;runk,<br \/>Litkai Ferencn&eacute; &eacute;s Mihellern&eacute; Czifra Olga<br \/><\/span><\/p>\n<div style=\"left: 0; position: relative;\">\n<p style=\"float: right;\"><span style=\"font-size: 12pt;\">Budapest, 2017 &aacute;prilis<br \/><\/span><\/p>\n<\/div>\n","protected":false},"excerpt":{"rendered":"<p>Fontos Inform&aacute;ci&oacute;! A tavaszi sz&uuml;net miatt csak a lenti k&eacute;t napon van lehet\u0151s&eacute;g a szakk&ouml;ri befizet&eacute;sekre.K&eacute;rj&uuml;k, hogy ezen a k&eacute;t napon fizess&eacute;k be gyermekeiket! Meg&eacute;rt&eacute;s&uuml;ket k&ouml;sz&ouml;nj&uuml;k! Az alap&iacute;tv&aacute;nyi szakk&ouml;r&ouml;kre az&hellip;<\/p>\n","protected":false},"author":1,"featured_media":0,"comment_status":"closed","ping_status":"open","sticky":false,"template":"","format":"standard","meta":{"_jetpack_memberships_contains_paid_content":false,"footnotes":""},"categories":[39],"tags":[],"class_list":["post-131","post","type-post","status-publish","format-standard","hentry","category-2017-hirarchivum"],"jetpack_featured_media_url":"","jetpack_sharing_enabled":true,"_links":{"self":[{"href":"https:\/\/mezosuli.hu\/index.php?rest_route=\/wp\/v2\/posts\/131","targetHints":{"allow":["GET"]}}],"collection":[{"href":"https:\/\/mezosuli.hu\/index.php?rest_route=\/wp\/v2\/posts"}],"about":[{"href":"https:\/\/mezosuli.hu\/index.php?rest_route=\/wp\/v2\/types\/post"}],"author":[{"embeddable":true,"href":"https:\/\/mezosuli.hu\/index.php?rest_route=\/wp\/v2\/users\/1"}],"replies":[{"embeddable":true,"href":"https:\/\/mezosuli.hu\/index.php?rest_route=%2Fwp%2Fv2%2Fcomments&post=131"}],"version-history":[{"count":1,"href":"https:\/\/mezosuli.hu\/index.php?rest_route=\/wp\/v2\/posts\/131\/revisions"}],"predecessor-version":[{"id":2306,"href":"https:\/\/mezosuli.hu\/index.php?rest_route=\/wp\/v2\/posts\/131\/revisions\/2306"}],"wp:attachment":[{"href":"https:\/\/mezosuli.hu\/index.php?rest_route=%2Fwp%2Fv2%2Fmedia&parent=131"}],"wp:term":[{"taxonomy":"category","embeddable":true,"href":"https:\/\/mezosuli.hu\/index.php?rest_route=%2Fwp%2Fv2%2Fcategories&post=131"},{"taxonomy":"post_tag","embeddable":true,"href":"https:\/\/mezosuli.hu\/index.php?rest_route=%2Fwp%2Fv2%2Ftags&post=131"}],"curies":[{"name":"wp","href":"https:\/\/api.w.org\/{rel}","templated":true}]}}