{"id":1312,"date":"2021-11-29T09:07:12","date_gmt":"2021-11-29T08:07:12","guid":{"rendered":"https:\/\/uj.mezosuli.hu\/?p=1312"},"modified":"2026-03-17T10:52:07","modified_gmt":"2026-03-17T09:52:07","slug":"versenyeredmeny-2021-22","status":"publish","type":"post","link":"https:\/\/mezosuli.hu\/?p=1312","title":{"rendered":"Versenyeredm\u00e9ny 2021\/22"},"content":{"rendered":"<div style=\"font-family: 'Raleway', sans-serif;\" align=\"center\">\n<section style=\"font-size: 16px;\">\n<p style=\"font-size: 16px; font-family: 'Open Sans', sans-serif; font-weight: 500; text-align: left;\"><span style=\"color: #ff6600; font-size: 20pt; font-variant-caps: small-caps; letter-spacing: 1pt;\">Versenyeredm\u00e9ny!<\/span><\/p>\n<hr \/>\n<div dir=\"auto\" style=\"text-align: left; inset: 10px;\"><span style=\"font-size: 14pt;\"><strong>T\u00f3th Vill\u0151<\/strong> 7.b oszt\u00e1lyos tanul\u00f3nk<\/span> <span style=\"font-size: 14pt;\"><\/span><span style=\"font-size: 14pt;\"><img loading=\"lazy\" decoding=\"async\" class=\" alignleft size-full wp-image-321\" style=\"margin: 0px 20px 30px 5px; vertical-align: top; display: inline-block; float: left;\" src=\"https:\/\/uj.mezosuli.hu\/wp-content\/uploads\/2018\/02\/verseny_eredmeny_3_helyezet.png\" alt=\"Verseny - 3. helyez\u00e9s\" width=\"100\" height=\"100\" \/><\/span><\/p>\n<div class=\"x_kvgmc6g5 x_cxmmr5t8 x_oygrvhab x_hcukyx3x x_c1et5uql x_ii04i59q\"><span dir=\"auto\">III. helyez\u00e9st \u00e9rt el a Liszt Ferenc Eml\u00e9km\u00fazeum 2021-ben megrendezett rajzp\u00e1ly\u00e1zat\u00e1n.<\/span><\/div>\n<div class=\"x_o9v6fnle x_cxmmr5t8 x_oygrvhab x_hcukyx3x x_c1et5uql x_ii04i59q\">\n<div dir=\"auto\">Sz\u00edvb\u0151l gratul\u00e1lunk!<\/div>\n<div><img loading=\"lazy\" decoding=\"async\" class=\" size-full wp-image-1311\" src=\"https:\/\/uj.mezosuli.hu\/wp-content\/uploads\/2021\/11\/TothVillo.jpg\" alt=\"TothVillo\" width=\"960\" height=\"432\" srcset=\"https:\/\/mezosuli.hu\/wp-content\/uploads\/2021\/11\/TothVillo.jpg 960w, https:\/\/mezosuli.hu\/wp-content\/uploads\/2021\/11\/TothVillo-300x135.jpg 300w, https:\/\/mezosuli.hu\/wp-content\/uploads\/2021\/11\/TothVillo-768x346.jpg 768w\" sizes=\"auto, (max-width: 960px) 100vw, 960px\" \/><\/div>\n<div>&nbsp;<\/div>\n<\/div>\n<div class=\"x_o9v6fnle x_cxmmr5t8 x_oygrvhab x_hcukyx3x x_c1et5uql x_ii04i59q\">\n<div dir=\"auto\">Iskol\u00e1nkb\u00f3l t\u00f6bb gyermek is p\u00e1ly\u00e1zott, az \u0151 munk\u00e1juk megtekinthet\u0151 a linkre kattintva:<\/div>\n<p><span dir=\"auto\"><a id=\"LPlnk229022\" class=\"x_oajrlxb2 x_g5ia77u1 x_qu0x051f x_esr5mh6w x_e9989ue4 x_r7d6kgcz x_rq0escxv x_nhd2j8a9 x_nc684nl6 x_p7hjln8o x_kvgmc6g5 x_cxmmr5t8 x_oygrvhab x_hcukyx3x x_jb3vyjys x_rz4wbd8a x_qt6c0cv9 x_a8nywdso x_i1ao9s8h x_esuyzwwr x_f1sip0of x_lzcic4wl x_oo9gr5id x_gpro0wi8 x_lrazzd5p\" tabindex=\"0\" href=\"https:\/\/www.facebook.com\/lisztmuseum\/posts\/4717054978354333?__cft__[0]=AZWDfVG-txbKt9YuSim0M0eIB_6u4FbgzR4z-Vixf5nujrXl-fSclFfeSdfC4d8-nL0J5zArytvViHRn51c2Y6HqwJox77CqfcEuVVzVAS-HegsOSGlotkWV8VynMh2FsB4uLEyOnCmCzn5FwA9-XxP9EIvQ9NN7Vk4fYvAufuX7-A&amp;__tn__=-UK-R\" target=\"_blank\" rel=\"noopener noreferrer\" data-auth=\"NotApplicable\" data-linkindex=\"0\">https:\/\/www.facebook.com\/lisztmuseum\/posts\/4717054978354333<\/a><\/span><\/div>\n<p><span style=\"font-size: 14pt;\"><span style=\"padding-top: 25px;\">. <span style=\"color: #ff6600;\"><\/span><\/span><\/span><em><span style=\"font-size: 14pt;\"><span style=\"padding-top: 25px;\"><\/span><\/span><\/em><\/p>\n<div>\n<p style=\"float: right;\"><span style=\"font-size: 16px; font-family: 'Raleway', sans-serif;\"><span>Budapest, 2021. november 29.<\/span><br \/><\/span><\/p>\n<\/div>\n<\/div>\n<\/section>\n<\/div>\n","protected":false},"excerpt":{"rendered":"<p>Versenyeredm\u00e9ny! T\u00f3th Vill\u0151 7.b oszt\u00e1lyos tanul\u00f3nk III. helyez\u00e9st \u00e9rt el a Liszt Ferenc Eml\u00e9km\u00fazeum 2021-ben megrendezett rajzp\u00e1ly\u00e1zat\u00e1n. Sz\u00edvb\u0151l gratul\u00e1lunk! &nbsp; Iskol\u00e1nkb\u00f3l t\u00f6bb gyermek is p\u00e1ly\u00e1zott, az \u0151 munk\u00e1juk megtekinthet\u0151 a&hellip;<\/p>\n","protected":false},"author":1,"featured_media":321,"comment_status":"closed","ping_status":"open","sticky":false,"template":"","format":"standard","meta":{"_jetpack_memberships_contains_paid_content":false,"footnotes":""},"categories":[44],"tags":[],"class_list":["post-1312","post","type-post","status-publish","format-standard","has-post-thumbnail","hentry","category-2021-hirarchivum"],"jetpack_featured_media_url":"https:\/\/mezosuli.hu\/wp-content\/uploads\/2018\/02\/verseny_eredmeny_3_helyezet.png","jetpack_sharing_enabled":true,"_links":{"self":[{"href":"https:\/\/mezosuli.hu\/index.php?rest_route=\/wp\/v2\/posts\/1312","targetHints":{"allow":["GET"]}}],"collection":[{"href":"https:\/\/mezosuli.hu\/index.php?rest_route=\/wp\/v2\/posts"}],"about":[{"href":"https:\/\/mezosuli.hu\/index.php?rest_route=\/wp\/v2\/types\/post"}],"author":[{"embeddable":true,"href":"https:\/\/mezosuli.hu\/index.php?rest_route=\/wp\/v2\/users\/1"}],"replies":[{"embeddable":true,"href":"https:\/\/mezosuli.hu\/index.php?rest_route=%2Fwp%2Fv2%2Fcomments&post=1312"}],"version-history":[{"count":1,"href":"https:\/\/mezosuli.hu\/index.php?rest_route=\/wp\/v2\/posts\/1312\/revisions"}],"predecessor-version":[{"id":2689,"href":"https:\/\/mezosuli.hu\/index.php?rest_route=\/wp\/v2\/posts\/1312\/revisions\/2689"}],"wp:featuredmedia":[{"embeddable":true,"href":"https:\/\/mezosuli.hu\/index.php?rest_route=\/wp\/v2\/media\/321"}],"wp:attachment":[{"href":"https:\/\/mezosuli.hu\/index.php?rest_route=%2Fwp%2Fv2%2Fmedia&parent=1312"}],"wp:term":[{"taxonomy":"category","embeddable":true,"href":"https:\/\/mezosuli.hu\/index.php?rest_route=%2Fwp%2Fv2%2Fcategories&post=1312"},{"taxonomy":"post_tag","embeddable":true,"href":"https:\/\/mezosuli.hu\/index.php?rest_route=%2Fwp%2Fv2%2Ftags&post=1312"}],"curies":[{"name":"wp","href":"https:\/\/api.w.org\/{rel}","templated":true}]}}