{"id":1337,"date":"2022-02-09T14:42:35","date_gmt":"2022-02-09T13:42:35","guid":{"rendered":"https:\/\/uj.mezosuli.hu\/?p=1337"},"modified":"2026-03-17T10:52:06","modified_gmt":"2026-03-17T09:52:06","slug":"online-forum","status":"publish","type":"post","link":"https:\/\/mezosuli.hu\/?p=1337","title":{"rendered":"Online forum"},"content":{"rendered":"<div class=\"txF_raleway tx16t\" style=\"text-align: left;\">\n<p style=\"font-size: 16px; font-family: 'Open Sans', sans-serif; font-weight: 500; text-align: left;\"><span style=\"color: #ff6600; font-size: 20pt; font-variant-caps: small-caps; letter-spacing: 1pt;\"><strong>&nbsp;<span style=\"color: #ff0000;\">Online Beiratkoz\u00e1si F\u00f3rum<\/span><br \/><\/strong><\/span><\/p>\n<hr \/>\n<ul>\n<li><span style=\"font-size: 12pt;\">&nbsp; A Mez\u0151ben szeretne els\u0151 oszt\u00e1lyos lenni a gyermeke 2022 szeptember\u00e9t\u0151l?<\/span><\/li>\n<li><span style=\"font-size: 12pt;\">&nbsp; Szeretne megismerkedni \u00e9s besz\u00e9lgetni az indul\u00f3 3 els\u0151 oszt\u00e1ly tan\u00edt\u00f3ival?<\/span><\/li>\n<li><span style=\"font-size: 12pt;\">&nbsp; Szeretn\u00e9 megismerni az oszt\u00e1lyok specializ\u00e1ci\u00f3j\u00e1hoz k\u00f6t\u0151d\u0151 szaktan\u00e1rokat?<\/span><\/li>\n<li><span style=\"font-size: 12pt;\">&nbsp; Hogyan k\u00f6nny\u00edthet\u0151 az \u00f3vod\u00e1b\u00f3l az iskol\u00e1ba val\u00f3 \u00e1tmenet?<\/span><\/li>\n<\/ul>\n<p>&nbsp;<span style=\"font-size: 12pt;\">M\u00e9g sok megv\u00e1laszolatlan k\u00e9rd\u00e9se van a beiskol\u00e1z\u00e1ssal kapcsolatban?<\/span><\/p>\n<article>\n<address>&nbsp;<span style=\"font-size: 12pt;\">Ismerkedjenek, inform\u00e1l\u00f3djanak a Dr. Mez\u0151 Ferenc \u00c1ltal\u00e1nos Iskola online &#8222;Beiskol\u00e1z\u00e1si F\u00f3rum\u00e1n&#8221; febru\u00e1r 14-\u00e9n, 17 \u00f3r\u00e1t\u00f3l!<\/span><\/address>\n<address><span style=\"font-size: 12pt;\">Bejelentkez\u00e9s \u00e9s az esem\u00e9nyhez val\u00f3 csatlakoz\u00e1s a t\u00e1j\u00e9koztat\u00f3ban le\u00edrtak szerint t\u00f6rt\u00e9nik.<\/span><\/address>\n<address><span style=\"font-size: 12pt;\">Szeretettel v\u00e1rjuk az \u00e9rdekl\u0151d\u0151 sz\u00fcl\u0151ket \u00e9s GYEREKEKET!<\/span><\/address>\n<address><span style=\"color: #800080; font-size: 12pt;\"><em>Az online f\u00f3rumra val\u00f3 jelentkez\u00e9s m\u00f3dja:<\/em><\/span><\/address>\n<address><span style=\"color: #800080; font-size: 12pt;\"><em>Els\u0151 l\u00e9p\u00e9sben az iskola e-mail c\u00edm\u00e9re \u2013 <a style=\"color: #800080;\" href=\"mailto:elsos.leszek@mezosuli.hu\">elsos.leszek@mezosuli.hu<\/a> \u2013 sz\u00fcks\u00e9ges egy jelentkez\u0151 \u00fczenetet k\u00fcldeni.<\/em><\/span><\/address>\n<address><span style=\"color: #800080; font-size: 12pt;\"><em>Az \u00fczenet t\u00e1rgya \u2013 Beiskol\u00e1z\u00e1s 2022\/2023.<\/em><\/span><\/address>\n<address><span style=\"color: #800080; font-size: 12pt;\"><em>K\u00e9rj\u00fck, az \u00fczenet sz\u00f6veg\u00e9be \u00edrj\u00e1k be a jelentkez\u0151 e-mail c\u00edm\u00e9t, mellyel csatlakozni fog a f\u00f3rumhoz, \u00e9s a leend\u0151 els\u0151s gyermek nev\u00e9t.<\/em><\/span><\/address>\n<address><span style=\"font-size: 12pt;\"><em>&nbsp;<\/em><\/span><\/address>\n<address><span style=\"font-size: 12pt;\">Gomb\u00e1r Erzs\u00e9bet<\/span><\/address>\n<address><span style=\"font-size: 12pt;\">int\u00e9zm\u00e9nyvezet\u0151<\/span><\/address>\n<\/article>\n<p>&nbsp;<\/p>\n<div id=\"pdf\" align=\"center\">\n<object id=\"pdf_content\" data=\"https:\/\/uj.mezosuli.hu\/wp-content\/uploads\/2022\/02\/BEMUTATKOZUNK.pdf\" type=\"application\/pdf\" width=\"820\" height=\"435\"><p>Elavult b\u00f6ng\u00e9sz\u0151!<\/p>\n<p>Ez a b\u00f6ng\u00e9sz\u0151 t\u00fal r\u00e9gi ahhoz, hogy a modern szabv\u00e1nyoknak megfeleljen! K\u00e9rem, hogy naprak\u00e9sz, korszer\u0171 b\u00f6ng\u00e9sz\u0151t haszn\u00e1ljon! (pl. Google Chrome, Mozilla Firefox, stb.)<\/p><\/object>\n<\/div>\n<p><span style=\"font-size: 12pt;\"><br \/><\/span><\/div>\n<div class=\"txF_raleway tx16t\" style=\"text-align: right;\"><span style=\"font-size: 12pt;\">Budapest, 2022. janu\u00e1r 29.<br \/><\/span><\/div>\n","protected":false},"excerpt":{"rendered":"<p>&nbsp;Online Beiratkoz\u00e1si F\u00f3rum &nbsp; A Mez\u0151ben szeretne els\u0151 oszt\u00e1lyos lenni a gyermeke 2022 szeptember\u00e9t\u0151l? &nbsp; Szeretne megismerkedni \u00e9s besz\u00e9lgetni az indul\u00f3 3 els\u0151 oszt\u00e1ly tan\u00edt\u00f3ival? &nbsp; Szeretn\u00e9 megismerni az oszt\u00e1lyok&hellip;<\/p>\n","protected":false},"author":1,"featured_media":0,"comment_status":"closed","ping_status":"open","sticky":false,"template":"","format":"standard","meta":{"_jetpack_memberships_contains_paid_content":false,"footnotes":""},"categories":[45],"tags":[],"class_list":["post-1337","post","type-post","status-publish","format-standard","hentry","category-2022-hirarchivum"],"jetpack_featured_media_url":"","jetpack_sharing_enabled":true,"_links":{"self":[{"href":"https:\/\/mezosuli.hu\/index.php?rest_route=\/wp\/v2\/posts\/1337","targetHints":{"allow":["GET"]}}],"collection":[{"href":"https:\/\/mezosuli.hu\/index.php?rest_route=\/wp\/v2\/posts"}],"about":[{"href":"https:\/\/mezosuli.hu\/index.php?rest_route=\/wp\/v2\/types\/post"}],"author":[{"embeddable":true,"href":"https:\/\/mezosuli.hu\/index.php?rest_route=\/wp\/v2\/users\/1"}],"replies":[{"embeddable":true,"href":"https:\/\/mezosuli.hu\/index.php?rest_route=%2Fwp%2Fv2%2Fcomments&post=1337"}],"version-history":[{"count":1,"href":"https:\/\/mezosuli.hu\/index.php?rest_route=\/wp\/v2\/posts\/1337\/revisions"}],"predecessor-version":[{"id":2698,"href":"https:\/\/mezosuli.hu\/index.php?rest_route=\/wp\/v2\/posts\/1337\/revisions\/2698"}],"wp:attachment":[{"href":"https:\/\/mezosuli.hu\/index.php?rest_route=%2Fwp%2Fv2%2Fmedia&parent=1337"}],"wp:term":[{"taxonomy":"category","embeddable":true,"href":"https:\/\/mezosuli.hu\/index.php?rest_route=%2Fwp%2Fv2%2Fcategories&post=1337"},{"taxonomy":"post_tag","embeddable":true,"href":"https:\/\/mezosuli.hu\/index.php?rest_route=%2Fwp%2Fv2%2Ftags&post=1337"}],"curies":[{"name":"wp","href":"https:\/\/api.w.org\/{rel}","templated":true}]}}