{"id":1367,"date":"2022-03-22T08:22:31","date_gmt":"2022-03-22T07:22:31","guid":{"rendered":"https:\/\/uj.mezosuli.hu\/?p=1367"},"modified":"2026-03-17T10:52:06","modified_gmt":"2026-03-17T09:52:06","slug":"felhivas-beiratkozasra-2022-23","status":"publish","type":"post","link":"https:\/\/mezosuli.hu\/?p=1367","title":{"rendered":"Felhivas beiratkoz\u00e1sra 2022_23"},"content":{"rendered":"<p><img loading=\"lazy\" decoding=\"async\" class=\" size-full wp-image-1365\" style=\"display: block; margin-left: auto; margin-right: auto;\" src=\"https:\/\/uj.mezosuli.hu\/wp-content\/uploads\/2022\/03\/beiratkozas_2223.png\" alt=\"beiratkozas\" width=\"482\" height=\"418\" srcset=\"https:\/\/mezosuli.hu\/wp-content\/uploads\/2022\/03\/beiratkozas_2223.png 482w, https:\/\/mezosuli.hu\/wp-content\/uploads\/2022\/03\/beiratkozas_2223-300x260.png 300w\" sizes=\"auto, (max-width: 482px) 100vw, 482px\" \/><\/p>\n<div class=\"txF_raleway tx16t\" style=\"margin-bottom: 20px; text-align: left;\">\n<p style=\"text-align: left;\"><span style=\"font-size: 18pt;\">Tisztelt Sz\u00fcl\u0151k!<\/span><\/p>\n<p><span style=\"font-size: 12pt;\"><span style=\"font-size: 12pt;\">Hivatkoz\u00e1ssal a nevel\u00e9si-oktat\u00e1si int\u00e9zm\u00e9nyek m\u0171k\u00f6d\u00e9s\u00e9r\u0151l \u00e9s a k\u00f6znevel\u00e9si int\u00e9zm\u00e9nyek n\u00e9vhaszn\u00e1lat\u00e1r\u00f3l sz\u00f3l\u00f3 20\/2012. (VIII.31.) EMMI rendelet 22. \u00a7-\u00e1ban foglaltakra, az al\u00e1bbiakban k\u00f6zz\u00e9teszz\u00fck a tank\u00f6teless\u00e9 v\u00e1l\u00f3 gyermekek iskolai be\u00edrat\u00e1s\u00e1ra vonatkoz\u00f3<a href=\"https:\/\/uj.mezosuli.hu\/wp-content\/uploads\/2020\/04\/FELHIVAS_A3_2020-2021.pdf\" target=\"_blank\"><span style=\"color: #0000ff;\"><\/span><\/a><\/span> <span style=\"color: #ff6600;\"><a style=\"color: #ff6600;\" href=\"https:\/\/uj.mezosuli.hu\/wp-content\/uploads\/2022\/03\/Felhivas_tankotelesse_valo_gyermekek_iskolai_beiratasara_2022_2023.pdf\" target=\"_blank\">felh\u00edv\u00e1s<\/a><\/span>t<a href=\"https:\/\/uj.mezosuli.hu\/wp-content\/uploads\/2021\/03\/Felhivas_tankotelesse_valo_gyermekek_iskolai_beiratasara_2021_2022.pdf\" target=\"_blank\">.<\/a><\/span><\/div>\n<p><span style=\"font-size: 12pt;\">Budapest, 2022.03.22.<\/span><\/p>\n<div class=\"txF_raleway tx16t\" style=\"margin-bottom: 20px; text-align: right;\"><span style=\"font-size: 10pt;\">&nbsp;&nbsp;&nbsp;&nbsp;&nbsp;&nbsp;&nbsp;&nbsp;&nbsp;&nbsp;&nbsp;&nbsp;&nbsp;&nbsp;&nbsp;&nbsp;&nbsp;&nbsp;&nbsp;&nbsp;&nbsp;&nbsp;&nbsp;&nbsp;&nbsp;&nbsp;&nbsp;&nbsp;&nbsp;&nbsp;&nbsp;&nbsp;&nbsp;&nbsp;&nbsp;&nbsp;&nbsp;&nbsp;&nbsp;<span style=\"font-size: 12pt;\">&nbsp;&nbsp;&nbsp;&nbsp;&nbsp;&nbsp;&nbsp;&nbsp;&nbsp;&nbsp;&nbsp;&nbsp;&nbsp;&nbsp;&nbsp;&nbsp;&nbsp;&nbsp;&nbsp;&nbsp;&nbsp;&nbsp;&nbsp;&nbsp;&nbsp;&nbsp;&nbsp;&nbsp;&nbsp;&nbsp;&nbsp; Gomb\u00e1r Erzs\u00e9bet<\/span><\/span><\/p>\n<p style=\"text-align: right;\"><span style=\"font-size: 12pt;\">int\u00e9zm\u00e9nyvezet\u0151<\/span><\/p>\n<\/div>\n","protected":false},"excerpt":{"rendered":"<p>Tisztelt Sz\u00fcl\u0151k! Hivatkoz\u00e1ssal a nevel\u00e9si-oktat\u00e1si int\u00e9zm\u00e9nyek m\u0171k\u00f6d\u00e9s\u00e9r\u0151l \u00e9s a k\u00f6znevel\u00e9si int\u00e9zm\u00e9nyek n\u00e9vhaszn\u00e1lat\u00e1r\u00f3l sz\u00f3l\u00f3 20\/2012. (VIII.31.) EMMI rendelet 22. \u00a7-\u00e1ban foglaltakra, az al\u00e1bbiakban k\u00f6zz\u00e9teszz\u00fck a tank\u00f6teless\u00e9 v\u00e1l\u00f3 gyermekek iskolai be\u00edrat\u00e1s\u00e1ra vonatkoz\u00f3&hellip;<\/p>\n","protected":false},"author":1,"featured_media":1365,"comment_status":"closed","ping_status":"open","sticky":false,"template":"","format":"standard","meta":{"_jetpack_memberships_contains_paid_content":false,"footnotes":""},"categories":[45],"tags":[],"class_list":["post-1367","post","type-post","status-publish","format-standard","has-post-thumbnail","hentry","category-2022-hirarchivum"],"jetpack_featured_media_url":"https:\/\/mezosuli.hu\/wp-content\/uploads\/2022\/03\/beiratkozas_2223.png","jetpack_sharing_enabled":true,"_links":{"self":[{"href":"https:\/\/mezosuli.hu\/index.php?rest_route=\/wp\/v2\/posts\/1367","targetHints":{"allow":["GET"]}}],"collection":[{"href":"https:\/\/mezosuli.hu\/index.php?rest_route=\/wp\/v2\/posts"}],"about":[{"href":"https:\/\/mezosuli.hu\/index.php?rest_route=\/wp\/v2\/types\/post"}],"author":[{"embeddable":true,"href":"https:\/\/mezosuli.hu\/index.php?rest_route=\/wp\/v2\/users\/1"}],"replies":[{"embeddable":true,"href":"https:\/\/mezosuli.hu\/index.php?rest_route=%2Fwp%2Fv2%2Fcomments&post=1367"}],"version-history":[{"count":1,"href":"https:\/\/mezosuli.hu\/index.php?rest_route=\/wp\/v2\/posts\/1367\/revisions"}],"predecessor-version":[{"id":2706,"href":"https:\/\/mezosuli.hu\/index.php?rest_route=\/wp\/v2\/posts\/1367\/revisions\/2706"}],"wp:featuredmedia":[{"embeddable":true,"href":"https:\/\/mezosuli.hu\/index.php?rest_route=\/wp\/v2\/media\/1365"}],"wp:attachment":[{"href":"https:\/\/mezosuli.hu\/index.php?rest_route=%2Fwp%2Fv2%2Fmedia&parent=1367"}],"wp:term":[{"taxonomy":"category","embeddable":true,"href":"https:\/\/mezosuli.hu\/index.php?rest_route=%2Fwp%2Fv2%2Fcategories&post=1367"},{"taxonomy":"post_tag","embeddable":true,"href":"https:\/\/mezosuli.hu\/index.php?rest_route=%2Fwp%2Fv2%2Ftags&post=1367"}],"curies":[{"name":"wp","href":"https:\/\/api.w.org\/{rel}","templated":true}]}}