{"id":137,"date":"2017-04-24T10:43:42","date_gmt":"2017-04-24T08:43:42","guid":{"rendered":"https:\/\/uj.mezosuli.hu\/?p=137"},"modified":"2026-03-17T14:26:28","modified_gmt":"2026-03-17T13:26:28","slug":"oko-hirek-2017-04-12","status":"publish","type":"post","link":"https:\/\/mezosuli.hu\/?p=137","title":{"rendered":"\u00d6ko-h\u00edrek 2017.04.12"},"content":{"rendered":"<hr \/>\n<div style=\"font-size: 16px;\" align=\"justify\">\n<ul>\n<li>K\u00f6sz\u00f6nj\u00fck a bek\u00fcld\u00f6tt &nbsp;<strong><em>mad\u00e1reles\u00e9get<\/em><\/strong>! A hossz\u00fa t\u00e9l ellen\u00e9re v\u00e9gig tudtuk etetni az iskol\u00e1nk udvar\u00e1ra l\u00e1togat\u00f3 madarakat. Rengeteg &nbsp;<strong><em>skandin\u00e1v feny\u0151rig\u00f3<\/em><\/strong> pihent n\u00e1lunk a zord id\u0151ben. Sajnos csak p\u00e1r napig maradtak v\u00e1ndorl\u00e1suk sor\u00e1n. L\u00e1tv\u00e1nyuk m\u00e9gis feledhetetlen \u00e9lm\u00e9ny volt gyermeknek \u00e9s feln\u0151ttnek egyar\u00e1nt.<\/li>\n<li>A &nbsp;<strong><em>farsangi mulats\u00e1gok<\/em><\/strong> alkalm\u00e1val is igyekezt\u00fcnk \u00d6KO m\u00f3don (takar\u00e9kosan) gondolkodni a jelmezek \u00e9s a dekor\u00e1ci\u00f3 ter\u00fclet\u00e9n.<\/li>\n<li>Az iskol\u00e1nk udvar\u00e1n elhelyezett&nbsp; <strong><em>mad\u00e1rod\u00fakat <\/em><\/strong>&nbsp;febru\u00e1r v\u00e9g\u00e9n kitakar\u00edtott\u00e1k.<\/li>\n<li><strong><em>\u00d6ko kir\u00e1ndul\u00e1son<\/em><\/strong> vehettek r\u00e9szt tan\u00edtv\u00e1nyaink \u00e9s sz\u00fcleik az Alcs\u00fati Arbor\u00e9tumban.<\/li>\n<li>T\u00f6bb oszt\u00e1lyban&nbsp; <strong><em>pal\u00e1nt\u00e1kat<\/em><\/strong>&nbsp; nevelnek a gyermekek. Az udvaron pedig m\u00e1r k\u00e9t helyen is megfigyelhetik a n\u00f6v\u00e9nyek fejl\u0151d\u00e9s\u00e9t, a kialak\u00edtott&nbsp; <strong><em>kiskertekben<\/em><\/strong>.<\/li>\n<li>Az iskola bej\u00e1rat\u00e1n\u00e1l toj\u00e1sfa l\u00e1that\u00f3. A gyerekek nagy gonddal k\u00e9sz\u00edtett\u00e9k r\u00e1 a h\u00fasv\u00e9ti toj\u00e1sokat. Kellemes h\u00fasv\u00e9ti \u00fcnnepeket k\u00edv\u00e1nunk mindenkinek!<\/li>\n<\/ul>\n<p>&nbsp;<\/p>\n<p><strong style=\"font-size: 16px;\">M\u00e1rcius:<\/strong><\/p>\n<ul>\n<li><span style=\"font-size: 16px;\">M\u00e1rcius 22-e a V\u00edz vil\u00e1gnapja volt. Rajzp\u00e1ly\u00e1zaton vehettek r\u00e9szt a tanul\u00f3k. K\u00e9k ruh\u00e1ba j\u00f6tt\u00fcnk ezen a napon. A sportudvaron \u00f6sszegy\u0171lve a v\u00edz fontoss\u00e1g\u00e1ra h\u00edvtuk fel a figyelmet.<\/span><\/li>\n<li><span style=\"font-size: 16px;\">M\u00e1rcius 25-e a A F\u00f6ld \u00f3r\u00e1ja. A 3.a oszt\u00e1lyos tanul\u00f3k h\u00edvt\u00e1k fel erre a vil\u00e1gm\u00e9ret\u0171 esem\u00e9nyre, \u00e9s az energiatakar\u00e9koss\u00e1g fontoss\u00e1g\u00e1ra a figyelm\u00fcnket. K\u00f6sz\u00f6nj\u00fck nekik a t\u00e1j\u00e9koztat\u00e1st!<\/span><\/li>\n<\/ul>\n<p>&nbsp;<\/p>\n<p><span style=\"font-size: 16px;\"><strong>\u00c1prilis:<\/strong><\/span><\/p>\n<ul>\n<li><span style=\"font-size: 16px;\">\u00c1prilis 7-\u00e9n az Eg\u00e9szs\u00e9g vil\u00e1gnapja alkalm\u00e1b\u00f3l h\u00e1rom fontos dologra figyelt\u00fcnk: a megfelel\u0151 folyad\u00e9kmennyis\u00e9gre, a t\u00e1pl\u00e1lkoz\u00e1sra \u00e9s a mozg\u00e1sra. T\u00f6bbsz\u00f6r k\u00e9rt\u00fck tanul\u00f3inkat, hogy fogyasszanak a kapott alm\u00e1b\u00f3l, s igyanak megfelel\u0151 mennyis\u00e9g\u0171 vizet. ( Nem cukros, sz\u00e9nsavas \u00fcd\u00edt\u0151t! ) D\u00e9lut\u00e1n az als\u00f3sok egy\u00fctt torn\u00e1ztak \u00e9s futottak a sportudvaron. Ezen a h\u00e9ten egy, az eg\u00e9szs\u00e9ges t\u00e1pl\u00e1lkoz\u00e1ssal kapcsolatos interakt\u00edv ki\u00e1ll\u00edt\u00e1s is helyet kapott az iskola f\u00f6ldszinti folyos\u00f3j\u00e1n.<\/span><\/li>\n<li><span style=\"font-size: 16px;\">\u00c1prilis 10-ig als\u00f3s rajzp\u00e1ly\u00e1zatra lehetett alkot\u00e1sokat k\u00e9sz\u00edteni. T\u00e9m\u00e1ja : a F\u00f6ld napja.<\/span><\/li>\n<\/ul>\n<p>&nbsp;<\/p>\n<p><strong style=\"font-size: 16px;\">K\u00f6vetkez\u0151 programok:<\/strong><\/p>\n<p style=\"font-size: 16px;\">\u00c1prilis:<\/p>\n<ul>\n<li style=\"font-size: 16px;\">Pap\u00edrgy\u0171jt\u00e9s. 1 tonna feh\u00e9r pap\u00edr el\u0151\u00e1ll\u00edt\u00e1s\u00e1hoz kb. 15-17 f\u00e1t v\u00e1gnak ki. Ments\u00fck meg a f\u00e1kat! Gy\u0171jts\u00fcnk min\u00e9l t\u00f6bb pap\u00edrt!<\/li>\n<li style=\"font-size: 16px;\">F\u00f6ld napja. A rajzp\u00e1ly\u00e1zatra \u00e9rkezett alkot\u00e1sokb\u00f3l ki\u00e1ll\u00edt\u00e1s szervez\u00e9se.<\/li>\n<\/ul>\n<p style=\"font-size: 16px;\">M\u00e1jus:<\/p>\n<ul>\n<li style=\"font-size: 16px;\">Madarak \u00e9s f\u00e1k napja,<\/li>\n<li style=\"font-size: 16px;\">Forr\u00e1svizek napja,<\/li>\n<li style=\"font-size: 16px;\">TESZEDD! mozgalomhoz val\u00f3 csatlakoz\u00e1s.<\/li>\n<\/ul>\n<\/div>\n<p>&nbsp;<\/p>\n<div style=\"left: 0; position: relative;\">\n<p style=\"float: left;\"><span style=\"font-size: 12pt;\">\u00d6ko munkacsoport<\/span><\/p>\n<p style=\"float: right;\"><span style=\"font-size: 12pt;\">Budapest, 2017.04.12.<br \/><\/span><\/p>\n<\/div>\n","protected":false},"excerpt":{"rendered":"<p>K\u00f6sz\u00f6nj\u00fck a bek\u00fcld\u00f6tt &nbsp;mad\u00e1reles\u00e9get! A hossz\u00fa t\u00e9l ellen\u00e9re v\u00e9gig tudtuk etetni az iskol\u00e1nk udvar\u00e1ra l\u00e1togat\u00f3 madarakat. Rengeteg &nbsp;skandin\u00e1v feny\u0151rig\u00f3 pihent n\u00e1lunk a zord id\u0151ben. Sajnos csak p\u00e1r napig maradtak v\u00e1ndorl\u00e1suk&hellip;<\/p>\n","protected":false},"author":1,"featured_media":0,"comment_status":"closed","ping_status":"open","sticky":false,"template":"","format":"standard","meta":{"_jetpack_memberships_contains_paid_content":false,"footnotes":""},"categories":[7],"tags":[],"class_list":["post-137","post","type-post","status-publish","format-standard","hentry","category-oko-hirek"],"jetpack_featured_media_url":"","jetpack_sharing_enabled":true,"_links":{"self":[{"href":"https:\/\/mezosuli.hu\/index.php?rest_route=\/wp\/v2\/posts\/137","targetHints":{"allow":["GET"]}}],"collection":[{"href":"https:\/\/mezosuli.hu\/index.php?rest_route=\/wp\/v2\/posts"}],"about":[{"href":"https:\/\/mezosuli.hu\/index.php?rest_route=\/wp\/v2\/types\/post"}],"author":[{"embeddable":true,"href":"https:\/\/mezosuli.hu\/index.php?rest_route=\/wp\/v2\/users\/1"}],"replies":[{"embeddable":true,"href":"https:\/\/mezosuli.hu\/index.php?rest_route=%2Fwp%2Fv2%2Fcomments&post=137"}],"version-history":[{"count":1,"href":"https:\/\/mezosuli.hu\/index.php?rest_route=\/wp\/v2\/posts\/137\/revisions"}],"predecessor-version":[{"id":2311,"href":"https:\/\/mezosuli.hu\/index.php?rest_route=\/wp\/v2\/posts\/137\/revisions\/2311"}],"wp:attachment":[{"href":"https:\/\/mezosuli.hu\/index.php?rest_route=%2Fwp%2Fv2%2Fmedia&parent=137"}],"wp:term":[{"taxonomy":"category","embeddable":true,"href":"https:\/\/mezosuli.hu\/index.php?rest_route=%2Fwp%2Fv2%2Fcategories&post=137"},{"taxonomy":"post_tag","embeddable":true,"href":"https:\/\/mezosuli.hu\/index.php?rest_route=%2Fwp%2Fv2%2Ftags&post=137"}],"curies":[{"name":"wp","href":"https:\/\/api.w.org\/{rel}","templated":true}]}}