{"id":1379,"date":"2022-03-29T12:25:26","date_gmt":"2022-03-29T10:25:26","guid":{"rendered":"https:\/\/uj.mezosuli.hu\/?p=1379"},"modified":"2026-03-20T13:47:55","modified_gmt":"2026-03-20T12:47:55","slug":"orokos-okoiskola-cim","status":"publish","type":"post","link":"https:\/\/mezosuli.hu\/?p=1379","title":{"rendered":"\u00d6r\u00f6k\u00f6s \u00d6koiskola c\u00edm"},"content":{"rendered":"<div style=\"font-family: 'Raleway', sans-serif; text-align: left;\" align=\"center\">\n<section style=\"font-size: 16px;\">\n<p style=\"font-size: 16px; font-family: 'Open Sans', sans-serif; font-weight: 500; text-align: left;\"><span style=\"color: #ff6600; font-size: 20pt; font-variant-caps: small-caps; letter-spacing: 1pt;\"><span style=\"color: #008000;\">\u00d6r\u00f6<\/span><\/span><span style=\"color: #ff6600; font-size: 20pt; font-variant-caps: small-caps; letter-spacing: 1pt;\"><span style=\"color: #008000;\">k\u00f6s \u00d6koiskola<\/span><br \/>\n<\/span><\/p>\n<hr \/>\n<div dir=\"auto\" style=\"text-align: left; inset: 10px;\">\n<p>&nbsp;<\/p>\n<p style=\"text-align: right;\"><img loading=\"lazy\" decoding=\"async\" class=\" alignleft size-full wp-image-1375\" style=\"float: left;\" src=\"https:\/\/uj.mezosuli.hu\/wp-content\/uploads\/2022\/03\/dijatado-rotated.jpg\" alt=\"dijatado\" width=\"245\" height=\"327\" srcset=\"https:\/\/mezosuli.hu\/wp-content\/uploads\/2022\/03\/dijatado-rotated.jpg 480w, https:\/\/mezosuli.hu\/wp-content\/uploads\/2022\/03\/dijatado-225x300.jpg 225w\" sizes=\"auto, (max-width: 245px) 100vw, 245px\" \/>2022.m\u00e1rcius 26-\u00e1n Sikl\u00f3si Zsoltn\u00e9, a Dr. Mez\u0151 Ferenc \u00c1ltal\u00e1nos Iskola \u00d6KO munkacsoportj\u00e1nak vezet\u0151je vette \u00e1t az \u201e\u00d6r\u00f6k\u00f6s \u00d6koiskola\u201d c\u00edmet.<\/p>\n<p>\u00a0\u00a0\u00a0\u00a0\u00a0 <a href=\"https:\/\/uj.mezosuli.hu\/wp-content\/uploads\/2022\/03\/oko_isk-scaled.jpg\" target=\"_blank\" rel=\"noopener\"><img loading=\"lazy\" decoding=\"async\" src=\"https:\/\/uj.mezosuli.hu\/wp-content\/uploads\/2022\/03\/oko_isk_kicsi.jpg\" alt=\"oko isk kicsi\" width=\"136\" height=\"192\" \/><\/a>\u00a0\u00a0\u00a0\u00a0\u00a0 <img loading=\"lazy\" decoding=\"async\" class=\" size-full wp-image-1378\" src=\"https:\/\/uj.mezosuli.hu\/wp-content\/uploads\/2022\/03\/kollazs-scaled.jpg\" alt=\"kollazs\" width=\"376\" height=\"376\" srcset=\"https:\/\/mezosuli.hu\/wp-content\/uploads\/2022\/03\/kollazs-scaled.jpg 2560w, https:\/\/mezosuli.hu\/wp-content\/uploads\/2022\/03\/kollazs-300x300.jpg 300w, https:\/\/mezosuli.hu\/wp-content\/uploads\/2022\/03\/kollazs-1024x1024.jpg 1024w, https:\/\/mezosuli.hu\/wp-content\/uploads\/2022\/03\/kollazs-150x150.jpg 150w, https:\/\/mezosuli.hu\/wp-content\/uploads\/2022\/03\/kollazs-768x768.jpg 768w, https:\/\/mezosuli.hu\/wp-content\/uploads\/2022\/03\/kollazs-1536x1536.jpg 1536w, https:\/\/mezosuli.hu\/wp-content\/uploads\/2022\/03\/kollazs-2048x2048.jpg 2048w, https:\/\/mezosuli.hu\/wp-content\/uploads\/2022\/03\/kollazs-500x500.jpg 500w\" sizes=\"auto, (max-width: 376px) 100vw, 376px\" \/><\/p>\n<div dir=\"auto\" style=\"text-align: left; inset: 10px;\">\n<div>\n<p style=\"float: right;\"><span style=\"font-size: 16px; font-family: 'Raleway', sans-serif;\">Budapest, 2022. m\u00e1rcius 29<\/span><\/p>\n<\/div>\n<\/div>\n<\/div>\n<\/section>\n<section><\/section>\n<section><\/section>\n<section><\/section>\n<section><\/section>\n<section><\/section>\n<section><\/section>\n<section><\/section>\n<section><\/section>\n<section><\/section>\n<section><\/section>\n<section><\/section>\n<section><\/section>\n<section><\/section>\n<section><\/section>\n<section><\/section>\n<section><\/section>\n<section><\/section>\n<section><\/section>\n<section style=\"font-size: 16px;\">\n<div dir=\"auto\" style=\"text-align: left; inset: 10px;\">\n<div>\n<p style=\"float: right;\">\n<\/div>\n<\/div>\n<\/section>\n<\/div>\n","protected":false},"excerpt":{"rendered":"<p>\u00d6r\u00f6k\u00f6s \u00d6koiskola &nbsp; 2022.m\u00e1rcius 26-\u00e1n Sikl\u00f3si Zsoltn\u00e9, a Dr. Mez\u0151 Ferenc \u00c1ltal\u00e1nos Iskola \u00d6KO munkacsoportj\u00e1nak vezet\u0151je vette \u00e1t az \u201e\u00d6r\u00f6k\u00f6s \u00d6koiskola\u201d c\u00edmet. \u00a0\u00a0\u00a0\u00a0\u00a0 \u00a0\u00a0\u00a0\u00a0\u00a0 Budapest, 2022. m\u00e1rcius 29<\/p>\n","protected":false},"author":1,"featured_media":0,"comment_status":"closed","ping_status":"open","sticky":false,"template":"","format":"standard","meta":{"_jetpack_memberships_contains_paid_content":false,"footnotes":""},"categories":[7],"tags":[],"class_list":["post-1379","post","type-post","status-publish","format-standard","hentry","category-oko-hirek"],"jetpack_featured_media_url":"","jetpack_sharing_enabled":true,"_links":{"self":[{"href":"https:\/\/mezosuli.hu\/index.php?rest_route=\/wp\/v2\/posts\/1379","targetHints":{"allow":["GET"]}}],"collection":[{"href":"https:\/\/mezosuli.hu\/index.php?rest_route=\/wp\/v2\/posts"}],"about":[{"href":"https:\/\/mezosuli.hu\/index.php?rest_route=\/wp\/v2\/types\/post"}],"author":[{"embeddable":true,"href":"https:\/\/mezosuli.hu\/index.php?rest_route=\/wp\/v2\/users\/1"}],"replies":[{"embeddable":true,"href":"https:\/\/mezosuli.hu\/index.php?rest_route=%2Fwp%2Fv2%2Fcomments&post=1379"}],"version-history":[{"count":2,"href":"https:\/\/mezosuli.hu\/index.php?rest_route=\/wp\/v2\/posts\/1379\/revisions"}],"predecessor-version":[{"id":3532,"href":"https:\/\/mezosuli.hu\/index.php?rest_route=\/wp\/v2\/posts\/1379\/revisions\/3532"}],"wp:attachment":[{"href":"https:\/\/mezosuli.hu\/index.php?rest_route=%2Fwp%2Fv2%2Fmedia&parent=1379"}],"wp:term":[{"taxonomy":"category","embeddable":true,"href":"https:\/\/mezosuli.hu\/index.php?rest_route=%2Fwp%2Fv2%2Fcategories&post=1379"},{"taxonomy":"post_tag","embeddable":true,"href":"https:\/\/mezosuli.hu\/index.php?rest_route=%2Fwp%2Fv2%2Ftags&post=1379"}],"curies":[{"name":"wp","href":"https:\/\/api.w.org\/{rel}","templated":true}]}}