{"id":1393,"date":"2022-03-30T07:44:13","date_gmt":"2022-03-30T05:44:13","guid":{"rendered":"https:\/\/uj.mezosuli.hu\/?p=1393"},"modified":"2026-03-17T10:52:05","modified_gmt":"2026-03-17T09:52:05","slug":"mid-menedek","status":"publish","type":"post","link":"https:\/\/mezosuli.hu\/?p=1393","title":{"rendered":"MID &#8211; Mened\u00e9k"},"content":{"rendered":"<div style=\"font-family: 'Raleway', sans-serif; text-align: left;\" align=\"center\">\n<section style=\"font-size: 16px;\">\n<p style=\"font-size: 16px; font-family: 'Open Sans', sans-serif; font-weight: 500; text-align: left;\"><span style=\"color: #ff6600; font-size: 20pt; font-variant-caps: small-caps; letter-spacing: 1pt;\">MID oktat\u00e1s &#8222;j\u00f3 gyakorlata&#8221; a Mez\u0151ben&nbsp;&nbsp; <img loading=\"lazy\" decoding=\"async\" class=\" alignright size-full wp-image-413\" style=\"float: right;\" src=\"https:\/\/uj.mezosuli.hu\/wp-content\/uploads\/2018\/07\/MID-kep.jpg\" alt=\"MID kep\" width=\"63\" height=\"63\" srcset=\"https:\/\/mezosuli.hu\/wp-content\/uploads\/2018\/07\/MID-kep.jpg 720w, https:\/\/mezosuli.hu\/wp-content\/uploads\/2018\/07\/MID-kep-300x300.jpg 300w, https:\/\/mezosuli.hu\/wp-content\/uploads\/2018\/07\/MID-kep-150x150.jpg 150w, https:\/\/mezosuli.hu\/wp-content\/uploads\/2018\/07\/MID-kep-500x500.jpg 500w\" sizes=\"auto, (max-width: 63px) 100vw, 63px\" \/><br \/><\/span><\/p>\n<hr \/>\n<div>2022. m\u00e1rcius 28-\u00e1ra megh\u00edv\u00e1st kaptunk Lakatos Zsombort\u00f3l a Mened\u00e9k &#8211; Migr\u00e1nsokat Seg\u00edt\u0151 Egyes\u00fclet szakmai rendezv\u00e9ny\u00e9re, mint el\u0151ad\u00f3k. A t\u00e9ma az Ukrajn\u00e1b\u00f3l menek\u00fcl\u0151 \u00e9s k\u00fclf\u00f6ldi gyerekek helyzete a k\u00f6zoktat\u00e1sban. Mi mint negyedik \u00e9ve magyar mint idegen nyelv program szerint idegen anyanyelv\u0171eket integr\u00e1l\u00f3 int\u00e9zm\u00e9ny osztottuk meg tapasztalatainkat, sikereinket \u00e9s esetleges kudarcainkat.<\/p>\n<div><em><em><em><span style=\"font-size: 14pt;\"><span style=\"padding-top: 25px;\"><img loading=\"lazy\" decoding=\"async\" class=\" alignleft size-full wp-image-1390\" style=\"border: 20px solid #ffffff; float: left;\" src=\"https:\/\/uj.mezosuli.hu\/wp-content\/uploads\/2022\/03\/menedek1.jpg\" alt=\"viz vilagnap18\" width=\"273\" height=\"331\" srcset=\"https:\/\/mezosuli.hu\/wp-content\/uploads\/2022\/03\/menedek1.jpg 793w, https:\/\/mezosuli.hu\/wp-content\/uploads\/2022\/03\/menedek1-248x300.jpg 248w, https:\/\/mezosuli.hu\/wp-content\/uploads\/2022\/03\/menedek1-768x930.jpg 768w\" sizes=\"auto, (max-width: 273px) 100vw, 273px\" \/>&nbsp;&nbsp;&nbsp;<\/span><\/span><\/em><\/em><\/em><\/p>\n<p>7 \u00e9ve csak \u00e1lmodtam ezt a napot!<\/p>\n<p>2015 &#8211; ben m\u00e1r terveztem a magyar mint idegen nyelv oktat\u00e1s\u00e1t a Mez\u0151ben. (Nem csak j\u00f3l hangz\u00f3 fejezet volt az els\u0151 igazgat\u00f3i p\u00e1ly\u00e1zatomban.)<\/p>\n<p>3 \u00e9v &#8222;helybenj\u00e1r\u00e1s&#8221; ut\u00e1n tal\u00e1lkozott az el\u0151re jelzett sz\u00fcks\u00e9g, a t\u00e1mogat\u00e1s \u00e9s a szakma. 2018-ban elindult a program a legjobb szakemberrel Ottucs\u00e1k Melind\u00e1val, fenntart\u00f3i t\u00e1mogat\u00e1ssal, partneregyetemmel, t\u00e1mogat\u00f3 k\u00f6z\u00f6ss\u00e9ggel. \u00c1lltam ellensz\u00e9lben is, kaptam a &#8222;gomb\u00e1rerzsi migr\u00e1ns iskol\u00e1t csin\u00e1l&#8221; kritik\u00e1t nagy platformon \u00e9s jobb, hogy mindent nem is olvastam.<\/p>\n<p>Ma megtisztel\u0151 volt egy elk\u00f6telezett, olykor bizonytalans\u00e1ggal, k\u00e9tellyel k\u00f6zel\u00edt\u0151, de tenni akar\u00f3 k\u00f6z\u00f6ss\u00e9get, szakm\u00e1t meger\u0151s\u00edteni abban, hogy lehet \u00e9s kell is nagyot \u00e1lmodni.<\/p>\n<p>Ma m\u00e1r nem 34 db magyarorsz\u00e1gi k\u00f6znevel\u00e9si int\u00e9zm\u00e9ny \u00f6nk\u00e9nt v\u00e1llalt privil\u00e9giuma az idegen anyanyelv\u0171 tanul\u00f3k integr\u00e1l\u00e1sa.<\/p>\n<p>A vil\u00e1g fejre \u00e1llt, s\u00fcrg\u0151sen kell a megold\u00e1s! 4 \u00e9v tapasztalata, eredm\u00e9nyei magabiztoss\u00e1 tettek. B\u00fcszke voltam ma nagyon. Nem igaz\u00e1n magamra, hanem a velem egy\u00fctt tenni \u00e9s hinni tud\u00f3 mez\u0151s pedag\u00f3gusaimra.<\/p>\n<p>\u00c9n a k\u00e9pkeret vagyok, \u0151k a fest\u0151m\u0171v\u00e9szek.<\/p>\n<p>Ma ki\u00e1ll\u00edt\u00e1sra vitt\u00fck Melind\u00e1val a k\u00e9pet.<\/p>\n<p>Siker, elismer\u00e9s, sok-sok \u00e9rdekl\u0151d\u0151, \u00f6r\u00f6m, felt\u00f6lt\u0151d\u00e9s&#8230;<\/p>\n<p>A mai \u00e9lm\u00e9nyt mindenkinek h\u00e1l\u00e1san k\u00f6sz\u00f6n\u00f6m!<\/p>\n<p>&nbsp;<\/p>\n<p>Gomb\u00e1r Erzs\u00e9bet<\/p>\n<p><em><em><span style=\"font-size: 14pt;\"><span style=\"padding-top: 25px;\"> <br \/><\/span><\/span><\/em><\/em><\/p>\n<p><img loading=\"lazy\" decoding=\"async\" class=\" alignright size-full wp-image-1391\" style=\"border: 20px solid #ffffff; float: right;\" src=\"https:\/\/uj.mezosuli.hu\/wp-content\/uploads\/2022\/03\/menedek3.jpg\" alt=\"batka16\" width=\"350\" height=\"250\" srcset=\"https:\/\/mezosuli.hu\/wp-content\/uploads\/2022\/03\/menedek3.jpg 960w, https:\/\/mezosuli.hu\/wp-content\/uploads\/2022\/03\/menedek3-300x214.jpg 300w, https:\/\/mezosuli.hu\/wp-content\/uploads\/2022\/03\/menedek3-768x549.jpg 768w\" sizes=\"auto, (max-width: 350px) 100vw, 350px\" \/><\/p>\n<\/div>\n<\/div>\n<\/section>\n<section style=\"font-size: 16px;\">\n<div dir=\"auto\" style=\"text-align: left; inset: 10px;\">\n<div><img loading=\"lazy\" decoding=\"async\" class=\" size-full wp-image-1392\" style=\"border: 20px solid #ffffff;\" src=\"https:\/\/uj.mezosuli.hu\/wp-content\/uploads\/2022\/03\/menedek8.jpg\" alt=\"menedek8\" width=\"373\" height=\"250\" srcset=\"https:\/\/mezosuli.hu\/wp-content\/uploads\/2022\/03\/menedek8.jpg 2048w, https:\/\/mezosuli.hu\/wp-content\/uploads\/2022\/03\/menedek8-300x202.jpg 300w, https:\/\/mezosuli.hu\/wp-content\/uploads\/2022\/03\/menedek8-1024x689.jpg 1024w, https:\/\/mezosuli.hu\/wp-content\/uploads\/2022\/03\/menedek8-768x517.jpg 768w, https:\/\/mezosuli.hu\/wp-content\/uploads\/2022\/03\/menedek8-1536x1034.jpg 1536w\" sizes=\"auto, (max-width: 373px) 100vw, 373px\" \/><\/p>\n<p style=\"float: right; text-align: right;\"><span style=\"font-size: 16px; font-family: 'Raleway', sans-serif;\">Bud<span>apest, 2022. m\u00e1rcius 30<\/span><span style=\"font-size: 16px; font-family: 'Raleway', sans-serif;\"><\/span><\/span>.<\/p>\n<\/div>\n<\/div>\n<\/section>\n<\/div>\n","protected":false},"excerpt":{"rendered":"<p>MID oktat\u00e1s &#8222;j\u00f3 gyakorlata&#8221; a Mez\u0151ben&nbsp;&nbsp; 2022. m\u00e1rcius 28-\u00e1ra megh\u00edv\u00e1st kaptunk Lakatos Zsombort\u00f3l a Mened\u00e9k &#8211; Migr\u00e1nsokat Seg\u00edt\u0151 Egyes\u00fclet szakmai rendezv\u00e9ny\u00e9re, mint el\u0151ad\u00f3k. A t\u00e9ma az Ukrajn\u00e1b\u00f3l menek\u00fcl\u0151 \u00e9s k\u00fclf\u00f6ldi&hellip;<\/p>\n","protected":false},"author":1,"featured_media":413,"comment_status":"closed","ping_status":"open","sticky":false,"template":"","format":"standard","meta":{"_jetpack_memberships_contains_paid_content":false,"footnotes":""},"categories":[50,51],"tags":[],"class_list":["post-1393","post","type-post","status-publish","format-standard","has-post-thumbnail","hentry","category-iskola-4-profilja","category-mid"],"jetpack_featured_media_url":"https:\/\/mezosuli.hu\/wp-content\/uploads\/2018\/07\/MID-kep.jpg","jetpack_sharing_enabled":true,"_links":{"self":[{"href":"https:\/\/mezosuli.hu\/index.php?rest_route=\/wp\/v2\/posts\/1393","targetHints":{"allow":["GET"]}}],"collection":[{"href":"https:\/\/mezosuli.hu\/index.php?rest_route=\/wp\/v2\/posts"}],"about":[{"href":"https:\/\/mezosuli.hu\/index.php?rest_route=\/wp\/v2\/types\/post"}],"author":[{"embeddable":true,"href":"https:\/\/mezosuli.hu\/index.php?rest_route=\/wp\/v2\/users\/1"}],"replies":[{"embeddable":true,"href":"https:\/\/mezosuli.hu\/index.php?rest_route=%2Fwp%2Fv2%2Fcomments&post=1393"}],"version-history":[{"count":1,"href":"https:\/\/mezosuli.hu\/index.php?rest_route=\/wp\/v2\/posts\/1393\/revisions"}],"predecessor-version":[{"id":2713,"href":"https:\/\/mezosuli.hu\/index.php?rest_route=\/wp\/v2\/posts\/1393\/revisions\/2713"}],"wp:featuredmedia":[{"embeddable":true,"href":"https:\/\/mezosuli.hu\/index.php?rest_route=\/wp\/v2\/media\/413"}],"wp:attachment":[{"href":"https:\/\/mezosuli.hu\/index.php?rest_route=%2Fwp%2Fv2%2Fmedia&parent=1393"}],"wp:term":[{"taxonomy":"category","embeddable":true,"href":"https:\/\/mezosuli.hu\/index.php?rest_route=%2Fwp%2Fv2%2Fcategories&post=1393"},{"taxonomy":"post_tag","embeddable":true,"href":"https:\/\/mezosuli.hu\/index.php?rest_route=%2Fwp%2Fv2%2Ftags&post=1393"}],"curies":[{"name":"wp","href":"https:\/\/api.w.org\/{rel}","templated":true}]}}