{"id":1413,"date":"2022-04-27T06:22:30","date_gmt":"2022-04-27T04:22:30","guid":{"rendered":"https:\/\/uj.mezosuli.hu\/?p=1413"},"modified":"2026-03-17T10:52:04","modified_gmt":"2026-03-17T09:52:04","slug":"mid-verseny-beszamolo","status":"publish","type":"post","link":"https:\/\/mezosuli.hu\/?p=1413","title":{"rendered":"MID-verseny besz\u00e1mol\u00f3"},"content":{"rendered":"<div style=\"font-family: 'Raleway', sans-serif; text-align: left;\" align=\"center\">\n<section style=\"font-size: 16px;\">\n<p style=\"font-size: 16px; font-family: 'Open Sans', sans-serif; font-weight: 500; text-align: left;\"><span style=\"color: #ff6600; font-size: 20pt; font-variant-caps: small-caps; letter-spacing: 1pt;\">&#8222;Tudok magyarul&#8221; &#8211; budapesti magyar mint idegen nyelvi verseny <br \/><\/span><\/p>\n<hr \/>\n<div><em><em><em><span style=\"font-size: 14pt;\"><span style=\"padding-top: 25px;\"><\/span><\/span><\/em><\/em><\/em><\/p>\n<div class=\"x_elementToProof\">&nbsp;<\/div>\n<div class=\"x_elementToProof\">A Dr. Mez\u0151 Ferenc \u00c1ltal\u00e1nos Iskola 2022.04.25-\u00e9n k\u00e9pviseltette mag\u00e1t a Magyar-K\u00ednai K\u00e9t Tan\u00edt\u00e1si Nyelv\u0171 \u00c1ltal\u00e1nos Iskola \u00e1ltal megrendezett &#8221; Tudok magyarul&#8221;&nbsp; budapesti magyar mint idegen nyelvi versenyen.<\/div>\n<div class=\"x_elementToProof\">\u00d6sszesen 9 csapattal \u00e9s 26 f\u0151vel indultunk a versenyen, melynek idei t\u00e9m\u00e1ja a Balaton volt. Badacsony, Balatonf\u00fcred, Balatonbogl\u00e1r, Z\u00e1nka, Szigliget, Tihany, Si\u00f3fok, Fony\u00f3d, Keszthely v\u00e1rosok t\u00f6rt\u00e9net\u00e9t dolgozt\u00e1k fel a di\u00e1kok.<\/div>\n<div class=\"x_elementToProof\">A verseny sor\u00e1n Balatonhoz kapcsol\u00f3d\u00f3 feladatlapot oldottak meg a tanul\u00f3k, majd a r\u00e9sztvev\u0151k bemutatt\u00e1k a k\u00e9sz\u00edtett ppt-ket a zs\u0171rinek. K\u00e9t csoportban versenyeztek: az anyanyelvi kateg\u00f3ria \u00e9s a k\u00e9tnyelv\u0171 kateg\u00f3ria.<\/div>\n<div class=\"x_elementToProof\">&nbsp;<\/div>\n<div class=\"x_elementToProof\">Minden csapatunk nagyon \u00fcgyesen teljes\u00edtett, de a legb\u00fcszk\u00e9bbek Tihany csapat\u00e1ra vagyunk:<img loading=\"lazy\" decoding=\"async\" class=\" alignright size-full wp-image-1412\" style=\"float: right;\" src=\"https:\/\/uj.mezosuli.hu\/wp-content\/uploads\/2022\/04\/szakm24.jpg\" alt=\"szakm24\" width=\"429\" height=\"241\" srcset=\"https:\/\/mezosuli.hu\/wp-content\/uploads\/2022\/04\/szakm24.jpg 640w, https:\/\/mezosuli.hu\/wp-content\/uploads\/2022\/04\/szakm24-300x169.jpg 300w\" sizes=\"auto, (max-width: 429px) 100vw, 429px\" \/><\/div>\n<div class=\"x_elementToProof\">4.c Addai Baah Aviela Elikem<\/div>\n<div class=\"x_elementToProof\">5. a Ahmad Lana<\/div>\n<div class=\"x_elementToProof\">8.b Kovalov Danylo<\/div>\n<div class=\"x_elementToProof\">&nbsp;<\/div>\n<div class=\"x_elementToProof\">\u0150k elhozt\u00e1k az anyanyelvi kateg\u00f3ria I. helyez\u00e9s\u00e9t!<\/div>\n<div class=\"x_elementToProof\">Nagyon b\u00fcszk\u00e9k vagyunk r\u00e1juk!<\/div>\n<div class=\"x_elementToProof\">Gratul\u00e1lunk!<\/div>\n<div class=\"x_elementToProof\">&nbsp;<\/div>\n<div class=\"x_elementToProof\">Melinda n\u00e9ni, Zsuzsa n\u00e9ni, Csilla n\u00e9ni<\/div>\n<div class=\"x_elementToProof\">felk\u00e9sz\u00edt\u0151tan\u00e1rok<\/div>\n<p><em><em><span style=\"font-size: 14pt;\"><span style=\"padding-top: 25px;\"> <br \/><\/span><\/span><\/em><\/em><\/p>\n<p style=\"text-align: center;\"><span style=\"color: #ff6600;\"><a style=\"color: #ff6600;\" href=\"index.php\/2016-02-09-12-12-30\/2016-02-09-12-12-54\/2021-2022-es-tanev\/category\/83-mid-verseny\" target=\"_blank\" rel=\"noopener\">gal\u00e9ria<\/a><\/span><\/p>\n<\/div>\n<\/section>\n<section style=\"font-size: 16px;\">\n<div dir=\"auto\" style=\"text-align: left; inset: 10px;\">\n<div>\n<p style=\"float: right; text-align: right;\"><span style=\"font-size: 16px; font-family: 'Raleway', sans-serif;\">Bud<span>apest, 2022. \u00e1prilis 27.<\/span><\/span>.<\/p>\n<\/div>\n<\/div>\n<\/section>\n<\/div>\n","protected":false},"excerpt":{"rendered":"<p>&#8222;Tudok magyarul&#8221; &#8211; budapesti magyar mint idegen nyelvi verseny &nbsp; A Dr. Mez\u0151 Ferenc \u00c1ltal\u00e1nos Iskola 2022.04.25-\u00e9n k\u00e9pviseltette mag\u00e1t a Magyar-K\u00ednai K\u00e9t Tan\u00edt\u00e1si Nyelv\u0171 \u00c1ltal\u00e1nos Iskola \u00e1ltal megrendezett &#8221; Tudok&hellip;<\/p>\n","protected":false},"author":1,"featured_media":1412,"comment_status":"closed","ping_status":"open","sticky":false,"template":"","format":"standard","meta":{"_jetpack_memberships_contains_paid_content":false,"footnotes":""},"categories":[50,51],"tags":[],"class_list":["post-1413","post","type-post","status-publish","format-standard","has-post-thumbnail","hentry","category-iskola-4-profilja","category-mid"],"jetpack_featured_media_url":"https:\/\/mezosuli.hu\/wp-content\/uploads\/2022\/04\/szakm24.jpg","jetpack_sharing_enabled":true,"_links":{"self":[{"href":"https:\/\/mezosuli.hu\/index.php?rest_route=\/wp\/v2\/posts\/1413","targetHints":{"allow":["GET"]}}],"collection":[{"href":"https:\/\/mezosuli.hu\/index.php?rest_route=\/wp\/v2\/posts"}],"about":[{"href":"https:\/\/mezosuli.hu\/index.php?rest_route=\/wp\/v2\/types\/post"}],"author":[{"embeddable":true,"href":"https:\/\/mezosuli.hu\/index.php?rest_route=\/wp\/v2\/users\/1"}],"replies":[{"embeddable":true,"href":"https:\/\/mezosuli.hu\/index.php?rest_route=%2Fwp%2Fv2%2Fcomments&post=1413"}],"version-history":[{"count":1,"href":"https:\/\/mezosuli.hu\/index.php?rest_route=\/wp\/v2\/posts\/1413\/revisions"}],"predecessor-version":[{"id":2901,"href":"https:\/\/mezosuli.hu\/index.php?rest_route=\/wp\/v2\/posts\/1413\/revisions\/2901"}],"wp:featuredmedia":[{"embeddable":true,"href":"https:\/\/mezosuli.hu\/index.php?rest_route=\/wp\/v2\/media\/1412"}],"wp:attachment":[{"href":"https:\/\/mezosuli.hu\/index.php?rest_route=%2Fwp%2Fv2%2Fmedia&parent=1413"}],"wp:term":[{"taxonomy":"category","embeddable":true,"href":"https:\/\/mezosuli.hu\/index.php?rest_route=%2Fwp%2Fv2%2Fcategories&post=1413"},{"taxonomy":"post_tag","embeddable":true,"href":"https:\/\/mezosuli.hu\/index.php?rest_route=%2Fwp%2Fv2%2Ftags&post=1413"}],"curies":[{"name":"wp","href":"https:\/\/api.w.org\/{rel}","templated":true}]}}