{"id":1419,"date":"2022-04-28T08:21:43","date_gmt":"2022-04-28T06:21:43","guid":{"rendered":"https:\/\/uj.mezosuli.hu\/?p=1419"},"modified":"2026-03-17T10:50:51","modified_gmt":"2026-03-17T09:50:51","slug":"zrinyi-4-o","status":"publish","type":"post","link":"https:\/\/mezosuli.hu\/?p=1419","title":{"rendered":"Zrinyi 4.o"},"content":{"rendered":"<p>&nbsp;<\/p>\n<div style=\"font-family: 'Raleway', sans-serif; text-align: left;\" align=\"center\">\n<section style=\"font-size: 16px;\">\n<p style=\"font-size: 16px; font-family: 'Open Sans', sans-serif; font-weight: 500; text-align: left;\"><span style=\"color: #ff6600; font-size: 20pt; font-variant-caps: small-caps; letter-spacing: 1pt;\">Zrinyi Ilona Matematika verseny <br \/><\/span><\/p>\n<hr \/>\n<div>\n<p class=\"x_x_MsoNormal\"><a href=\"https:\/\/uj.mezosuli.hu\/wp-content\/uploads\/2022\/04\/20220427_132332.jpg\" target=\"_blank\"><img loading=\"lazy\" decoding=\"async\" style=\"border: 5px solid #ffffff; float: left;\" src=\"https:\/\/uj.mezosuli.hu\/wp-content\/uploads\/2022\/04\/20220427_132332.jpg\" alt=\"20220427 132332\" width=\"116\" height=\"155\" \/><\/a>Az als\u00f3 tagozaton <strong>Barab\u00e1s Borb\u00e1la<\/strong> 4.c oszt\u00e1lyos tanul\u00f3 a Zr\u00ednyi Ilona Matematikai Verseny ter\u00fcleti fordul\u00f3j\u00e1n 4. helyez\u00e9st \u00e9rt el, ezzel bejutott az orsz\u00e1gos d\u00f6nt\u0151be! Gratul\u00e1lunk! B\u00fcszk\u00e9k vagyunk r\u00e1d!&nbsp;<\/p>\n<p class=\"x_x_MsoNormal\">H\u00f6chst Katalin (felk\u00e9sz\u00edt\u0151 tan\u00e1r)&nbsp;<\/p>\n<p>&nbsp;<\/p>\n<p>&nbsp;<\/p>\n<\/div>\n<div><em><em><span style=\"font-size: 14pt;\"><span style=\"padding-top: 25px;\"><\/span><\/span><\/em><\/em><\/div>\n<\/section>\n<p style=\"float: right; text-align: right;\"><span style=\"font-size: 16px; font-family: 'Raleway', sans-serif;\">Bud<span>apest, 2022. \u00e1prilis 28<\/span><\/span>.<\/p>\n<\/div>\n","protected":false},"excerpt":{"rendered":"<p>&nbsp; Zrinyi Ilona Matematika verseny Az als\u00f3 tagozaton Barab\u00e1s Borb\u00e1la 4.c oszt\u00e1lyos tanul\u00f3 a Zr\u00ednyi Ilona Matematikai Verseny ter\u00fcleti fordul\u00f3j\u00e1n 4. helyez\u00e9st \u00e9rt el, ezzel bejutott az orsz\u00e1gos d\u00f6nt\u0151be! Gratul\u00e1lunk!&hellip;<\/p>\n","protected":false},"author":1,"featured_media":1418,"comment_status":"closed","ping_status":"open","sticky":false,"template":"","format":"standard","meta":{"_jetpack_memberships_contains_paid_content":false,"footnotes":""},"categories":[45],"tags":[],"class_list":["post-1419","post","type-post","status-publish","format-standard","has-post-thumbnail","hentry","category-2022-hirarchivum"],"jetpack_featured_media_url":"https:\/\/mezosuli.hu\/wp-content\/uploads\/2022\/04\/20220427_132332.jpg","jetpack_sharing_enabled":true,"_links":{"self":[{"href":"https:\/\/mezosuli.hu\/index.php?rest_route=\/wp\/v2\/posts\/1419","targetHints":{"allow":["GET"]}}],"collection":[{"href":"https:\/\/mezosuli.hu\/index.php?rest_route=\/wp\/v2\/posts"}],"about":[{"href":"https:\/\/mezosuli.hu\/index.php?rest_route=\/wp\/v2\/types\/post"}],"author":[{"embeddable":true,"href":"https:\/\/mezosuli.hu\/index.php?rest_route=\/wp\/v2\/users\/1"}],"replies":[{"embeddable":true,"href":"https:\/\/mezosuli.hu\/index.php?rest_route=%2Fwp%2Fv2%2Fcomments&post=1419"}],"version-history":[{"count":1,"href":"https:\/\/mezosuli.hu\/index.php?rest_route=\/wp\/v2\/posts\/1419\/revisions"}],"predecessor-version":[{"id":2756,"href":"https:\/\/mezosuli.hu\/index.php?rest_route=\/wp\/v2\/posts\/1419\/revisions\/2756"}],"wp:featuredmedia":[{"embeddable":true,"href":"https:\/\/mezosuli.hu\/index.php?rest_route=\/wp\/v2\/media\/1418"}],"wp:attachment":[{"href":"https:\/\/mezosuli.hu\/index.php?rest_route=%2Fwp%2Fv2%2Fmedia&parent=1419"}],"wp:term":[{"taxonomy":"category","embeddable":true,"href":"https:\/\/mezosuli.hu\/index.php?rest_route=%2Fwp%2Fv2%2Fcategories&post=1419"},{"taxonomy":"post_tag","embeddable":true,"href":"https:\/\/mezosuli.hu\/index.php?rest_route=%2Fwp%2Fv2%2Ftags&post=1419"}],"curies":[{"name":"wp","href":"https:\/\/api.w.org\/{rel}","templated":true}]}}