{"id":1445,"date":"2022-05-20T10:29:26","date_gmt":"2022-05-20T08:29:26","guid":{"rendered":"https:\/\/uj.mezosuli.hu\/?p=1445"},"modified":"2026-03-20T13:45:22","modified_gmt":"2026-03-20T12:45:22","slug":"mid-verseny-beszamolo-3","status":"publish","type":"post","link":"https:\/\/mezosuli.hu\/?p=1445","title":{"rendered":"MID- szakmai nap"},"content":{"rendered":"<div style=\"font-family: 'Raleway', sans-serif; text-align: left;\" align=\"center\">\n<section style=\"font-size: 16px;\">\n<p style=\"font-size: 16px; font-family: 'Open Sans', sans-serif; font-weight: 500; text-align: left;\"><span style=\"color: #ff6600; font-size: 20pt; font-variant-caps: small-caps; letter-spacing: 1pt;\"><span style=\"color: #008000;\">MEZ\u0150-MID SZAKMAI NAP<\/span><br \/>\n<\/span><\/p>\n<hr \/>\n<div><img loading=\"lazy\" decoding=\"async\" class=\" alignleft size-full wp-image-1443\" style=\"border: 5px solid #ffffff; float: left;\" src=\"https:\/\/uj.mezosuli.hu\/wp-content\/uploads\/2022\/05\/szakm10.jpg\" alt=\"szakm2\" width=\"304\" height=\"172\" srcset=\"https:\/\/mezosuli.hu\/wp-content\/uploads\/2022\/05\/szakm10.jpg 2016w, https:\/\/mezosuli.hu\/wp-content\/uploads\/2022\/05\/szakm10-300x169.jpg 300w, https:\/\/mezosuli.hu\/wp-content\/uploads\/2022\/05\/szakm10-1024x576.jpg 1024w, https:\/\/mezosuli.hu\/wp-content\/uploads\/2022\/05\/szakm10-768x432.jpg 768w, https:\/\/mezosuli.hu\/wp-content\/uploads\/2022\/05\/szakm10-1536x864.jpg 1536w\" sizes=\"auto, (max-width: 304px) 100vw, 304px\" \/><\/div>\n<div><span style=\"color: #ffffff;\">.<\/span><\/div>\n<div>\n<p>K\u00f6sz\u00f6n\u00f6m mindenkinek, aki a mai napot vel\u00fcnk t\u00f6lt\u00f6tte. Megtisztel\u0151 volt sz\u00e1munkra a sok \u00e9rdekl\u0151d\u0151 jelenl\u00e9te: Zugl\u00f3i int\u00e9zm\u00e9nyvezet\u0151k, KPTK int\u00e9zm\u00e9nyi referense , k\u00f6znevel\u00e9si int\u00e9zm\u00e9nyek, \u00e1ltal\u00e1nos \u00e9s k\u00f6z\u00e9piskol\u00e1k, alap\u00edtv\u00e1nyi iskol\u00e1k, mag\u00e1niskol\u00e1k, egyh\u00e1zi iskol\u00e1k vezet\u0151i, pedag\u00f3gusai, nyelviskol\u00e1k, civil szervezetek, egyh\u00e1zi szervezetek, gyermekj\u00f3l\u00e9ti int\u00e9zm\u00e9nyek k\u00e9pvisel\u0151i, Budapestr\u0151l \u00e9s az orsz\u00e1g egy\u00e9b r\u00e9sz\u00e9r\u0151l.<\/p>\n<p>&nbsp;<\/p>\n<p>Szakmai &#8222;flow \u00e9lm\u00e9nyben&#8221; volt r\u00e9szem, r\u00e9sz\u00fcnk. B\u00fcszke vagyok nagyon a kolleg\u00e1imra, a tan\u00edtv\u00e1nyainkra \u00e9s az elismer\u00e9setekre. A teljess\u00e9gr\u0151l, a megold\u00e1sok keres\u00e9s\u00e9r\u0151l a szakma kiv\u00e9teles adom\u00e1nyair\u00f3l, toleranci\u00e1r\u00f3l sz\u00f3lt a nap.<\/p>\n<p>A visszajelz\u00e9seitek adj\u00e1k a lend\u00fcletet a tov\u00e1bbi munk\u00e1nkhoz.<\/p>\n<p style=\"text-align: right;\">\u00a0Gomb\u00e1r Erzs\u00e9bet<\/p>\n<p><img loading=\"lazy\" decoding=\"async\" class=\" alignright size-full wp-image-1444\" style=\"float: right;\" src=\"https:\/\/uj.mezosuli.hu\/wp-content\/uploads\/2022\/05\/szakm11.jpg\" alt=\"szakm11\" width=\"369\" height=\"354\" srcset=\"https:\/\/mezosuli.hu\/wp-content\/uploads\/2022\/05\/szakm11.jpg 1963w, https:\/\/mezosuli.hu\/wp-content\/uploads\/2022\/05\/szakm11-300x288.jpg 300w, https:\/\/mezosuli.hu\/wp-content\/uploads\/2022\/05\/szakm11-1024x984.jpg 1024w, https:\/\/mezosuli.hu\/wp-content\/uploads\/2022\/05\/szakm11-768x738.jpg 768w, https:\/\/mezosuli.hu\/wp-content\/uploads\/2022\/05\/szakm11-1536x1476.jpg 1536w\" sizes=\"auto, (max-width: 369px) 100vw, 369px\" \/>Kedves Erzsi!<\/p>\n<p>Kedves MID-csapat!<\/p>\n<p>Nagyon k\u00f6sz\u00f6n\u00f6m a mai napot!<\/p>\n<p>Nagyon inspir\u00e1l\u00f3 volt ennyi MID-es koll\u00e9g\u00e1val tal\u00e1lkozni, egy\u00fctt gondolkodni, tanulni egym\u00e1st\u00f3l, \u00e9s f\u0151leg T\u0151letek.<\/p>\n<p>V\u00e9gz\u0151s MID-hallgat\u00f3 vagyok a K\u00e1rolin, \u00e9s ukr\u00e1n tizen\u00e9veseket tan\u00edtok Melind\u00e1\u00e9k k\u00f6nyv\u00e9b\u0151l.<\/p>\n<p>K\u00e9t dolgot viszek magammal: a profizmusotokat \u00e9s a szemetek csillog\u00e1s\u00e1t: azt a szeretetet, amivel mindezt csin\u00e1lj\u00e1tok.<\/p>\n<p>K\u00f6sz\u00f6n\u00f6m!<\/p>\n<p>Pogonyi-Chik\u00e1ny Erzs\u00e9bet<\/p>\n<div class=\"x_elementToProof\"><\/div>\n<p>&nbsp;<\/p>\n<p style=\"text-align: center;\"><span style=\"color: #ff6600;\"><a style=\"color: #ff6600;\" href=\"index.php\/2016-02-09-12-12-30\/2016-02-09-12-12-54\/2021-2022-es-tanev\/category\/84-szakmai-nap\" target=\"_blank\" rel=\"noopener\">gal\u00e9ria<\/a><\/span><\/p>\n<\/div>\n<\/section>\n<section style=\"font-size: 16px;\">\n<div dir=\"auto\" style=\"text-align: left; inset: 10px;\">\n<div>\n<p style=\"float: right; text-align: right;\"><span style=\"font-size: 16px; font-family: 'Raleway', sans-serif;\">Budapest, 2022. \u00e1prilis 27.<\/span>.<\/p>\n<\/div>\n<\/div>\n<\/section>\n<\/div>\n","protected":false},"excerpt":{"rendered":"<p>MEZ\u0150-MID SZAKMAI NAP . K\u00f6sz\u00f6n\u00f6m mindenkinek, aki a mai napot vel\u00fcnk t\u00f6lt\u00f6tte. Megtisztel\u0151 volt sz\u00e1munkra a sok \u00e9rdekl\u0151d\u0151 jelenl\u00e9te: Zugl\u00f3i int\u00e9zm\u00e9nyvezet\u0151k, KPTK int\u00e9zm\u00e9nyi referense , k\u00f6znevel\u00e9si int\u00e9zm\u00e9nyek, \u00e1ltal\u00e1nos \u00e9s k\u00f6z\u00e9piskol\u00e1k,&hellip;<\/p>\n","protected":false},"author":1,"featured_media":0,"comment_status":"closed","ping_status":"open","sticky":false,"template":"","format":"standard","meta":{"_jetpack_memberships_contains_paid_content":false,"footnotes":""},"categories":[50,51],"tags":[],"class_list":["post-1445","post","type-post","status-publish","format-standard","hentry","category-iskola-4-profilja","category-mid"],"jetpack_featured_media_url":"","jetpack_sharing_enabled":true,"_links":{"self":[{"href":"https:\/\/mezosuli.hu\/index.php?rest_route=\/wp\/v2\/posts\/1445","targetHints":{"allow":["GET"]}}],"collection":[{"href":"https:\/\/mezosuli.hu\/index.php?rest_route=\/wp\/v2\/posts"}],"about":[{"href":"https:\/\/mezosuli.hu\/index.php?rest_route=\/wp\/v2\/types\/post"}],"author":[{"embeddable":true,"href":"https:\/\/mezosuli.hu\/index.php?rest_route=\/wp\/v2\/users\/1"}],"replies":[{"embeddable":true,"href":"https:\/\/mezosuli.hu\/index.php?rest_route=%2Fwp%2Fv2%2Fcomments&post=1445"}],"version-history":[{"count":2,"href":"https:\/\/mezosuli.hu\/index.php?rest_route=\/wp\/v2\/posts\/1445\/revisions"}],"predecessor-version":[{"id":3529,"href":"https:\/\/mezosuli.hu\/index.php?rest_route=\/wp\/v2\/posts\/1445\/revisions\/3529"}],"wp:attachment":[{"href":"https:\/\/mezosuli.hu\/index.php?rest_route=%2Fwp%2Fv2%2Fmedia&parent=1445"}],"wp:term":[{"taxonomy":"category","embeddable":true,"href":"https:\/\/mezosuli.hu\/index.php?rest_route=%2Fwp%2Fv2%2Fcategories&post=1445"},{"taxonomy":"post_tag","embeddable":true,"href":"https:\/\/mezosuli.hu\/index.php?rest_route=%2Fwp%2Fv2%2Ftags&post=1445"}],"curies":[{"name":"wp","href":"https:\/\/api.w.org\/{rel}","templated":true}]}}