{"id":1450,"date":"2022-05-20T11:19:23","date_gmt":"2022-05-20T09:19:23","guid":{"rendered":"https:\/\/uj.mezosuli.hu\/?p=1450"},"modified":"2026-03-17T10:50:50","modified_gmt":"2026-03-17T09:50:50","slug":"kivalosagok-napja","status":"publish","type":"post","link":"https:\/\/mezosuli.hu\/?p=1450","title":{"rendered":"Kiv\u00e1l\u00f3s\u00e1gok napja"},"content":{"rendered":"<div style=\"font-family: 'Raleway', sans-serif; text-align: center;\" align=\"center\">\n<section style=\"font-size: 16px;\">\n<p style=\"font-size: 16px; font-family: 'Open Sans', sans-serif; font-weight: 500; text-align: left;\"><span style=\"color: #ff6600; font-size: 20pt; font-variant-caps: small-caps; letter-spacing: 1pt;\">Kiv\u00e1l\u00f3s\u00e1gok Napja a K\u00f6z\u00e9p-Pesti Tanker\u00fcleti K\u00f6zpont szervez\u00e9s\u00e9ben<\/span><\/p>\n<hr \/>\n<table>\n<tbody>\n<tr>\n<td style=\"text-align: left;\">\n<p><em>Versenygy\u0151ztesek neve <br \/><\/em><\/p>\n<p>&nbsp;<\/p>\n<\/td>\n<td>\n<p style=\"text-align: center;\"><em>Verseny megnevez\u00e9se<\/em><\/p>\n<p>&nbsp;<\/p>\n<\/td>\n<td>\n<p><em>Felk\u00e9sz\u00edt\u0151 tan\u00e1r neve<\/em><\/p>\n<p>&nbsp;<\/p>\n<\/td>\n<\/tr>\n<tr>\n<td style=\"text-align: left;\">\n<p><strong>Valkai R\u00f3bert<\/strong> 7. o.<\/p>\n<\/td>\n<td style=\"text-align: left;\">\n<p>7-8.oszt\u00e1lyos ker\u00fcleti angolverseny 7.alap kateg\u00f3ria<\/p>\n<\/td>\n<td>\n<p>F\u00fcredi R\u00e9ka<\/p>\n<p>&nbsp;<\/p>\n<\/td>\n<\/tr>\n<tr>\n<td style=\"text-align: left;\">\n<p><strong>Csenki \u00c1kos<\/strong> 8. o.<\/p>\n<\/td>\n<td style=\"text-align: left;\">\n<p>7-8.oszt\u00e1lyos ker\u00fcleti angolverseny 8.alap kateg\u00f3ria<\/p>\n<\/td>\n<td>\n<p>Cs\u00fcrke Gy\u00f6ngyv\u00e9r<\/p>\n<p>&nbsp;<\/p>\n<\/td>\n<\/tr>\n<tr>\n<td style=\"text-align: left;\">\n<p><strong>Addai Baah Aviela<\/strong><\/p>\n<p><strong>Barab\u00e1s Borb\u00e1la<\/strong><\/p>\n<p><strong>Somlai N\u00f3ra<\/strong> 4. o.<\/p>\n<\/td>\n<td style=\"text-align: left;\">\n<p>4. \u00e9vfolyamos Bod P\u00e9ter K\u00f6nyv- \u00e9s K\u00f6nyvt\u00e1rhaszn\u00e1lati<\/p>\n<p>Verseny (csapatverseny)<\/p>\n<\/td>\n<td>\n<p>&nbsp; &nbsp; &nbsp; &nbsp; &nbsp; &nbsp; &nbsp; Kohut-Szecsk\u00f3 Gabriella<\/p>\n<p>&nbsp; &nbsp; &nbsp; &nbsp; &nbsp;&nbsp;&nbsp; Tamas\u00f3czki Mih\u00e1ly Bence<\/p>\n<\/td>\n<\/tr>\n<tr>\n<td style=\"text-align: left;\">\n<p>&nbsp;<\/p>\n<p><strong>Kiss Melitta<\/strong><\/p>\n<p><strong>\u00c1cs Katinka<\/strong><\/p>\n<p><strong>V\u00e9gi Csongor<\/strong> 7. o.<\/p>\n<\/td>\n<td style=\"text-align: left;\">\n<p>XII. Orsz\u00e1gos technikaverseny<\/p>\n<p>Tanker\u00fcleti fordul\u00f3 XIV. ker. &#8211; Csapat I. hely<\/p>\n<\/td>\n<td>\n<p>Bedi J\u00f3zsef<\/p>\n<\/td>\n<\/tr>\n<tr>\n<td style=\"text-align: left;\">\n<p><strong>Kiss Melitta<\/strong> 7. o.<\/p>\n<\/td>\n<td style=\"text-align: left;\">\n<p>XII. Orsz\u00e1gos technikaverseny<\/p>\n<p>Tanker\u00fcleti fordul\u00f3 XIV. ker. &#8211; Egy\u00e9ni, legjobb elm\u00e9letet<\/p>\n<p>\u00edr\u00f3 tanul\u00f3 I. hely<\/p>\n<\/td>\n<td>\n<p>Bedi J\u00f3zsef<\/p>\n<\/td>\n<\/tr>\n<tr>\n<td style=\"text-align: left;\">\n<p><strong>V\u00e9gi Csongor<\/strong> 7.o.&nbsp;&nbsp;&nbsp;&nbsp; &nbsp;&nbsp; &nbsp;&nbsp;&nbsp;<\/p>\n<\/td>\n<td style=\"text-align: left;\">\n<p>XII. Orsz\u00e1gos technikaverseny<\/p>\n<p>Tanker\u00fcleti fordul\u00f3 XIV. ker. &#8211; Egy\u00e9ni, legjobb elm\u00e9letet<\/p>\n<p>\u00edr\u00f3 tanul\u00f3 I. hely<\/p>\n<\/td>\n<td>\n<p>&nbsp;&nbsp;&nbsp; Bedi J\u00f3zsef<\/p>\n<\/td>\n<\/tr>\n<\/tbody>\n<\/table>\n<p>&nbsp;<\/p>\n<p style=\"text-align: justify;\">A Dr. Mez\u0151 kiv\u00e1l\u00f3s\u00e1gainak \u00e9s felk\u00e9sz\u00edt\u0151 tan\u00e1rainak nagy elismer\u00e9ssel gratul\u00e1lok, k\u00f6sz\u00f6n\u00f6m nektek a siker \u00fajabb \u00f6r\u00f6m\u00e9t!<\/p>\n<p><img loading=\"lazy\" decoding=\"async\" class=\" size-full wp-image-1449\" style=\"display: block; margin-left: auto; margin-right: auto;\" src=\"https:\/\/uj.mezosuli.hu\/wp-content\/uploads\/2022\/05\/kivnap2022.jpg\" alt=\"kivnap2022\" width=\"770\" height=\"539\" srcset=\"https:\/\/mezosuli.hu\/wp-content\/uploads\/2022\/05\/kivnap2022.jpg 870w, https:\/\/mezosuli.hu\/wp-content\/uploads\/2022\/05\/kivnap2022-300x210.jpg 300w, https:\/\/mezosuli.hu\/wp-content\/uploads\/2022\/05\/kivnap2022-768x538.jpg 768w\" sizes=\"auto, (max-width: 770px) 100vw, 770px\" \/><\/p>\n<p><span style=\"color: #ff6600;\"><a style=\"color: #ff6600;\" href=\"index.php\/2016-02-09-12-12-30\/2016-02-09-12-12-54\/2021-2022-es-tanev\/category\/85-kivalosagok-napja-2022\" target=\"_blank\" rel=\"noopener\">gal\u00e9ria<\/a><\/span><\/p>\n<div style=\"text-align: right;\">Gomb\u00e1r Erzs\u00e9bet<\/div>\n<p><\/p>\n<div dir=\"auto\" style=\"inset: 10px; text-align: right;\"><span style=\"font-size: 16px; font-family: 'Raleway', sans-serif;\"><span>Budapest, 2022. m\u00e1jus 20.<\/span><br \/><\/span><\/div>\n<\/section>\n<\/div>\n","protected":false},"excerpt":{"rendered":"<p>Kiv\u00e1l\u00f3s\u00e1gok Napja a K\u00f6z\u00e9p-Pesti Tanker\u00fcleti K\u00f6zpont szervez\u00e9s\u00e9ben Versenygy\u0151ztesek neve &nbsp; Verseny megnevez\u00e9se &nbsp; Felk\u00e9sz\u00edt\u0151 tan\u00e1r neve &nbsp; Valkai R\u00f3bert 7. o. 7-8.oszt\u00e1lyos ker\u00fcleti angolverseny 7.alap kateg\u00f3ria F\u00fcredi R\u00e9ka &nbsp; Csenki&hellip;<\/p>\n","protected":false},"author":1,"featured_media":1449,"comment_status":"closed","ping_status":"open","sticky":false,"template":"","format":"standard","meta":{"_jetpack_memberships_contains_paid_content":false,"footnotes":""},"categories":[45],"tags":[],"class_list":["post-1450","post","type-post","status-publish","format-standard","has-post-thumbnail","hentry","category-2022-hirarchivum"],"jetpack_featured_media_url":"https:\/\/mezosuli.hu\/wp-content\/uploads\/2022\/05\/kivnap2022.jpg","jetpack_sharing_enabled":true,"_links":{"self":[{"href":"https:\/\/mezosuli.hu\/index.php?rest_route=\/wp\/v2\/posts\/1450","targetHints":{"allow":["GET"]}}],"collection":[{"href":"https:\/\/mezosuli.hu\/index.php?rest_route=\/wp\/v2\/posts"}],"about":[{"href":"https:\/\/mezosuli.hu\/index.php?rest_route=\/wp\/v2\/types\/post"}],"author":[{"embeddable":true,"href":"https:\/\/mezosuli.hu\/index.php?rest_route=\/wp\/v2\/users\/1"}],"replies":[{"embeddable":true,"href":"https:\/\/mezosuli.hu\/index.php?rest_route=%2Fwp%2Fv2%2Fcomments&post=1450"}],"version-history":[{"count":1,"href":"https:\/\/mezosuli.hu\/index.php?rest_route=\/wp\/v2\/posts\/1450\/revisions"}],"predecessor-version":[{"id":2768,"href":"https:\/\/mezosuli.hu\/index.php?rest_route=\/wp\/v2\/posts\/1450\/revisions\/2768"}],"wp:featuredmedia":[{"embeddable":true,"href":"https:\/\/mezosuli.hu\/index.php?rest_route=\/wp\/v2\/media\/1449"}],"wp:attachment":[{"href":"https:\/\/mezosuli.hu\/index.php?rest_route=%2Fwp%2Fv2%2Fmedia&parent=1450"}],"wp:term":[{"taxonomy":"category","embeddable":true,"href":"https:\/\/mezosuli.hu\/index.php?rest_route=%2Fwp%2Fv2%2Fcategories&post=1450"},{"taxonomy":"post_tag","embeddable":true,"href":"https:\/\/mezosuli.hu\/index.php?rest_route=%2Fwp%2Fv2%2Ftags&post=1450"}],"curies":[{"name":"wp","href":"https:\/\/api.w.org\/{rel}","templated":true}]}}