{"id":1473,"date":"2022-06-02T13:47:59","date_gmt":"2022-06-02T11:47:59","guid":{"rendered":"https:\/\/uj.mezosuli.hu\/?p=1473"},"modified":"2026-03-17T10:50:50","modified_gmt":"2026-03-17T09:50:50","slug":"nemzeti-on","status":"publish","type":"post","link":"https:\/\/mezosuli.hu\/?p=1473","title":{"rendered":"Nemzeti \u00d6N"},"content":{"rendered":"<div style=\"font-family: 'Raleway', sans-serif; text-align: right;\" align=\"center\">\n<section style=\"font-size: 16px;\">\n<p style=\"font-size: 16px; font-family: 'Open Sans', sans-serif; font-weight: 500; text-align: justify;\"><span style=\"color: #000000; font-size: 20pt; font-variant-caps: small-caps; letter-spacing: 1pt;\">Nemzeti \u00d6sszetartoz\u00e1s Napja<\/span><\/p>\n<hr \/>\n<div class=\"\" dir=\"auto\">\n<div id=\"jsc_c_os\" class=\"ecm0bbzt hv4rvrfc ihqw7lf3 dati1w0a\" data-ad-comet-preview=\"message\" data-ad-preview=\"message\">\n<div class=\"j83agx80 cbu4d94t ew0dbk1b irj2b8pg\">\n<div class=\"qzhwtbm6 knvmm38d\">\n<div class=\"kvgmc6g5 cxmmr5t8 oygrvhab hcukyx3x c1et5uql ii04i59q\">\n<div dir=\"auto\" style=\"text-align: justify;\">Iskol\u00e1nk id\u00e9n csatlakozott Szarka Tam\u00e1s Kossuth-d\u00edjas zeneszerz\u0151 2019-ben ind\u00edtott kezdem\u00e9nyez\u00e9s\u00e9hez, melynek c\u00e9lja, hogy a K\u00e9zfog\u00e1s c\u00edm\u0171 dal k\u00f6z\u00f6s \u00e9nekl\u00e9s\u00e9vel eml\u00e9kezz\u00fcnk a Nemzeti \u00d6sszetartoz\u00e1s Napj\u00e1n.<\/p>\n<p>2022. j\u00fanius 2-\u00e1n felvett\u00fck iskol\u00e1nk kisk\u00f3rus\u00e1nak el\u0151ad\u00e1s\u00e1ban a K\u00e9zfog\u00e1s c\u00edm\u0171 dalt.<\/p>\n<p>A <a href=\"https:\/\/youtu.be\/EDBNdvx2FHE\" target=\"_blank\" rel=\"noopener\">vide\u00f3<\/a> felt\u00f6lt\u00e9sre ker\u00fclt j\u00fanius 3-\u00e1n a rendezv\u00e9ny hivatalos Facebook-esem\u00e9ny\u00e9hez.<\/p>\n<p>A dalt betan\u00edtotta Szab\u00f3 J\u00falia \u00e9s Kocsis Klaudia, git\u00e1ron k\u00eds\u00e9rt Tamas\u00f3czki Bence Mih\u00e1ly.<\/p>\n<\/div>\n<\/div>\n<\/div>\n<\/div>\n<\/div>\n<\/div>\n<\/section>\n<section style=\"font-size: 16px;\">\n<div dir=\"auto\" style=\"inset: 10px; text-align: right;\"><span style=\"font-size: 16px; font-family: 'Raleway', sans-serif;\"><span>Budapest, 2022. j\u00fanius 02.<\/span><br \/><\/span><\/div>\n<\/section>\n<\/div>\n","protected":false},"excerpt":{"rendered":"<p>Nemzeti \u00d6sszetartoz\u00e1s Napja Iskol\u00e1nk id\u00e9n csatlakozott Szarka Tam\u00e1s Kossuth-d\u00edjas zeneszerz\u0151 2019-ben ind\u00edtott kezdem\u00e9nyez\u00e9s\u00e9hez, melynek c\u00e9lja, hogy a K\u00e9zfog\u00e1s c\u00edm\u0171 dal k\u00f6z\u00f6s \u00e9nekl\u00e9s\u00e9vel eml\u00e9kezz\u00fcnk a Nemzeti \u00d6sszetartoz\u00e1s Napj\u00e1n. 2022. j\u00fanius 2-\u00e1n&hellip;<\/p>\n","protected":false},"author":1,"featured_media":0,"comment_status":"closed","ping_status":"open","sticky":false,"template":"","format":"standard","meta":{"_jetpack_memberships_contains_paid_content":false,"footnotes":""},"categories":[45],"tags":[],"class_list":["post-1473","post","type-post","status-publish","format-standard","hentry","category-2022-hirarchivum"],"jetpack_featured_media_url":"","jetpack_sharing_enabled":true,"_links":{"self":[{"href":"https:\/\/mezosuli.hu\/index.php?rest_route=\/wp\/v2\/posts\/1473","targetHints":{"allow":["GET"]}}],"collection":[{"href":"https:\/\/mezosuli.hu\/index.php?rest_route=\/wp\/v2\/posts"}],"about":[{"href":"https:\/\/mezosuli.hu\/index.php?rest_route=\/wp\/v2\/types\/post"}],"author":[{"embeddable":true,"href":"https:\/\/mezosuli.hu\/index.php?rest_route=\/wp\/v2\/users\/1"}],"replies":[{"embeddable":true,"href":"https:\/\/mezosuli.hu\/index.php?rest_route=%2Fwp%2Fv2%2Fcomments&post=1473"}],"version-history":[{"count":1,"href":"https:\/\/mezosuli.hu\/index.php?rest_route=\/wp\/v2\/posts\/1473\/revisions"}],"predecessor-version":[{"id":2777,"href":"https:\/\/mezosuli.hu\/index.php?rest_route=\/wp\/v2\/posts\/1473\/revisions\/2777"}],"wp:attachment":[{"href":"https:\/\/mezosuli.hu\/index.php?rest_route=%2Fwp%2Fv2%2Fmedia&parent=1473"}],"wp:term":[{"taxonomy":"category","embeddable":true,"href":"https:\/\/mezosuli.hu\/index.php?rest_route=%2Fwp%2Fv2%2Fcategories&post=1473"},{"taxonomy":"post_tag","embeddable":true,"href":"https:\/\/mezosuli.hu\/index.php?rest_route=%2Fwp%2Fv2%2Ftags&post=1473"}],"curies":[{"name":"wp","href":"https:\/\/api.w.org\/{rel}","templated":true}]}}