{"id":148,"date":"2017-05-03T13:26:07","date_gmt":"2017-05-03T11:26:07","guid":{"rendered":"https:\/\/uj.mezosuli.hu\/?p=148"},"modified":"2026-03-20T10:18:41","modified_gmt":"2026-03-20T09:18:41","slug":"a-kolteszet-napja-2017","status":"publish","type":"post","link":"https:\/\/mezosuli.hu\/?p=148","title":{"rendered":"A K\u00f6lt\u00e9szet Napja 2017"},"content":{"rendered":"<hr \/>\n<div align=\"center\">\n<section style=\"font-size: 16px;\"><span style=\"font-size: 20pt; font-variant: small-caps; letter-spacing: 1px; color: maroon;\">A K\u00f6lt\u00e9szet Napja 2017<\/span><\/p>\n<p>A k\u00f6lt\u00e9szet napj\u00e1t, rendhagy\u00f3 m\u00f3don, a K \u2013 Ember zenekar koncertj\u00e9vel \u00fcnnepelte iskol\u00e1nk.<\/p>\n<p><img loading=\"lazy\" decoding=\"async\" class=\" size-full wp-image-145\" src=\"https:\/\/uj.mezosuli.hu\/wp-content\/uploads\/2017\/05\/ke_01.png\" alt=\"\" width=\"240\" height=\"180\" \/>\u00a0\u00a0\u00a0<img loading=\"lazy\" decoding=\"async\" class=\" size-full wp-image-146\" src=\"https:\/\/uj.mezosuli.hu\/wp-content\/uploads\/2017\/05\/ke_02.png\" alt=\"\" width=\"240\" height=\"180\" \/><\/p>\n<p>Klasszikus \u00e9s kort\u00e1rs k\u00f6lt\u0151k megzen\u00e9s\u00edtett verseit hallgatta \u00e9lvezettel a k\u00f6z\u00f6ns\u00e9g.<\/p>\n<p><img loading=\"lazy\" decoding=\"async\" class=\" size-full wp-image-147\" src=\"https:\/\/uj.mezosuli.hu\/wp-content\/uploads\/2017\/05\/ke_03.png\" alt=\"\" width=\"480\" height=\"360\" srcset=\"https:\/\/mezosuli.hu\/wp-content\/uploads\/2017\/05\/ke_03.png 480w, https:\/\/mezosuli.hu\/wp-content\/uploads\/2017\/05\/ke_03-300x225.png 300w\" sizes=\"auto, (max-width: 480px) 100vw, 480px\" \/><\/p>\n<p><strong>K\u00f6sz\u00f6nj\u00fck vend\u00e9geink nagyszer\u0171 el\u0151ad\u00e1s\u00e1t!<\/strong><\/p>\n<p>A k\u00f6vetkez\u0151 linken megtekinthet\u0151 a koncert teljes vide\u00f3 anyaga: <a href=\"https:\/\/www.youtube.com\/watch?v=XSNtNERf8mA\" target=\"_blank\" rel=\"noopener noreferrer\">K-Ember Zenekar koncert<\/a><\/p>\n<p>&nbsp;<\/p>\n<p style=\"float: right;\"><span style=\"font-size: 16px;\">Budapest, 2017 \u00e1prilis<br \/>\n<\/span><\/p>\n<\/section>\n<\/div>\n","protected":false},"excerpt":{"rendered":"<p>A K\u00f6lt\u00e9szet Napja 2017 A k\u00f6lt\u00e9szet napj\u00e1t, rendhagy\u00f3 m\u00f3don, a K \u2013 Ember zenekar koncertj\u00e9vel \u00fcnnepelte iskol\u00e1nk. \u00a0\u00a0\u00a0 Klasszikus \u00e9s kort\u00e1rs k\u00f6lt\u0151k megzen\u00e9s\u00edtett verseit hallgatta \u00e9lvezettel a k\u00f6z\u00f6ns\u00e9g. K\u00f6sz\u00f6nj\u00fck vend\u00e9geink&hellip;<\/p>\n","protected":false},"author":1,"featured_media":0,"comment_status":"closed","ping_status":"open","sticky":false,"template":"","format":"standard","meta":{"_jetpack_memberships_contains_paid_content":false,"footnotes":""},"categories":[39],"tags":[],"class_list":["post-148","post","type-post","status-publish","format-standard","hentry","category-2017-hirarchivum"],"jetpack_featured_media_url":"","jetpack_sharing_enabled":true,"_links":{"self":[{"href":"https:\/\/mezosuli.hu\/index.php?rest_route=\/wp\/v2\/posts\/148","targetHints":{"allow":["GET"]}}],"collection":[{"href":"https:\/\/mezosuli.hu\/index.php?rest_route=\/wp\/v2\/posts"}],"about":[{"href":"https:\/\/mezosuli.hu\/index.php?rest_route=\/wp\/v2\/types\/post"}],"author":[{"embeddable":true,"href":"https:\/\/mezosuli.hu\/index.php?rest_route=\/wp\/v2\/users\/1"}],"replies":[{"embeddable":true,"href":"https:\/\/mezosuli.hu\/index.php?rest_route=%2Fwp%2Fv2%2Fcomments&post=148"}],"version-history":[{"count":2,"href":"https:\/\/mezosuli.hu\/index.php?rest_route=\/wp\/v2\/posts\/148\/revisions"}],"predecessor-version":[{"id":3394,"href":"https:\/\/mezosuli.hu\/index.php?rest_route=\/wp\/v2\/posts\/148\/revisions\/3394"}],"wp:attachment":[{"href":"https:\/\/mezosuli.hu\/index.php?rest_route=%2Fwp%2Fv2%2Fmedia&parent=148"}],"wp:term":[{"taxonomy":"category","embeddable":true,"href":"https:\/\/mezosuli.hu\/index.php?rest_route=%2Fwp%2Fv2%2Fcategories&post=148"},{"taxonomy":"post_tag","embeddable":true,"href":"https:\/\/mezosuli.hu\/index.php?rest_route=%2Fwp%2Fv2%2Ftags&post=148"}],"curies":[{"name":"wp","href":"https:\/\/api.w.org\/{rel}","templated":true}]}}