{"id":1481,"date":"2022-06-03T08:09:21","date_gmt":"2022-06-03T06:09:21","guid":{"rendered":"https:\/\/uj.mezosuli.hu\/?p=1481"},"modified":"2026-03-17T10:50:50","modified_gmt":"2026-03-17T09:50:50","slug":"fiatal-pedagogusok-2022","status":"publish","type":"post","link":"https:\/\/mezosuli.hu\/?p=1481","title":{"rendered":"Fiatal Pedag\u00f3gusok 2022"},"content":{"rendered":"<div style=\"font-family: 'Raleway', sans-serif; text-align: right;\" align=\"center\">\n<section style=\"font-size: 16px;\">\n<p style=\"font-size: 16px; font-family: 'Open Sans', sans-serif; font-weight: 500; text-align: justify;\"><span style=\"color: #000000; font-size: 20pt; font-variant-caps: small-caps; letter-spacing: 1pt;\"><span style=\"color: #ff6600;\">Fiatal Pedag\u00f3gusok Elismer\u0151 Oklevele<\/span><br \/><\/span><\/p>\n<hr \/>\n<div class=\"\" dir=\"auto\">\n<div id=\"jsc_c_os\" class=\"ecm0bbzt hv4rvrfc ihqw7lf3 dati1w0a\" data-ad-comet-preview=\"message\" data-ad-preview=\"message\">\n<div class=\"j83agx80 cbu4d94t ew0dbk1b irj2b8pg\">\n<div class=\"qzhwtbm6 knvmm38d\">\n<div class=\"kvgmc6g5 cxmmr5t8 oygrvhab hcukyx3x c1et5uql ii04i59q\">\n<div dir=\"auto\" style=\"text-align: justify;\">\n<div dir=\"auto\" style=\"text-align: center;\"><strong><a href=\"https:\/\/uj.mezosuli.hu\/wp-content\/uploads\/2022\/06\/Bakkai_oklevel.jpg\" target=\"_blank\"><img loading=\"lazy\" decoding=\"async\" style=\"border: 5px solid #ffffff; float: left;\" src=\"https:\/\/uj.mezosuli.hu\/wp-content\/uploads\/2022\/06\/Bakkai_oklevel.jpg\" alt=\"20220601 112213\" width=\"150\" height=\"224\" \/><\/a><\/strong><\/p>\n<div class=\"\" dir=\"auto\">\n<div id=\"jsc_c_7c\" class=\"ecm0bbzt hv4rvrfc ihqw7lf3 dati1w0a\" data-ad-comet-preview=\"message\" data-ad-preview=\"message\">\n<div class=\"j83agx80 cbu4d94t ew0dbk1b irj2b8pg\">\n<div class=\"qzhwtbm6 knvmm38d\">\n<div class=\"kvgmc6g5 cxmmr5t8 oygrvhab hcukyx3x c1et5uql ii04i59q\">\n<div dir=\"auto\" style=\"text-align: justify;\"><strong>Bakkai Melinda<\/strong> m\u00e1t\u00f3l Zugl\u00f3 elismert,fiatal pedag\u00f3gusa! Hihetetlen\u00fcl boldogan, el\u00e9gedetten k\u00f6zel\u00edtek egy sikeres tan\u00e9v v\u00e9g\u00e9hez. Szerencs\u00e9s vagyok, hogy 2 mark\u00e1ns \u201ejobbk\u00e9z\u201d seg\u00edti az iskolavezet\u00e9semet. K\u00f6z\u00fcl\u00fck ma, az egyik, Bakkai Melinda a \u201eFiatal Pedag\u00f3gusok Elismer\u0151 Oklevele\u201d c\u00edmet vehette \u00e1t a Zugl\u00f3i \u00d6nkorm\u00e1nyzat pedag\u00f3gus napj\u00e1n. Ezt 5. \u00e9ve vezet\u0151 beoszt\u00e1sban v\u00e9gzett, kiv\u00e9teles min\u0151s\u00e9g\u0171 munk\u00e1j\u00e1nak k\u00f6sz\u00f6nheti.<\/div>\n<div dir=\"auto\" style=\"text-align: justify;\">Melinda 33 \u00e9vesen a Dr. Mez\u0151 Ferenc \u00c1ltal\u00e1nos Iskola \u00e1ltal\u00e1nos igazgat\u00f3helyettese, 2017 november\u00e9t\u0151l megb\u00edzott, 2019. augusztus 31-t\u0151l kinevezett st\u00e1tuszban. \u00cdzig-v\u00e9rig elk\u00f6telezett pedag\u00f3gus, rendszerszeml\u00e9let\u0171 &#8211; probl\u00e9mamegold\u00f3, minden munk\u00e1j\u00e1t a prec\u00edzs\u00e9g, maximalizmus jellemzi, az emp\u00e1tia \u00e9s hum\u00e1num k\u00eds\u00e9ret\u00e9ben. N\u00e9pszer\u0171 a gyerekek k\u00f6r\u00e9ben szeretetteljes, k\u00f6vetkezetes, inspir\u00e1l\u00f3 pedag\u00f3giai szeml\u00e9lete miatt, kolleg\u00e1i elismer\u00e9s\u00e9t megb\u00edzhat\u00f3, t\u00e1mogat\u00f3, toler\u00e1ns attit\u0171dj\u00e9vel, kiemelked\u0151 szakmai munk\u00e1j\u00e1val, pozit\u00edv \u00e9rt\u00e9krendet k\u00e9pvisel\u0151 tart\u00e1s\u00e1val v\u00edvta ki. Nem volt k\u00f6nny\u0171 dolga. Fiatal kora miatt, sok el\u0151\u00edt\u00e9lettel kellett szemben\u00e9znie, de bebizony\u00edtotta, hogy a hiteless\u00e9g, a min\u0151s\u00e9g, soha nem az \u00e9letkorunk f\u00fcggv\u00e9nye. Hittem benne, b\u00edztam tehets\u00e9g\u00e9ben \u00e9s az \u00e9let igazolta a d\u00f6nt\u00e9s helyess\u00e9g\u00e9t. V\u00e9gtelen h\u00e1l\u00e1val k\u00f6sz\u00f6n\u00f6m a munk\u00e1j\u00e1t \u00e9s \u00fcdv\u00f6zl\u00f6m a pedag\u00f3gusok \u201e\u00faj gener\u00e1ci\u00f3j\u00e1t\u201d \u2013 minden neh\u00e9zs\u00e9g ellen\u00e9re van rem\u00e9ny, van szakma, van tehets\u00e9g. Sz\u00edvb\u0151l, szeretettel, elismer\u00e9ssel gratul\u00e1lok Melinda!<\/div>\n<\/div>\n<div class=\"kvgmc6g5 cxmmr5t8 oygrvhab hcukyx3x c1et5uql ii04i59q\"><a href=\"https:\/\/uj.mezosuli.hu\/wp-content\/uploads\/2022\/06\/Felterjesztes_Bakkai_Melinda.pdf\" target=\"_blank\"><img loading=\"lazy\" decoding=\"async\" src=\"https:\/\/uj.mezosuli.hu\/wp-content\/uploads\/2022\/06\/BakkaiM_felterj.png\" alt=\"BakkaiM felterj\" width=\"341\" height=\"150\" \/> &nbsp; &nbsp; <\/a><a href=\"https:\/\/uj.mezosuli.hu\/wp-content\/uploads\/2022\/06\/Bakkai_20220602.jpg\" target=\"_blank\"><img loading=\"lazy\" decoding=\"async\" src=\"https:\/\/uj.mezosuli.hu\/wp-content\/uploads\/2022\/06\/Bakkai_20220602.jpg\" alt=\"Bakkai 20220602\" width=\"174\" height=\"330\" \/><\/a> &nbsp;&nbsp; &nbsp; <a href=\"https:\/\/uj.mezosuli.hu\/wp-content\/uploads\/2022\/06\/Bakkai_20220602_2.jpg\" target=\"_blank\"><img loading=\"lazy\" decoding=\"async\" src=\"https:\/\/uj.mezosuli.hu\/wp-content\/uploads\/2022\/06\/Bakkai_20220602_2.jpg\" alt=\"Bakkai 20220602 2\" width=\"199\" height=\"380\" \/><\/a> &nbsp; &nbsp;&nbsp;<\/div>\n<\/div>\n<\/div>\n<\/div>\n<\/div>\n<p><span style=\"color: #ff6600;\"><\/span><\/p>\n<div>&nbsp;<\/div>\n<div>&nbsp;<\/div>\n<div dir=\"auto\" style=\"text-align: right;\">Gomb\u00e1r Erzs\u00e9bet<\/div>\n<\/div>\n<\/div>\n<\/div>\n<\/div>\n<\/div>\n<\/div>\n<\/div>\n<\/section>\n<section style=\"font-size: 16px;\">\n<div dir=\"auto\" style=\"inset: 10px; text-align: right;\"><span style=\"font-size: 16px; font-family: 'Raleway', sans-serif;\"><span>Budapest, 2022. j\u00fanius 03.<\/span><br \/><\/span><\/div>\n<\/section>\n<\/div>\n","protected":false},"excerpt":{"rendered":"<p>Fiatal Pedag\u00f3gusok Elismer\u0151 Oklevele Bakkai Melinda m\u00e1t\u00f3l Zugl\u00f3 elismert,fiatal pedag\u00f3gusa! Hihetetlen\u00fcl boldogan, el\u00e9gedetten k\u00f6zel\u00edtek egy sikeres tan\u00e9v v\u00e9g\u00e9hez. Szerencs\u00e9s vagyok, hogy 2 mark\u00e1ns \u201ejobbk\u00e9z\u201d seg\u00edti az iskolavezet\u00e9semet. K\u00f6z\u00fcl\u00fck ma, az&hellip;<\/p>\n","protected":false},"author":1,"featured_media":1476,"comment_status":"closed","ping_status":"open","sticky":false,"template":"","format":"standard","meta":{"_jetpack_memberships_contains_paid_content":false,"footnotes":""},"categories":[45],"tags":[],"class_list":["post-1481","post","type-post","status-publish","format-standard","has-post-thumbnail","hentry","category-2022-hirarchivum"],"jetpack_featured_media_url":"https:\/\/mezosuli.hu\/wp-content\/uploads\/2022\/06\/Bakkai_oklevel.jpg","jetpack_sharing_enabled":true,"_links":{"self":[{"href":"https:\/\/mezosuli.hu\/index.php?rest_route=\/wp\/v2\/posts\/1481","targetHints":{"allow":["GET"]}}],"collection":[{"href":"https:\/\/mezosuli.hu\/index.php?rest_route=\/wp\/v2\/posts"}],"about":[{"href":"https:\/\/mezosuli.hu\/index.php?rest_route=\/wp\/v2\/types\/post"}],"author":[{"embeddable":true,"href":"https:\/\/mezosuli.hu\/index.php?rest_route=\/wp\/v2\/users\/1"}],"replies":[{"embeddable":true,"href":"https:\/\/mezosuli.hu\/index.php?rest_route=%2Fwp%2Fv2%2Fcomments&post=1481"}],"version-history":[{"count":1,"href":"https:\/\/mezosuli.hu\/index.php?rest_route=\/wp\/v2\/posts\/1481\/revisions"}],"predecessor-version":[{"id":2779,"href":"https:\/\/mezosuli.hu\/index.php?rest_route=\/wp\/v2\/posts\/1481\/revisions\/2779"}],"wp:featuredmedia":[{"embeddable":true,"href":"https:\/\/mezosuli.hu\/index.php?rest_route=\/wp\/v2\/media\/1476"}],"wp:attachment":[{"href":"https:\/\/mezosuli.hu\/index.php?rest_route=%2Fwp%2Fv2%2Fmedia&parent=1481"}],"wp:term":[{"taxonomy":"category","embeddable":true,"href":"https:\/\/mezosuli.hu\/index.php?rest_route=%2Fwp%2Fv2%2Fcategories&post=1481"},{"taxonomy":"post_tag","embeddable":true,"href":"https:\/\/mezosuli.hu\/index.php?rest_route=%2Fwp%2Fv2%2Ftags&post=1481"}],"curies":[{"name":"wp","href":"https:\/\/api.w.org\/{rel}","templated":true}]}}