{"id":1548,"date":"2022-09-02T07:53:49","date_gmt":"2022-09-02T05:53:49","guid":{"rendered":"https:\/\/uj.mezosuli.hu\/?p=1548"},"modified":"2026-03-20T13:59:51","modified_gmt":"2026-03-20T12:59:51","slug":"ev-pedagogusa","status":"publish","type":"post","link":"https:\/\/mezosuli.hu\/?p=1548","title":{"rendered":"\u00c9v Pedag\u00f3gusa"},"content":{"rendered":"<div style=\"font-family: 'Raleway', sans-serif; text-align: right;\" align=\"center\">\n<section style=\"font-size: 16px;\">\n<p style=\"font-size: 16px; font-family: 'Open Sans', sans-serif; font-weight: 500; text-align: justify;\"><span style=\"color: #008000; font-size: 20pt; font-variant-caps: small-caps; letter-spacing: 1pt;\">Az \u00c9v Pedag\u00f3gusa<\/span><\/p>\n<hr \/>\n<div class=\"x_elementToProof\" style=\"text-align: justify;\">\n<div dir=\"auto\" style=\"text-align: right;\">\n<div dir=\"auto\" style=\"text-align: justify;\">\n<p><a href=\"https:\/\/uj.mezosuli.hu\/wp-content\/uploads\/2022\/09\/OM1.jpg\" target=\"_blank\" rel=\"noopener\"><img loading=\"lazy\" decoding=\"async\" style=\"border: 10px solid #ffffff; float: right;\" src=\"https:\/\/uj.mezosuli.hu\/wp-content\/uploads\/2022\/09\/OM1.jpg\" alt=\"290343989 5591107470908276 3116103203711203308 n\" width=\"120\" height=\"179\" \/><\/a><\/p>\n<p>A tan\u00e9v utols\u00f3 napj\u00e1n \u00fajabb mez\u0151s kit\u00fcntet\u00e9s!<\/p>\n<p>Az \u00c9v Pedag\u00f3gusa D\u00edjat vette \u00e1t ma <strong>Ottucs\u00e1k Melinda Anik\u00f3<\/strong>.<\/p>\n<p>Az elismer\u00e9shez sz\u00edvb\u0151l, nagyon b\u00fcszk\u00e9n gratul\u00e1lok!<\/p>\n<p>Szakmai \u00e9rdemei:<\/p>\n<p>Ottucs\u00e1k Melinda Anik\u00f3 az elm\u00falt 4 \u00e9vben kiemelked\u0151 szakmai munk\u00e1t v\u00e9gzett a Dr. Mez\u0151 Ferenc \u00c1ltal\u00e1nos Iskol\u00e1ban, a K\u00f6z\u00e9p-Pesti Tanker\u00fcleti K\u00f6zpont ter\u00fclet\u00e9n \u00e9s orsz\u00e1gos vonatkoz\u00e1sban is a magyar mint idegen nyelv tant\u00e1rgy oktat\u00e1s\u00e1val, m\u00f3dszertani tud\u00e1s\u00e1nak megoszt\u00e1s\u00e1val. Tev\u00e9kenys\u00e9ge jelent\u0151sen meghat\u00e1rozza a menek\u00fclt, mened\u00e9kes, idegen anyanyelv\u0171 tanul\u00f3k integr\u00e1ci\u00f3j\u00e1t \u00e9s a magyar tanul\u00f3k \u00e9rz\u00e9keny\u00edt\u00e9s\u00e9t. Magyartan\u00e1r \u00e9s oszt\u00e1lyf\u0151n\u00f6k is. Melinda a pedag\u00f3gusi tev\u00e9kenys\u00e9g\u00e9n t\u00fal rendszeresen publik\u00e1l ebben a t\u00e9m\u00e1ban, konferenci\u00e1kon tart el\u0151ad\u00e1st, tank\u00f6nyvet \u00e9s munkaf\u00fczetet \u00edr, digit\u00e1lis tananyagot fejleszt. A szakma kiemelked\u0151 tan\u00e1regy\u00e9nis\u00e9ge, inkluz\u00edv, kreat\u00edv, empatikus egy\u00e9nis\u00e9ge gazdag\u00edtja Zugl\u00f3 k\u00f6znevel\u00e9s\u00e9t, k\u00f6zoktat\u00e1s\u00e1t \u00e9s orsz\u00e1gos szinten is nevet szerzett.<\/p>\n<p>Melinda a Dr. Mez\u0151 Ferenc \u00c1ltal\u00e1nos Iskola magyar-magyar mint idegen nyelv szakos tan\u00e1ra, b\u00f6lcs\u00e9sz \u00e9s eszt\u00e9tika szakos diplom\u00e1ja mellett fels\u0151fok\u00fa angol \u00e9s k\u00f6z\u00e9pfok\u00fa n\u00e9met nyelvvizsg\u00e1val is rendelkezik. Mentortan\u00e1ri szakvizsg\u00e1t tett 2 \u00e9ve a K\u00e1roli G\u00e1sp\u00e1r Reform\u00e1tus Egyetemen. Mivel int\u00e9zm\u00e9ny\u00fcnk partneriskol\u00e1ja ennek az egyetemnek, \u00edgy hallgat\u00f3k gyakorlati k\u00e9pz\u00e9s\u00e9t \u0151 szervezi, mentor\u00e1lja, el\u0151ad\u00e1sokat tart.<\/p>\n<p>2018 \u00f3ta az \u0151 szakmai ir\u00e1ny\u00edt\u00e1s\u00e1val m\u0171k\u00f6dik az int\u00e9zm\u00e9nyben a Mez\u0151-MID Program, az idegen anyanyelv\u0171 tanul\u00f3ink integr\u00e1ci\u00f3ja. Jelenleg 71 tanul\u00f3nk magyar nyelvre tan\u00edt\u00e1s\u00e1t koordin\u00e1lja, a legnagyobb l\u00e9tsz\u00e1m\u00fa munkak\u00f6z\u00f6ss\u00e9get vezeti, hiszen minden mez\u0151s pedag\u00f3gus a tagja. Rendszeresen szervezi a bels\u0151 tov\u00e1bbk\u00e9pz\u00e9seket, bemutat\u00f3 \u00f3r\u00e1kat tart Pedag\u00f3giai Szakmai Napokon, egyetemi hallgat\u00f3k hospit\u00e1l\u00e1s\u00e1t, vizsgatan\u00edt\u00e1s\u00e1t vezeti, mentor\u00e1lja. T\u00f6bb civil \u00e9s egyh\u00e1zi szervezettel is kapcsolatban \u00e1ll, seg\u00edti tapasztalataival a munk\u00e1jukat.<\/p>\n<p>Sz\u00e9lesk\u00f6r\u0171 oktat\u00e1si \u00e9s projektmenedzsmenti tapasztalattal rendelkezik: 10 h\u00f3napot t\u00f6lt\u00f6tt Erd\u00e9lyben, a Bethesda Gyermekotthonban, ahol h\u00e1tr\u00e1nyos helyzet\u0171 di\u00e1kok nyelvi \u00e9s szaktant\u00e1rgyi fejleszt\u00e9s\u00e9\u00e9rt k\u00f6z\u00f6ss\u00e9gi programok szervez\u00e9s\u00e9\u00e9rt felelt. Az \u00c1goston S\u00e1ndor Alap\u00edtv\u00e1ny munk\u00e1j\u00e1n kereszt\u00fcl az\u00f3ta is t\u00e1mogatja a hat\u00e1ron t\u00fali k\u00f6z\u00f6ss\u00e9geket.<\/p>\n<p>A T\u00c1MOP 3.3.9.A oktat\u00e1si tanodap\u00e1ly\u00e1zat szakmai vezet\u0151je volt, mely munk\u00e1ban a di\u00e1kok \u00e9s tan\u00e1rok mentor\u00e1l\u00e1s\u00e1n t\u00fal projektdokument\u00e1ci\u00f3\u00e9rt is felelt. 4 \u00e9ven kereszt\u00fcl a Reform\u00e1tus Misszi\u00f3i K\u00f6zpont Menek\u00fcltmisszi\u00f3j\u00e1ban dolgozott, magyar mint idegen nyelv tan\u00e1rk\u00e9nt.<\/p>\n<p>Konferenci\u00e1kon, szakmai tov\u00e1bbk\u00e9pz\u00e9seken val\u00f3 r\u00e9szv\u00e9telei, nyertes p\u00e1ly\u00e1zatai, nemzetk\u00f6zi tov\u00e1bbk\u00e9pz\u00e9sei:<\/p>\n<p>&#8211; 2022. 04.27-\u00e9n a Dr. Mez\u0151 Ferenc \u00c1ltal\u00e1nos Iskola MEZ\u0150-MID-program bemutat\u00e1sa t\u00e9m\u00e1ban szervezett orsz\u00e1gos szakmai tov\u00e1bbk\u00e9pz\u00e9si nap szakmai vezet\u0151je. A rendezv\u00e9ny f\u0151 c\u00e9lja: a \u201ej\u00f3 gyakorlatunk\u201d adapt\u00e1l\u00e1s\u00e1nak t\u00e1mogat\u00e1sa az \u00faj feladattal szemben\u00e9z\u0151 k\u00f6znevel\u00e9si int\u00e9zm\u00e9nyek sz\u00e1m\u00e1ra. Az Ukrajn\u00e1b\u00f3l \u00e9s k\u00fclf\u00f6ldr\u0151l \u00e9rkez\u0151 mened\u00e9kes tanul\u00f3k magyar k\u00f6znevel\u00e9si rendszerbe integr\u00e1l\u00e1s\u00e1nak szakmai bemutat\u00e1sa.<\/p>\n<p>&#8211; 2022.03.28-\u00e1n a Menek\u00fclt Egyes\u00fclet szervez\u00e9s\u00e9ben az Ukrajn\u00e1b\u00f3l menek\u00fcl\u0151 \u00e9s k\u00fclf\u00f6ldi gyermekek a k\u00f6zoktat\u00e1sban c. kerekasztal-besz\u00e9lget\u00e9s egyik f\u0151 el\u0151ad\u00f3ja a Dr. Mez\u0151 Ferenc \u00c1ltal\u00e1nos Iskola k\u00e9pviselet\u00e9ben.<\/p>\n<p>&#8211; 2022.03.19-\u00e9n a PONT HU magyar mint idegen nyelvi szakmai m\u0171hely szervez\u00e9s\u00e9ben a Hungarian Language School t\u00e1mogat\u00e1s\u00e1val megrendezett, az Idegen ajk\u00fa menek\u00fcltek magyarnyelv-tan\u00edt\u00e1sa &#8211; m\u00f3dszertani tov\u00e1bbk\u00e9pz\u00e9s el\u0151ad\u00f3ja.<\/p>\n<p>&#8211; 2022.02.15-16-\u00e1n a magyarorsz\u00e1gi tan\u00e1rok deleg\u00e1ltja a Diverse-projekt z\u00e1r\u00f3konferenci\u00e1n Bukarestben, a Group of the European Youth for Change (GEYC) szervez\u00e9s\u00e9ben.<\/p>\n<p>&#8211; 2021. m\u00e1rcius 29 &#8211; \u00e1prilis 26. DIVERSE projekt keret\u00e9ben szervezett, 20 \u00f3r\u00e1s, A mes\u00e9k, a dr\u00e1mapedag\u00f3gia, \u00e9s a digit\u00e1lis t\u00f6rt\u00e9netmes\u00e9l\u00e9s inkluz\u00edv oktat\u00e1sban t\u00f6rt\u00e9n\u0151 alkalmaz\u00e1s\u00e1r\u00f3l sz\u00f3l\u00f3 tan\u00e1ri m\u0171hely egyik f\u0151 szervez\u0151je.<\/p>\n<p>&#8211; 2021-ben a K\u00f6z\u00e9p-Pesti Tanker\u00fcleti K\u00f6zpont \u00e1ltal szervezett Pedag\u00f3giai napon bemutat\u00f3 \u00f3r\u00e1t, \u00e9s szakmai \u00e9s workshopot tartott.<\/p>\n<p>&#8211; 2021- ben \u00e9s 2022-ben is bejutott mez\u0151s tan\u00edtv\u00e1nya a Simonyi Zsigmond online helyes\u00edr\u00e1s verseny ter\u00fcleti fordul\u00f3j\u00e1ba \u00e9s orsz\u00e1gos versenyen indulhatott.<\/p>\n<p>&#8211; 2021. 06. 02. Pet\u0151fi Irodalmi M\u00fazeum \u2013 J\u00e1nos-vit\u00e9z online ki\u00e1ll\u00edt\u00e1s p\u00e1ly\u00e1zat\u00e1ra, 5.c oszt\u00e1ly\u00e1val elk\u00e9sz\u00edtett p\u00e1lyam\u0171vel a legjobb helyez\u00e9st \u00e9rte el. A ki\u00e1ll\u00edt\u00e1s az al\u00e1bbi linkeken \u00e9rhet\u0151 el:<\/p>\n<ol>\n<li>szoba: <a href=\"https:\/\/www.thinglink.com\/video\/1451280837839421442?fbclid=IwAR0QGX_vlGStbc_KiLXB0MZx86oqgWySYMU3y0rk2ROoieGA7dWbi9zTmY4\">https:\/\/www.thinglink.com\/video\/1451280837839421442<\/a><\/li>\n<li>szoba: <a href=\"https:\/\/l.facebook.com\/l.php?u=https%3A%2F%2Fwww.thinglink.com%2Fvideo%2F1451293478607650818%3Ffbclid%3DIwAR2miG3XLlNglppfzFCBmEl_Qfyad8VvSm7Sy4sK36m4ym1m9rG5OxaUvOA&amp;h=AT3gd-4Oi6Bon5ko5bkCqOcFwPhe4xET-ER-AfFiv4YVhARbe_owFtPuYqSODhpIbRnLauTvEoFcTTcuWSwQCOIPDLNTEis-S7hI0epEIM072S-CR4lGik4tpbw08EY7R6Pj&amp;__tn__=-UK-R&amp;c%5b0%5d=AT2-L-ArYwBf-3ZFprT4hI7VGxnwojqwltCI1qNeyU_zSmaBwm--OEypJSGYcL9FpknvOdukn4aqABkDM4WLoAgmTAgrbhEuNlhrcQW-ewAfTtseZxC90rLL-vQnvTKIc83ryo50XSlz5m71zBKnw4APVAy5oCfax_L3lSQ4qiL6EyG410Nkk42Q9DqvGq9MNv8bytKN6g\">https:\/\/www.thinglink.com\/video\/1451293478607650818<\/a><\/li>\n<li>Hirdet\u0151t\u00e1bla: <a href=\"https:\/\/l.facebook.com\/l.php?u=https%3A%2F%2Fwww.thinglink.com%2Fscene%2F1448323351717085187%3Ffbclid%3DIwAR178MtVHgmBa0_tu-rMmRwsdz6SOL_xkESCJer6fuTEUE97AYz-7tyBL7k&amp;h=AT3U-5LQSZ_RmW-hCznCczqCDHUZnDbQ1R-lVj6oMSYPoWkFI3cLLyxoYUmoa2aOm0CEhY-TlU412AORUC11kNAIjPMHCZmqX3pPoa_Qkg_8DLW0p01zdIan2NpoP94o8-RF&amp;__tn__=-UK-R&amp;c%5b0%5d=AT2-L-ArYwBf-3ZFprT4hI7VGxnwojqwltCI1qNeyU_zSmaBwm--OEypJSGYcL9FpknvOdukn4aqABkDM4WLoAgmTAgrbhEuNlhrcQW-ewAfTtseZxC90rLL-vQnvTKIc83ryo50XSlz5m71zBKnw4APVAy5oCfax_L3lSQ4qiL6EyG410Nkk42Q9DqvGq9MNv8bytKN6g\">https:\/\/www.thinglink.com\/scene\/1448323351717085187<\/a><\/li>\n<\/ol>\n<p>&#8211; 2021.08.08 \u2013 08.14. r\u00e9szt vett a kurzuson Enhancing Motivation Strategies in the Contemprorary Classroom (A motiv\u00e1ci\u00f3 er\u0151s\u00edt\u00e9se napjaink tanterm\u00e9ben), Split, Horv\u00e1torsz\u00e1g, Erasmus+ tan\u00e1ri tov\u00e1bbk\u00e9pz\u00e9s \u00e9s hozz\u00e1 kapcsol\u00f3d\u00f3 disszemin\u00e1ci\u00f3s tev\u00e9kenys\u00e9g.<\/p>\n<p>&#8211; 2019. okt\u00f3ber 10. a PONT HU magyar mint idegen nyelvi szakmai m\u0171hely szervez\u00e9s\u00e9ben Menek\u00fclt feln\u0151ttek \u00e9s gyermekek tan\u00edt\u00e1sa a gyakorlatban &#8211; el\u0151ad\u00f3<\/p>\n<p>&#8211; 2019.08.04-08.15 szint\u00e9n k\u00e9pviselte iskol\u00e1nkat a Gamification (J\u00e1t\u00e9kos\u00edt\u00e1s) Pula, Horv\u00e1torsz\u00e1g, Erasmus+ tan\u00e1ri tov\u00e1bbk\u00e9pz\u00e9sen \u00e9s hozz\u00e1 kapcsol\u00f3d\u00f3 disszemin\u00e1ci\u00f3s tev\u00e9kenys\u00e9gen.<\/p>\n<p>Publik\u00e1ci\u00f3i:<\/p>\n<p>&#8211; Gyakorl\u00f3f\u00fczet k\u00fclf\u00f6ldieknek (t\u00e1rsszerz\u0151, ELTE, 2009) \u00e9s a Migr\u00e1ns gyerekek oktat\u00e1sa tanodai keretek k\u00f6z\u00f6tt c. cikk (<a href=\"http:\/\/real.mtak.hu\/73653\/1\/EPA01467_thl2_2014_2_118-128.pdf?fbclid=IwAR3GyuI9DbQFVOWlSLxUN7mI6HC-BQYgnDW0oTbjuQO51PlX9eoBbXsNLLk\">http:\/\/real.mtak.hu\/73653\/1\/EPA01467_thl2_2014_2_118-128.pdf<\/a>).<\/p>\n<p>&#8211; A Zia \u00e9s Zahra az Eperfa \u00c1ltal\u00e1nos Iskol\u00e1ban c. magyart tanul\u00f3 k\u00fclf\u00f6ldi gyerekeknek sz\u00f3l\u00f3 iskolai seg\u00e9danyag (k\u00f6nyv, e-learning, olvas\u00f3k\u00f6nyv, teszt t\u00e1rsszerz\u0151je, melyet a Jezsuita Menek\u00fcltszolg\u00e1lat adott ki. (<a href=\"http:\/\/jmsz.hu\/oktatasi_segedanyagok\/e-learning-munkafuzet-es-teszt\/?fbclid=IwAR1ZXnalAdf8teo76r_zrKb1a7FEXtSlHOVeTBbaIM6JgsxgZFXks80uuTw\">http:\/\/jmsz.hu\/oktatasi&#8230;\/e-learning-munkafuzet-es-teszt\/<\/a>)<\/p>\n<\/div>\n<p style=\"text-align: justify;\">\u00a0\u00a0<span style=\"font-size: 10pt;\"> ( t\u00f6bb k\u00e9p a <span style=\"color: #008000;\"><a style=\"color: #008000;\" href=\"index.php\/2016-02-09-12-12-30\/2016-02-09-12-12-54\/2021-2022-es-tanev\/category\/90-nyaron-tortent\" target=\"_blank\" rel=\"noopener\">gal\u00e9ri\u00e1ban<\/a><\/span>)<\/span><\/p>\n<p style=\"text-align: left;\">2022.augusztus 31.<\/p>\n<p>Gomb\u00e1r Erzs\u00e9bet<\/p>\n<\/div>\n<\/div>\n<\/section>\n<section style=\"font-size: 16px;\">\n<div class=\"x_elementToProof\" style=\"text-align: justify;\"><\/div>\n<\/section>\n<section><\/section>\n<section><\/section>\n<section><\/section>\n<section><\/section>\n<section><\/section>\n<section><\/section>\n<section><\/section>\n<section><\/section>\n<section><\/section>\n<section><\/section>\n<section><\/section>\n<section style=\"font-size: 16px;\"><\/section>\n<\/div>\n","protected":false},"excerpt":{"rendered":"<p>Az \u00c9v Pedag\u00f3gusa A tan\u00e9v utols\u00f3 napj\u00e1n \u00fajabb mez\u0151s kit\u00fcntet\u00e9s! Az \u00c9v Pedag\u00f3gusa D\u00edjat vette \u00e1t ma Ottucs\u00e1k Melinda Anik\u00f3. Az elismer\u00e9shez sz\u00edvb\u0151l, nagyon b\u00fcszk\u00e9n gratul\u00e1lok! Szakmai \u00e9rdemei: Ottucs\u00e1k Melinda&hellip;<\/p>\n","protected":false},"author":1,"featured_media":0,"comment_status":"closed","ping_status":"open","sticky":false,"template":"","format":"standard","meta":{"_jetpack_memberships_contains_paid_content":false,"footnotes":""},"categories":[50,51],"tags":[],"class_list":["post-1548","post","type-post","status-publish","format-standard","hentry","category-iskola-4-profilja","category-mid"],"jetpack_featured_media_url":"","jetpack_sharing_enabled":true,"_links":{"self":[{"href":"https:\/\/mezosuli.hu\/index.php?rest_route=\/wp\/v2\/posts\/1548","targetHints":{"allow":["GET"]}}],"collection":[{"href":"https:\/\/mezosuli.hu\/index.php?rest_route=\/wp\/v2\/posts"}],"about":[{"href":"https:\/\/mezosuli.hu\/index.php?rest_route=\/wp\/v2\/types\/post"}],"author":[{"embeddable":true,"href":"https:\/\/mezosuli.hu\/index.php?rest_route=\/wp\/v2\/users\/1"}],"replies":[{"embeddable":true,"href":"https:\/\/mezosuli.hu\/index.php?rest_route=%2Fwp%2Fv2%2Fcomments&post=1548"}],"version-history":[{"count":2,"href":"https:\/\/mezosuli.hu\/index.php?rest_route=\/wp\/v2\/posts\/1548\/revisions"}],"predecessor-version":[{"id":3545,"href":"https:\/\/mezosuli.hu\/index.php?rest_route=\/wp\/v2\/posts\/1548\/revisions\/3545"}],"wp:attachment":[{"href":"https:\/\/mezosuli.hu\/index.php?rest_route=%2Fwp%2Fv2%2Fmedia&parent=1548"}],"wp:term":[{"taxonomy":"category","embeddable":true,"href":"https:\/\/mezosuli.hu\/index.php?rest_route=%2Fwp%2Fv2%2Fcategories&post=1548"},{"taxonomy":"post_tag","embeddable":true,"href":"https:\/\/mezosuli.hu\/index.php?rest_route=%2Fwp%2Fv2%2Ftags&post=1548"}],"curies":[{"name":"wp","href":"https:\/\/api.w.org\/{rel}","templated":true}]}}