{"id":1554,"date":"2022-09-06T10:48:30","date_gmt":"2022-09-06T08:48:30","guid":{"rendered":"https:\/\/uj.mezosuli.hu\/?p=1554"},"modified":"2026-03-17T10:50:49","modified_gmt":"2026-03-17T09:50:49","slug":"dr-mezo-50","status":"publish","type":"post","link":"https:\/\/mezosuli.hu\/?p=1554","title":{"rendered":"Dr Mez\u0151 50"},"content":{"rendered":"<div style=\"font-family: 'Raleway', sans-serif; text-align: right;\" align=\"center\">\n<section style=\"font-size: 16px;\">\n<p style=\"font-size: 16px; font-family: 'Open Sans', sans-serif; font-weight: 500; text-align: justify;\"><span style=\"color: #ff6600; font-size: 20pt; font-variant-caps: small-caps; letter-spacing: 1pt;\">&#8222;A Dr. Mez\u0151 50&#8221;<\/span><\/p>\n<hr \/>\n<div class=\"x_elementToProof\" style=\"text-align: justify;\">\n<div dir=\"auto\">\n<div dir=\"auto\"><img loading=\"lazy\" decoding=\"async\" class=\" alignright size-full wp-image-1553\" style=\"border: 10px solid #ffffff; float: right;\" src=\"https:\/\/uj.mezosuli.hu\/wp-content\/uploads\/2022\/09\/Mezo50.jpg\" alt=\"290343989 5591107470908276 3116103203711203308 n\" width=\"221\" height=\"374\" srcset=\"https:\/\/mezosuli.hu\/wp-content\/uploads\/2022\/09\/Mezo50.jpg 567w, https:\/\/mezosuli.hu\/wp-content\/uploads\/2022\/09\/Mezo50-177x300.jpg 177w\" sizes=\"auto, (max-width: 221px) 100vw, 221px\" \/><span class=\"accordion-inner\" style=\"font-family: comic sans ms, sans-serif; font-size: 14pt;\">Szerkessz\u00fck egy\u00fctt az &#8221; A Dr. Mez\u0151 50&#8243;- jubileumi \u00e9vk\u00f6nyvet!<\/span><\/div>\n<div class=\"accordion-inner\" dir=\"auto\"><span style=\"font-family: comic sans ms, sans-serif; font-size: 14pt;\">Az iskola 2023 szeptember\u00e9ben lesz <strong>50 \u00e9ves<\/strong> \u00e9s erre az alkalomra <a tabindex=\"-1\"><\/a>szeretn\u00e9nk kiadni egy nem szokv\u00e1nyos, sz\u00ednes, \u00e9lm\u00e9nyekre, k\u00fcl\u00f6nlegess\u00e9gekre, h\u00edress\u00e9gekre koncentr\u00e1l\u00f3 jubileumi \u00e9vk\u00f6nyvet, amit lehet\u0151s\u00e9ge lesz a t\u00f6bb ezer Mez\u0151h\u00f6z&nbsp; (1973-ban Orm\u00e1ns\u00e1g majd 1974-t\u0151l Ond Vez\u00e9r Parki \u00c1ltal\u00e1nos Iskola, 1991-t\u0151l Dr. Mez\u0151)&nbsp; k\u00f6t\u0151d\u0151nek egy\u00fctt tartalommal megt\u00f6lteni.<\/span><\/div>\n<div class=\"accordion-inner\" dir=\"auto\"><span style=\"font-family: comic sans ms, sans-serif; font-size: 14pt;\">Els\u0151 l\u00e9p\u00e9sk\u00e9nt l\u00e9trehozzuk majd a &#8216;Dr. MEZ\u0150 50&#8217; csoportot.<\/span><\/div>\n<div class=\"accordion-inner\" dir=\"auto\"><span style=\"font-family: comic sans ms, sans-serif; font-size: 14pt;\">A szerkeszt\u00e9ssel kapcsolatos aktu\u00e1lis inform\u00e1ci\u00f3k oda ker\u00fclnek majd felt\u00f6lt\u00e9sre.<\/span><\/div>\n<div class=\"accordion-inner\" dir=\"auto\"><span style=\"font-family: comic sans ms, sans-serif; font-size: 14pt;\">A k\u00f6nyv tartalomjegyz\u00e9ke m\u00e1r k\u00e9sz\u00fcl, \u00d6n\u00f6kt\u0151l\/T\u0151letek f\u00fcgg az oldalak sz\u00e1ma!<\/span><\/div>\n<div class=\"accordion-inner\" dir=\"auto\"><span style=\"font-family: comic sans ms, sans-serif; font-size: 14pt;\">Hamarosan elkezd\u00fcnk egy 1\u00e9ves \u00e9lm\u00e9nyprojektet!<\/span><\/div>\n<div class=\"accordion-inner\" dir=\"auto\"><span style=\"font-family: comic sans ms, sans-serif; font-size: 14pt;\">Az 1973-ban els\u0151sk\u00e9nt kezd\u0151k lassan a 60. \u00e9v\u00fckh\u00f6z k\u00f6zel\u00edtenek. Mindenki \u0151riz r\u00e9gi fot\u00f3kat, t\u00f6rt\u00e9neteket, gy\u0171jts\u00fck \u00f6ssze ezeket!<\/span><\/div>\n<div class=\"accordion-inner\" dir=\"auto\"><span style=\"font-family: comic sans ms, sans-serif; font-size: 14pt;\">K\u00e9rem ossz\u00e1tok a<span style=\"color: #008000;\"><a style=\"color: #008000;\" href=\"https:\/\/www.facebook.com\/erzsebet.gombar.1\/posts\/pfbid02741YZHGLzBzazKcSKgEiLxngAV4wooLT2DMC5AfKV8uUxtTtNG9PmsJqvxAe4M7Hl\" target=\"_blank\" rel=\"noopener\"> bejegyz\u00e9st<\/a><\/span>, hogy a &#8222;Mez\u0151s \u00f6reg di\u00e1kok, \u00e9s alkalmazottak&#8221; min\u00e9l t\u00f6bben tudjanak csatlakozni majd a csoporthoz!<\/span><\/div>\n<div class=\"accordion-inner\" dir=\"auto\"><span style=\"font-family: comic sans ms, sans-serif; font-size: 14pt;\">J\u00f3 m\u00f3ka lesz, sok \u00e9lm\u00e9ny, k\u00e9p, sok j\u00f3 eml\u00e9k gy\u0171jtem\u00e9nye &#8211; \u00edg\u00e9rem!<\/span><\/div>\n<div dir=\"auto\"><span class=\"fxk3tzhb b2rh1bv3 gh55jysx m8h3af8h ewco64xe kjdc1dyq ms56khn7 bq6c9xl4 eohcrkr5 akh3l2rg\"><\/span><\/div>\n<p><\/p>\n<p style=\"text-align: right;\">Gomb\u00e1r Erzs\u00e9bet<\/p>\n<\/div>\n<\/div>\n<\/section>\n<section><\/section>\n<section><\/section>\n<section><\/section>\n<section><\/section>\n<section><\/section>\n<section><\/section>\n<section><\/section>\n<section><\/section>\n<section><\/section>\n<section><\/section>\n<section><\/section>\n<section style=\"font-size: 16px;\"><\/section>\n<\/div>\n","protected":false},"excerpt":{"rendered":"<p>&#8222;A Dr. Mez\u0151 50&#8221; Szerkessz\u00fck egy\u00fctt az &#8221; A Dr. Mez\u0151 50&#8243;- jubileumi \u00e9vk\u00f6nyvet! Az iskola 2023 szeptember\u00e9ben lesz 50 \u00e9ves \u00e9s erre az alkalomra szeretn\u00e9nk kiadni egy nem szokv\u00e1nyos,&hellip;<\/p>\n","protected":false},"author":1,"featured_media":1553,"comment_status":"closed","ping_status":"open","sticky":false,"template":"","format":"standard","meta":{"_jetpack_memberships_contains_paid_content":false,"footnotes":""},"categories":[45],"tags":[],"class_list":["post-1554","post","type-post","status-publish","format-standard","has-post-thumbnail","hentry","category-2022-hirarchivum"],"jetpack_featured_media_url":"https:\/\/mezosuli.hu\/wp-content\/uploads\/2022\/09\/Mezo50.jpg","jetpack_sharing_enabled":true,"_links":{"self":[{"href":"https:\/\/mezosuli.hu\/index.php?rest_route=\/wp\/v2\/posts\/1554","targetHints":{"allow":["GET"]}}],"collection":[{"href":"https:\/\/mezosuli.hu\/index.php?rest_route=\/wp\/v2\/posts"}],"about":[{"href":"https:\/\/mezosuli.hu\/index.php?rest_route=\/wp\/v2\/types\/post"}],"author":[{"embeddable":true,"href":"https:\/\/mezosuli.hu\/index.php?rest_route=\/wp\/v2\/users\/1"}],"replies":[{"embeddable":true,"href":"https:\/\/mezosuli.hu\/index.php?rest_route=%2Fwp%2Fv2%2Fcomments&post=1554"}],"version-history":[{"count":1,"href":"https:\/\/mezosuli.hu\/index.php?rest_route=\/wp\/v2\/posts\/1554\/revisions"}],"predecessor-version":[{"id":2801,"href":"https:\/\/mezosuli.hu\/index.php?rest_route=\/wp\/v2\/posts\/1554\/revisions\/2801"}],"wp:featuredmedia":[{"embeddable":true,"href":"https:\/\/mezosuli.hu\/index.php?rest_route=\/wp\/v2\/media\/1553"}],"wp:attachment":[{"href":"https:\/\/mezosuli.hu\/index.php?rest_route=%2Fwp%2Fv2%2Fmedia&parent=1554"}],"wp:term":[{"taxonomy":"category","embeddable":true,"href":"https:\/\/mezosuli.hu\/index.php?rest_route=%2Fwp%2Fv2%2Fcategories&post=1554"},{"taxonomy":"post_tag","embeddable":true,"href":"https:\/\/mezosuli.hu\/index.php?rest_route=%2Fwp%2Fv2%2Ftags&post=1554"}],"curies":[{"name":"wp","href":"https:\/\/api.w.org\/{rel}","templated":true}]}}