{"id":164,"date":"2017-05-24T13:13:02","date_gmt":"2017-05-24T11:13:02","guid":{"rendered":"https:\/\/uj.mezosuli.hu\/?p=164"},"modified":"2026-03-17T14:26:28","modified_gmt":"2026-03-17T13:26:28","slug":"osszefoglalo","status":"publish","type":"post","link":"https:\/\/mezosuli.hu\/?p=164","title":{"rendered":"\u00d6sszefoglal\u00f3"},"content":{"rendered":"<p>&nbsp;<\/p>\n<section style=\"font-size: 16px; text-align: justify;\">\n<p style=\"font-size: 20pt; font-variant: small-caps; letter-spacing: 1px; color: #005596;\">Erasmus+ 2015-2017&nbsp;&Ouml;sszefoglal&oacute;<\/p>\n<p>Projekt&uuml;nk legf\u0151bb c&eacute;lja, hogy iskol&aacute;nk, a Dr Mez\u0151 Ferenc &Aacute;ltal&aacute;nos Iskola (Zugl&oacute; &ndash; BUD) val&oacute;s ig&eacute;nyeinek &eacute;s sz&uuml;ks&eacute;gleteinek megval&oacute;s&iacute;t&aacute;s&aacute;hoz a kiv&aacute;lasztott mobilit&aacute;si kurzusokon r&eacute;szt vev\u0151 koll&eacute;g&aacute;k tapasztalatai a lehet\u0151 legnagyobb m&eacute;rt&eacute;kben j&aacute;ruljanak hozz&aacute;. A mai oktat&aacute;si rendszer meger\u0151s&ouml;d&eacute;s&eacute;hez felt&eacute;tlen&uuml;l sz&uuml;ks&eacute;g van egy int&eacute;zm&eacute;ny szint\u0171 tervez&eacute;shez, melynek alapvet\u0151 t&aacute;masza az adott int&eacute;zm&eacute;nyben dolgoz&oacute; pedag&oacute;gusok szakmai &eacute;s m&oacute;dszertani meg&uacute;jul&aacute;sa. E p&aacute;ly&aacute;zat kapcs&aacute;n t&iacute;z pedag&oacute;gus sz&aacute;nd&eacute;ka jelzi jelenleg iskol&aacute;nkban azt, hogy iskol&aacute;nk min&eacute;l sz&eacute;lesebb k&ouml;rben k&iacute;v&aacute;n r&eacute;szt v&aacute;llalni az oktat&aacute;s fejleszt&eacute;s&eacute;ben. Tudatos megval&oacute;s&iacute;t&aacute;sra t&ouml;reksz&uuml;nk az oktat&aacute;s min\u0151s&eacute;g&eacute;nek jav&iacute;t&aacute;s&aacute;ban, a tanul&oacute;k &eacute;s tan&aacute;rok k&eacute;szs&eacute;gfejleszt&eacute;s&eacute;ben, valamint az egy&uuml;ttm\u0171k&ouml;d&eacute;sben.<\/p>\n<p>Olyan eredm&eacute;nyekre sz&aacute;m&iacute;tanak a k&uuml;lf&ouml;ldi kurzusokra jelentkez\u0151 tan&aacute;raink, melyeket alapos el\u0151k&eacute;sz&iacute;t&eacute;s, elsaj&aacute;t&iacute;tott tapasztalat &eacute;s kidolgozott ut&oacute;munka megval&oacute;sul&aacute;s&aacute;val sz&eacute;les k&ouml;rben, saj&aacute;t iskol&aacute;jukban, illetve nyilv&aacute;nosan (sz&uuml;l\u0151k, tanker&uuml;let, m&aacute;s szakmai szervezetek stb.), egy j&oacute;l kidolgozott disszemin&aacute;ci&oacute;s tervben m&aacute;sokkal a fejl\u0151d&eacute;s &eacute;rdek&eacute;ben megosztanak, majd &eacute;rt&eacute;kel&eacute;s ut&aacute;n biztos&iacute;tj&aacute;k a projektt\u0151l v&aacute;rt hat&aacute;sok hossz&uacute; t&aacute;von val&oacute; fenntarthat&oacute;s&aacute;g&aacute;t. Iskol&aacute;nk els\u0151dleges c&eacute;lja, hogy a tanul&aacute;si gondokkal k&uuml;zd\u0151 tanul&oacute;kat felz&aacute;rk&oacute;ztassuk annak &eacute;rdek&eacute;ben, hogy az egyenl\u0151s&eacute;g elve alapj&aacute;n min&eacute;l nagyobb m&eacute;rt&eacute;kben jussanak sikerhez di&aacute;kjaink.<\/p>\n<p>Alapvet\u0151 m&oacute;dszer&uuml;nk a &rsquo;critical thinking&rsquo; kialak&iacute;t&aacute;sa di&aacute;kjainkban. Oktat&aacute;simodell&uuml;nk szerves r&eacute;sz&eacute;t k&eacute;pezi a nemzetk&ouml;zies&iacute;t&eacute;s, azaz a partnerkapcsolat, illetve az oktat&aacute;s-k&eacute;pz&eacute;s vil&aacute;g&aacute;n t&uacute;li szerepl\u0151k bevon&aacute;sa szoros &ouml;sszhangot k&eacute;pezve a f\u0151 fejlesztend\u0151 ter&uuml;letekkel, mint p&eacute;ld&aacute;ul az oktat&aacute;s min\u0151s&eacute;g&eacute;nek jav&iacute;t&aacute;sa, illetve a munkat&aacute;rsak k&eacute;pz&eacute;se. Az ilyen t&iacute;pus&uacute; int&eacute;zm&eacute;nyfejleszt&eacute;shez sz&uuml;ks&eacute;g van egy olyan szakmapolitikai munk&aacute;ra, melyben egy &uacute;j iskolai strat&eacute;gia, vezet&eacute;s, oktat&aacute;sszervez&eacute;s alapozza meg a j&ouml;v\u0151 iskol&aacute;j&aacute;t. Ez a mi c&eacute;lunk.<\/p>\n<p>A tov&aacute;bbk&eacute;pz&eacute;sen megismert &uacute;j m&oacute;dszerek &eacute;s strat&eacute;gi&aacute;k felhaszn&aacute;l&aacute;s&aacute;val k&ouml;nnyebb&eacute; tehetj&uuml;k tan&iacute;tv&aacute;nyaink sz&aacute;m&aacute;ra a tananyag elsaj&aacute;t&iacute;t&aacute;s&aacute;t. Ez k&eacute;pezi alapj&aacute;t annak, hogy a 8 kulcskompetencia fejleszt&eacute;se, az oktat&aacute;s min\u0151s&eacute;g&eacute;nek jav&iacute;t&aacute;sa egy moderniz&aacute;ci&oacute;s folyamatnak k&ouml;sz&ouml;nhet\u0151en megval&oacute;sulhasson. Megismerve m&aacute;s orsz&aacute;gok kult&uacute;r&aacute;j&aacute;t, megmutatva iskolarendszer&uuml;nket, megismerve k&uuml;l&ouml;nb&ouml;z\u0151 gondolkod&aacute;sm&oacute;dokat, egysz&oacute;val egy eur&oacute;pai dimenzi&oacute;ba val&oacute; l&eacute;p&eacute;s a di&aacute;kjaink &eacute;s tan&aacute;raink l&aacute;t&oacute;k&ouml;r&eacute;nek sz&eacute;lesed&eacute;s&eacute;t seg&iacute;ti el\u0151.<\/p>\n<p>Mobilit&aacute;si projekt&uuml;nk kiteljes&iacute;t&eacute;s&eacute;ben fog hat&aacute;rozottan seg&iacute;teni az eTwinning, &ouml;tletb&ouml;rze megszervez&eacute;se m&aacute;s hazai &eacute;s k&uuml;lf&ouml;ldi orsz&aacute;gok koll&eacute;g&aacute;ival. Oktat&aacute;si strat&eacute;gi&aacute;nk a m&oacute;dszertani meg&uacute;jul&aacute;s, motiv&aacute;ci&oacute;, tan&aacute;r-di&aacute;k &eacute;s tan&aacute;r-tan&aacute;r egy&uuml;ttm\u0171k&ouml;d&eacute;s &eacute;s a tan&aacute;ri szakma fejleszt&eacute;se, a szerzett tapasztalatok be&eacute;p&iacute;t&eacute;se a tan&iacute;t&aacute;si folyamatba jav&iacute;tva a min\u0151s&eacute;get, biztos&iacute;tva az es&eacute;lyteremt&eacute;st. A mobilit&aacute;si projektben 10 f\u0151 tervezetten k&iacute;v&aacute;n r&eacute;szt venni, mely esetben 9 tan&aacute;r k&uuml;lf&ouml;ldi tov&aacute;bbk&eacute;pz&eacute;s&eacute;r\u0151l van sz&oacute; (A1). A c&eacute;lorsz&aacute;gok k&ouml;z&ouml;tt szerepel az Egyes&uuml;lt Kir&aacute;lys&aacute;g, Portug&aacute;lia, Sv&eacute;dorsz&aacute;g.<\/p>\n<p>A projekt tervezett hat&aacute;sa, hogy vezet\u0151i szinten t&ouml;rt&eacute;njen v&aacute;ltoz&aacute;s, melynek t&aacute;masza egy m&oacute;dszertani meg&uacute;jul&aacute;s. Egy ilyen v&aacute;ltoz&aacute;s iskol&aacute;nkba hozza az eur&oacute;pai dimenzi&oacute;t, &iacute;gy a k&uuml;lf&ouml;ld&ouml;n megismert koll&eacute;g&aacute;k int&eacute;zm&eacute;nyeivel kialak&iacute;tott partners&eacute;g seg&iacute;t abban, hogy tan&aacute;raink reflex&iacute;v m&oacute;don &eacute;rt&eacute;kelj&eacute;k saj&aacute;t munk&aacute;jukat, m&oacute;dszereiket. A tan&aacute;rok k&ouml;vetkezetesebb t&aacute;j&eacute;koz&oacute;d&aacute;sa, &uacute;j &eacute;rt&eacute;kel&eacute;si m&oacute;dszer, &uacute;jabb technikai m&oacute;dszer &eacute;s &uacute;jabb megk&ouml;zel&iacute;t&eacute;sek megismer&eacute;se vezet ahhoz, hogy a di&aacute;kok szakt&aacute;rgyi, a koll&eacute;g&aacute;k szakma ir&aacute;nti motiv&aacute;ci&oacute;ja n&ouml;vekedjen.<\/p>\n<\/section>\n","protected":false},"excerpt":{"rendered":"<p>&nbsp; Erasmus+ 2015-2017&nbsp;&Ouml;sszefoglal&oacute; Projekt&uuml;nk legf\u0151bb c&eacute;lja, hogy iskol&aacute;nk, a Dr Mez\u0151 Ferenc &Aacute;ltal&aacute;nos Iskola (Zugl&oacute; &ndash; BUD) val&oacute;s ig&eacute;nyeinek &eacute;s sz&uuml;ks&eacute;gleteinek megval&oacute;s&iacute;t&aacute;s&aacute;hoz a kiv&aacute;lasztott mobilit&aacute;si kurzusokon r&eacute;szt vev\u0151 koll&eacute;g&aacute;k tapasztalatai&hellip;<\/p>\n","protected":false},"author":1,"featured_media":0,"comment_status":"closed","ping_status":"open","sticky":false,"template":"","format":"standard","meta":{"_jetpack_memberships_contains_paid_content":false,"footnotes":""},"categories":[12],"tags":[],"class_list":["post-164","post","type-post","status-publish","format-standard","hentry","category-erasmus"],"jetpack_featured_media_url":"","jetpack_sharing_enabled":true,"_links":{"self":[{"href":"https:\/\/mezosuli.hu\/index.php?rest_route=\/wp\/v2\/posts\/164","targetHints":{"allow":["GET"]}}],"collection":[{"href":"https:\/\/mezosuli.hu\/index.php?rest_route=\/wp\/v2\/posts"}],"about":[{"href":"https:\/\/mezosuli.hu\/index.php?rest_route=\/wp\/v2\/types\/post"}],"author":[{"embeddable":true,"href":"https:\/\/mezosuli.hu\/index.php?rest_route=\/wp\/v2\/users\/1"}],"replies":[{"embeddable":true,"href":"https:\/\/mezosuli.hu\/index.php?rest_route=%2Fwp%2Fv2%2Fcomments&post=164"}],"version-history":[{"count":1,"href":"https:\/\/mezosuli.hu\/index.php?rest_route=\/wp\/v2\/posts\/164\/revisions"}],"predecessor-version":[{"id":3317,"href":"https:\/\/mezosuli.hu\/index.php?rest_route=\/wp\/v2\/posts\/164\/revisions\/3317"}],"wp:attachment":[{"href":"https:\/\/mezosuli.hu\/index.php?rest_route=%2Fwp%2Fv2%2Fmedia&parent=164"}],"wp:term":[{"taxonomy":"category","embeddable":true,"href":"https:\/\/mezosuli.hu\/index.php?rest_route=%2Fwp%2Fv2%2Fcategories&post=164"},{"taxonomy":"post_tag","embeddable":true,"href":"https:\/\/mezosuli.hu\/index.php?rest_route=%2Fwp%2Fv2%2Ftags&post=164"}],"curies":[{"name":"wp","href":"https:\/\/api.w.org\/{rel}","templated":true}]}}