{"id":1644,"date":"2023-02-02T06:38:24","date_gmt":"2023-02-02T05:38:24","guid":{"rendered":"https:\/\/uj.mezosuli.hu\/?p=1644"},"modified":"2026-03-17T10:50:47","modified_gmt":"2026-03-17T09:50:47","slug":"menedekes-tanulok","status":"publish","type":"post","link":"https:\/\/mezosuli.hu\/?p=1644","title":{"rendered":"Mened\u00e9kes tanul\u00f3k"},"content":{"rendered":"<div align=\"center\">\n<section style=\"font-size: 16px; font-family: 'Raleway', sans-serif;\">\n<p style=\"font-size: 16px; text-align: justify;\"><span style=\"color: maroon; font-size: 20pt; font-variant-caps: small-caps; letter-spacing: 1px; font-family: 'Open Sans', sans-serif;\"><span class=\"x_ContentPasted0\" dir=\"auto\">Szakmai egyeztet\u00e9sek az ukr\u00e1n mened\u00e9kes tanul\u00f3k \u00fcgy\u00e9ben<\/span><\/span><\/p>\n<hr \/>\n<div class=\"txF_raleway tx16t\" style=\"margin-bottom: 15px; text-align: left;\">\n<div class=\"\" dir=\"auto\">\n<div id=\"jsc_c_16u\" class=\"x1iorvi4 x1pi30zi x1l90r2v x1swvt13\" data-ad-comet-preview=\"message\" data-ad-preview=\"message\">\n<div class=\"x78zum5 xdt5ytf xz62fqu x16ldp7u\">\n<div class=\"xu06os2 x1ok221b\">\n<div class=\"x11i5rnm xat24cr x1mh8g0r x1vvkbs xdj266r x126k92a\">\n<div dir=\"auto\"><img loading=\"lazy\" decoding=\"async\" class=\" alignright size-full wp-image-1643\" style=\"border: 10px solid #ffffff; float: right;\" src=\"https:\/\/uj.mezosuli.hu\/wp-content\/uploads\/2023\/02\/multicult_children.jpg\" alt=\"hardi03\" width=\"109\" height=\"109\" srcset=\"https:\/\/mezosuli.hu\/wp-content\/uploads\/2023\/02\/multicult_children.jpg 800w, https:\/\/mezosuli.hu\/wp-content\/uploads\/2023\/02\/multicult_children-300x300.jpg 300w, https:\/\/mezosuli.hu\/wp-content\/uploads\/2023\/02\/multicult_children-150x150.jpg 150w, https:\/\/mezosuli.hu\/wp-content\/uploads\/2023\/02\/multicult_children-768x768.jpg 768w, https:\/\/mezosuli.hu\/wp-content\/uploads\/2023\/02\/multicult_children-500x500.jpg 500w\" sizes=\"auto, (max-width: 109px) 100vw, 109px\" \/><\/p>\n<div class=\"txF_raleway tx16t\" style=\"margin-bottom: 15px; text-align: left;\">\n<div class=\"x_ContentPasted0\" dir=\"auto\">Az ukr\u00e1n mened\u00e9kes tanul\u00f3k oktat\u00e1sa orsz\u00e1gos k\u00e9rd\u00e9ss\u00e9 v\u00e1lt ebben a tan\u00e9vben. <strong>Ottucs\u00e1k Melinda A<\/strong>., a magyar mint idegen nyelvi munkak\u00f6z\u00f6ss\u00e9g vezet\u0151je t\u00f6bb f\u00f3rumon is k\u00e9pviselte iskol\u00e1nkat az elm\u00falt id\u0151szakban.<\/div>\n<div class=\"x_ContentPasted0\" dir=\"auto\"><span class=\"x_x3nfvp2 x_x1j61x8r x_x1fcty0u x_xdj266r x_xhhsvwb x_xat24cr x_xgzva0m x_xxymvpz x_xlup9mm x_x1kky2od\"><img loading=\"lazy\" decoding=\"async\" class=\"x_ContentPasted0\" src=\"https:\/\/static.xx.fbcdn.net\/images\/emoji.php\/v9\/tc0\/1\/16\/1f30e.png\" alt=\"?\" width=\"16\" height=\"16\" data-imagetype=\"External\" \/><\/span>&nbsp;2022 december\u00e9ben a Jezsuita Menek\u00fcltszolg\u00e1lat tartott egyh\u00e1zk\u00f6zi egyeztet\u00e9st az egyh\u00e1zi szervezetek l\u00e1t\u00f3k\u00f6r\u00e9be ker\u00fclt csal\u00e1dokr\u00f3l, gyermekekr\u0151l.<\/div>\n<div class=\"x_ContentPasted0\" dir=\"auto\"><span class=\"x_x3nfvp2 x_x1j61x8r x_x1fcty0u x_xdj266r x_xhhsvwb x_xat24cr x_xgzva0m x_xxymvpz x_xlup9mm x_x1kky2od\"><img loading=\"lazy\" decoding=\"async\" class=\"x_ContentPasted0\" src=\"https:\/\/static.xx.fbcdn.net\/images\/emoji.php\/v9\/tc0\/1\/16\/1f30e.png\" alt=\"?\" width=\"16\" height=\"16\" data-imagetype=\"External\" \/><\/span>&nbsp;2023 janu\u00e1rj\u00e1ban a EDUA projekt \u00e1ltal szervezett online megbesz\u00e9l\u00e9sen a 8. oszt\u00e1lyos k\u00fclf\u00f6ldi di\u00e1kok k\u00e9rd\u00e9s\u00e9t ves\u00e9zt\u00e9k ki, majd k\u00f6z\u00f6sen javaslatokat fogalmaztak meg az oktat\u00e1si d\u00f6nt\u00e9shoz\u00f3k fel\u00e9.<\/div>\n<div class=\"x_ContentPasted0\" dir=\"auto\"><span class=\"x_x3nfvp2 x_x1j61x8r x_x1fcty0u x_xdj266r x_xhhsvwb x_xat24cr x_xgzva0m x_xxymvpz x_xlup9mm x_x1kky2od\"><img loading=\"lazy\" decoding=\"async\" class=\"x_ContentPasted0\" src=\"https:\/\/static.xx.fbcdn.net\/images\/emoji.php\/v9\/tc0\/1\/16\/1f30e.png\" alt=\"?\" width=\"16\" height=\"16\" data-imagetype=\"External\" \/><\/span>&nbsp;Janu\u00e1r folyam\u00e1n az Eur\u00f3pai Bizotts\u00e1g Migr\u00e1ci\u00f3s \u00dcgyek \u00e9s Uni\u00f3s Bel\u00fcgyek F\u0151igazgat\u00f3s\u00e1g\u00e1nak megh\u00edv\u00e1s\u00e1ra egy szakmak\u00f6zi egyeztet\u00e9sen vett r\u00e9szt.<\/div>\n<div class=\"x_ContentPasted0\" dir=\"auto\">A megbesz\u00e9l\u00e9sen sz\u00e1mos mened\u00e9kesekkel foglalkoz\u00f3 szervezet k\u00e9pviseltette mag\u00e1t. A j\u00f6v\u0151ben kisebb munkacsoportok alakulnak, akik felt\u00e9rk\u00e9pezik a magyar helyzetet \u00e9s javaslatokat tesznek a d\u00f6nt\u00e9shoz\u00f3knak.<\/div>\n<div class=\"x_ContentPasted0\" dir=\"auto\">Koll\u00e9g\u00e1nk a UNHCR Oktat\u00e1si Alcsoportj\u00e1nak is tagja, amely szervezet 2022 febru\u00e1rj\u00e1t\u00f3l koordin\u00e1lja a mened\u00e9kesek ell\u00e1t\u00e1s\u00e1t, m\u00edg az oktat\u00e1si alcsoport kifejezetten a magyarorsz\u00e1gi oktat\u00e1si lehet\u0151s\u00e9geket gy\u0171jti \u00f6ssze \u00e9s osztja meg a j\u00f3gyakorlatokat. &nbsp;<\/div>\n<div class=\"x_ContentPasted0\" dir=\"auto\">A tan\u00e9v m\u00e1sodik fel\u00e9ben is folytat\u00f3dni fognak szakmai egyeztet\u00e9sek.<\/div>\n<p><span class=\"x_ContentPasted0\" dir=\"auto\">A Dr. Mez\u0151 Ferenc \u00c1ltal\u00e1nos Iskola tov\u00e1bbra is nyitott az egyeztet\u00e9sre, \u00e9s a MID-program ir\u00e1nt \u00e9rdekl\u0151d\u0151ket sz\u00edvesen fogadjuk.<\/span><\/p>\n<p style=\"text-align: right;\">&nbsp; 2023.febru\u00e1r 02.<\/p>\n<\/div>\n<\/div>\n<\/div>\n<\/div>\n<\/div>\n<\/div>\n<\/div>\n<\/div>\n<\/section>\n<\/div>\n","protected":false},"excerpt":{"rendered":"<p>Szakmai egyeztet\u00e9sek az ukr\u00e1n mened\u00e9kes tanul\u00f3k \u00fcgy\u00e9ben Az ukr\u00e1n mened\u00e9kes tanul\u00f3k oktat\u00e1sa orsz\u00e1gos k\u00e9rd\u00e9ss\u00e9 v\u00e1lt ebben a tan\u00e9vben. Ottucs\u00e1k Melinda A., a magyar mint idegen nyelvi munkak\u00f6z\u00f6ss\u00e9g vezet\u0151je t\u00f6bb f\u00f3rumon&hellip;<\/p>\n","protected":false},"author":1,"featured_media":1643,"comment_status":"closed","ping_status":"open","sticky":false,"template":"","format":"standard","meta":{"_jetpack_memberships_contains_paid_content":false,"footnotes":""},"categories":[50,51],"tags":[],"class_list":["post-1644","post","type-post","status-publish","format-standard","has-post-thumbnail","hentry","category-iskola-4-profilja","category-mid"],"jetpack_featured_media_url":"https:\/\/mezosuli.hu\/wp-content\/uploads\/2023\/02\/multicult_children.jpg","jetpack_sharing_enabled":true,"_links":{"self":[{"href":"https:\/\/mezosuli.hu\/index.php?rest_route=\/wp\/v2\/posts\/1644","targetHints":{"allow":["GET"]}}],"collection":[{"href":"https:\/\/mezosuli.hu\/index.php?rest_route=\/wp\/v2\/posts"}],"about":[{"href":"https:\/\/mezosuli.hu\/index.php?rest_route=\/wp\/v2\/types\/post"}],"author":[{"embeddable":true,"href":"https:\/\/mezosuli.hu\/index.php?rest_route=\/wp\/v2\/users\/1"}],"replies":[{"embeddable":true,"href":"https:\/\/mezosuli.hu\/index.php?rest_route=%2Fwp%2Fv2%2Fcomments&post=1644"}],"version-history":[{"count":1,"href":"https:\/\/mezosuli.hu\/index.php?rest_route=\/wp\/v2\/posts\/1644\/revisions"}],"predecessor-version":[{"id":2905,"href":"https:\/\/mezosuli.hu\/index.php?rest_route=\/wp\/v2\/posts\/1644\/revisions\/2905"}],"wp:featuredmedia":[{"embeddable":true,"href":"https:\/\/mezosuli.hu\/index.php?rest_route=\/wp\/v2\/media\/1643"}],"wp:attachment":[{"href":"https:\/\/mezosuli.hu\/index.php?rest_route=%2Fwp%2Fv2%2Fmedia&parent=1644"}],"wp:term":[{"taxonomy":"category","embeddable":true,"href":"https:\/\/mezosuli.hu\/index.php?rest_route=%2Fwp%2Fv2%2Fcategories&post=1644"},{"taxonomy":"post_tag","embeddable":true,"href":"https:\/\/mezosuli.hu\/index.php?rest_route=%2Fwp%2Fv2%2Ftags&post=1644"}],"curies":[{"name":"wp","href":"https:\/\/api.w.org\/{rel}","templated":true}]}}