{"id":1658,"date":"2023-03-13T12:14:20","date_gmt":"2023-03-13T11:14:20","guid":{"rendered":"https:\/\/uj.mezosuli.hu\/?p=1658"},"modified":"2026-03-20T12:56:09","modified_gmt":"2026-03-20T11:56:09","slug":"felhivas-beiratkozasra-2023-25","status":"publish","type":"post","link":"https:\/\/mezosuli.hu\/?p=1658","title":{"rendered":"Felh\u00edvas beiratkoz\u00e1sra 2023-24"},"content":{"rendered":"<p><img loading=\"lazy\" decoding=\"async\" class=\" size-full wp-image-749\" style=\"display: block; margin-left: auto; margin-right: auto;\" src=\"https:\/\/uj.mezosuli.hu\/wp-content\/uploads\/2019\/11\/beiratkozas.png\" alt=\"beiratkozas\" width=\"700\" height=\"400\" srcset=\"https:\/\/mezosuli.hu\/wp-content\/uploads\/2019\/11\/beiratkozas.png 700w, https:\/\/mezosuli.hu\/wp-content\/uploads\/2019\/11\/beiratkozas-300x171.png 300w\" sizes=\"auto, (max-width: 700px) 100vw, 700px\" \/><\/p>\n<div class=\"txF_raleway tx16t\" style=\"margin-bottom: 20px; text-align: left;\">\n<p style=\"text-align: left;\"><span style=\"font-size: 18pt;\">Tisztelt Sz\u00fcl\u0151k!<\/span><\/p>\n<p><span style=\"font-size: 12pt;\"><span style=\"font-size: 12pt;\">Hivatkoz\u00e1ssal a nevel\u00e9si-oktat\u00e1si int\u00e9zm\u00e9nyek m\u0171k\u00f6d\u00e9s\u00e9r\u0151l \u00e9s a k\u00f6znevel\u00e9si int\u00e9zm\u00e9nyek n\u00e9vhaszn\u00e1lat\u00e1r\u00f3l sz\u00f3l\u00f3 20\/2012. (VIII.31.) EMMI rendelet 22. \u00a7-\u00e1ban foglaltakra, az al\u00e1bbiakban k\u00f6zz\u00e9tessz\u00fck a tank\u00f6teless\u00e9 v\u00e1l\u00f3 gyermekek iskolai be\u00edrat\u00e1s\u00e1ra vonatkoz\u00f3<\/span> <a href=\"https:\/\/uj.mezosuli.hu\/wp-content\/uploads\/2023\/03\/Felhivas_2023_24.pdf\" target=\"_blank\" rel=\"noopener\"><span style=\"color: #ff6600;\">felh\u00edv\u00e1s<\/span><\/a>t<a href=\"https:\/\/uj.mezosuli.hu\/wp-content\/uploads\/2021\/03\/Felhivas_tankotelesse_valo_gyermekek_iskolai_beiratasara_2021_2022.pdf\" target=\"_blank\" rel=\"noopener\">.<\/a><\/span><\/p>\n<\/div>\n<p><span style=\"font-size: 12pt;\">Budapest, 2023.03.13.<\/span><\/p>\n<div class=\"txF_raleway tx16t\" style=\"margin-bottom: 20px; text-align: right;\">\n<p><span style=\"font-size: 10pt;\">\u00a0\u00a0\u00a0\u00a0\u00a0\u00a0\u00a0\u00a0\u00a0\u00a0\u00a0\u00a0\u00a0\u00a0\u00a0\u00a0\u00a0\u00a0\u00a0\u00a0\u00a0\u00a0\u00a0\u00a0\u00a0\u00a0\u00a0\u00a0\u00a0\u00a0\u00a0\u00a0\u00a0\u00a0\u00a0\u00a0\u00a0\u00a0\u00a0<span style=\"font-size: 12pt;\">\u00a0\u00a0\u00a0\u00a0\u00a0\u00a0\u00a0\u00a0\u00a0\u00a0\u00a0\u00a0\u00a0\u00a0\u00a0\u00a0\u00a0\u00a0\u00a0\u00a0\u00a0\u00a0\u00a0\u00a0\u00a0\u00a0\u00a0\u00a0\u00a0\u00a0\u00a0 Gomb\u00e1r Erzs\u00e9bet<\/span><\/span><\/p>\n<p style=\"text-align: right;\"><span style=\"font-size: 12pt;\">int\u00e9zm\u00e9nyvezet\u0151<\/span><\/p>\n<\/div>\n","protected":false},"excerpt":{"rendered":"<p>Tisztelt Sz\u00fcl\u0151k! Hivatkoz\u00e1ssal a nevel\u00e9si-oktat\u00e1si int\u00e9zm\u00e9nyek m\u0171k\u00f6d\u00e9s\u00e9r\u0151l \u00e9s a k\u00f6znevel\u00e9si int\u00e9zm\u00e9nyek n\u00e9vhaszn\u00e1lat\u00e1r\u00f3l sz\u00f3l\u00f3 20\/2012. (VIII.31.) EMMI rendelet 22. \u00a7-\u00e1ban foglaltakra, az al\u00e1bbiakban k\u00f6zz\u00e9tessz\u00fck a tank\u00f6teless\u00e9 v\u00e1l\u00f3 gyermekek iskolai be\u00edrat\u00e1s\u00e1ra vonatkoz\u00f3&hellip;<\/p>\n","protected":false},"author":1,"featured_media":749,"comment_status":"closed","ping_status":"open","sticky":false,"template":"","format":"standard","meta":{"_jetpack_memberships_contains_paid_content":false,"footnotes":""},"categories":[46],"tags":[],"class_list":["post-1658","post","type-post","status-publish","format-standard","has-post-thumbnail","hentry","category-2023-hirarchivum"],"jetpack_featured_media_url":"https:\/\/mezosuli.hu\/wp-content\/uploads\/2019\/11\/beiratkozas.png","jetpack_sharing_enabled":true,"_links":{"self":[{"href":"https:\/\/mezosuli.hu\/index.php?rest_route=\/wp\/v2\/posts\/1658","targetHints":{"allow":["GET"]}}],"collection":[{"href":"https:\/\/mezosuli.hu\/index.php?rest_route=\/wp\/v2\/posts"}],"about":[{"href":"https:\/\/mezosuli.hu\/index.php?rest_route=\/wp\/v2\/types\/post"}],"author":[{"embeddable":true,"href":"https:\/\/mezosuli.hu\/index.php?rest_route=\/wp\/v2\/users\/1"}],"replies":[{"embeddable":true,"href":"https:\/\/mezosuli.hu\/index.php?rest_route=%2Fwp%2Fv2%2Fcomments&post=1658"}],"version-history":[{"count":3,"href":"https:\/\/mezosuli.hu\/index.php?rest_route=\/wp\/v2\/posts\/1658\/revisions"}],"predecessor-version":[{"id":3516,"href":"https:\/\/mezosuli.hu\/index.php?rest_route=\/wp\/v2\/posts\/1658\/revisions\/3516"}],"wp:featuredmedia":[{"embeddable":true,"href":"https:\/\/mezosuli.hu\/index.php?rest_route=\/wp\/v2\/media\/749"}],"wp:attachment":[{"href":"https:\/\/mezosuli.hu\/index.php?rest_route=%2Fwp%2Fv2%2Fmedia&parent=1658"}],"wp:term":[{"taxonomy":"category","embeddable":true,"href":"https:\/\/mezosuli.hu\/index.php?rest_route=%2Fwp%2Fv2%2Fcategories&post=1658"},{"taxonomy":"post_tag","embeddable":true,"href":"https:\/\/mezosuli.hu\/index.php?rest_route=%2Fwp%2Fv2%2Ftags&post=1658"}],"curies":[{"name":"wp","href":"https:\/\/api.w.org\/{rel}","templated":true}]}}