{"id":1700,"date":"2023-06-02T20:06:31","date_gmt":"2023-06-02T18:06:31","guid":{"rendered":"https:\/\/uj.mezosuli.hu\/?p=1700"},"modified":"2026-03-17T10:50:29","modified_gmt":"2026-03-17T09:50:29","slug":"zuglo-kozoktatasaert-dij","status":"publish","type":"post","link":"https:\/\/mezosuli.hu\/?p=1700","title":{"rendered":"Zugl\u00f3 K\u00f6zoktat\u00e1s\u00e1\u00e9rt D\u00edj"},"content":{"rendered":"<div align=\"center\">\n<section style=\"font-size: 16px; font-family: 'Raleway', sans-serif;\">\n<p style=\"font-size: 16px; text-align: justify;\"><span style=\"color: maroon; font-size: 20pt; font-variant-caps: small-caps; letter-spacing: 1px; font-family: 'Open Sans', sans-serif;\">Zugl\u00f3 K\u00f6zoktat\u00e1s\u00e1\u00e9rt D\u00edj<\/span><\/p>\n<hr \/>\n<div class=\"\" dir=\"auto\">\n<div id=\":rhs:\" class=\"x1iorvi4 x1pi30zi x1l90r2v x1swvt13\" data-ad-comet-preview=\"message\" data-ad-preview=\"message\">\n<div class=\"x78zum5 xdt5ytf xz62fqu x16ldp7u\">\n<div class=\"xu06os2 x1ok221b\" style=\"text-align: left;\">\n<div class=\"xdj266r x11i5rnm xat24cr x1mh8g0r x1vvkbs x126k92a\">\n<div dir=\"auto\"><a href=\"https:\/\/uj.mezosuli.hu\/wp-content\/uploads\/2023\/06\/csicsakne_okl.jpg\" target=\"_blank\"><span class=\"x3nfvp2 x1j61x8r x1fcty0u xdj266r xhhsvwb xat24cr xgzva0m xxymvpz xlup9mm x1kky2od\"><img loading=\"lazy\" decoding=\"async\" style=\"border: 10px solid #ffffff; float: left;\" src=\"https:\/\/uj.mezosuli.hu\/wp-content\/uploads\/2023\/06\/Csicsakne2.jpg\" alt=\"Csicsakne2\" width=\"179\" height=\"208\" \/><\/span><\/a>\u00dajabb \u00f6r\u00f6mteli, b\u00fcszke nap a Dr. Mez\u0151ben. Mi nagyon \u00f6r\u00fcl\u00fcnk, \u00f6r\u00fcljetek ti is vel\u00fcnk!<\/div>\n<div dir=\"auto\"><strong>CSICS\u00c1KN\u00c9 KOV\u00c1CS EDINA<\/strong> tan\u00edt\u00f3, kiemelked\u0151 oktat\u00f3-nevel\u0151 tev\u00e9kenys\u00e9g\u00e9t &#8222;Zugl\u00f3 K\u00f6zoktat\u00e1s\u00e1\u00e9rt D\u00edj&#8221;- jal jutalmazta ma Zugl\u00f3 \u00d6nkorm\u00e1nyzata.<\/div>\n<div dir=\"auto\">Edina, m\u00e1r t\u00f6bb, mint 3 \u00e9vtizede pedag\u00f3gus. Zugl\u00f3 k\u00f6zoktat\u00e1s\u00e1t 22 \u00e9ve a Dr. Mez\u0151 Ferenc \u00c1ltal\u00e1nos Iskola elismert tan\u00edt\u00f3jak\u00e9nt gazdag\u00edtja. Neve, eredm\u00e9nyes, elk\u00f6telezett munk\u00e1ja r\u00e9v\u00e9n sok-sok gyermek \u00e9s sz\u00fcl\u0151 sz\u00e1m\u00e1ra garancia az iskolav\u00e1laszt\u00e1skor.<\/div>\n<div dir=\"auto\"><a tabindex=\"-1\"><\/a>N\u00e9pszer\u0171s\u00e9g\u00e9nek titka? Szakma &#8211; \u00e9s gyermekszeret, der\u0171, lend\u00fclet, toler\u00e1ns szem\u00e9lyis\u00e9g, maximalista teljes\u00edtm\u00e9ny. Van, aki tanulja, a szakm\u00e1t \u00e9s van, aki sz\u00fcletik egy hivat\u00e1sra, &#8211; ez ut\u00f3bbi, Edina.<\/div>\n<div dir=\"auto\">A Budapesti Tan\u00edt\u00f3k\u00e9pz\u0151 F\u0151iskol\u00e1n szerzett diplom\u00e1t 1989-ben. 2014-ben fejleszt\u0151pedag\u00f3gusk\u00e9nt szakvizsg\u00e1zott az ELTE-n, a prevent\u00edv \u00e9s korrekt\u00edv pedag\u00f3giai-pszichol\u00f3giai specializ\u00e1ci\u00f3 k\u00f6vetelm\u00e9nyeit teljes\u00edtette. Az inkluz\u00edv nevel\u00e9s elk\u00f6telezett h\u00edve, SNI-s tanul\u00f3k integr\u00e1ci\u00f3j\u00e1t kiemelked\u0151 sikerrel v\u00e9gzi. A Pet\u0151 Andr\u00e1s F\u0151iskola konduktor tan\u00edt\u00f3inak \u00e9veken \u00e1t mentortan\u00e1ra volt. Bemutat\u00f3 \u00f3r\u00e1kat tartott, hallgat\u00f3i tan\u00edt\u00e1si gyakorlatokat k\u00e9sz\u00edtett el\u0151 \u00e9s \u00e9rt\u00e9kelt. A fiatal pedag\u00f3gusjel\u00f6lteket minden eszk\u00f6zzel t\u00e1mogatta, hogy felk\u00e9sz\u00fclten kezdj\u00e9k a p\u00e1ly\u00e1jukat. A gyakornokok rendszeres l\u00e1togat\u00f3i \u00f3r\u00e1inak. Ker\u00fcleti bemutat\u00f3 \u00f3r\u00e1kon, bels\u0151 int\u00e9zm\u00e9nyi szakmai k\u00e9pz\u00e9seken osztja meg szaktud\u00e1s\u00e1t.<\/div>\n<div dir=\"auto\"><img loading=\"lazy\" decoding=\"async\" class=\" alignright size-full wp-image-1699\" style=\"border: 10px solid #ffffff; float: right;\" src=\"https:\/\/uj.mezosuli.hu\/wp-content\/uploads\/2023\/06\/csicsakne3.jpg\" alt=\"csicsakne3\" width=\"192\" height=\"225\" srcset=\"https:\/\/mezosuli.hu\/wp-content\/uploads\/2023\/06\/csicsakne3.jpg 632w, https:\/\/mezosuli.hu\/wp-content\/uploads\/2023\/06\/csicsakne3-256x300.jpg 256w\" sizes=\"auto, (max-width: 192px) 100vw, 192px\" \/>Tov\u00e1bbk\u00e9pz\u00e9seit a tanul\u00f3i ig\u00e9nyekhez, sz\u00fcks\u00e9gletekhez igaz\u00edtja, a diplom\u00e1ja megszerz\u00e9se \u00f3ta, folyamatosan tanul.<\/div>\n<div dir=\"auto\">Tolnay, Zsolnay, Meixner olvas\u00e1s- \u00e9s \u00edr\u00e1stan\u00edt\u00e1s m\u00f3dszer, \u00e9rt\u00e9kk\u00f6zvet\u00edt\u0151 \u00e9s k\u00e9pess\u00e9gfejleszt\u0151 programok, r\u00e9szk\u00e9pess\u00e9g gyenges\u00e9ggel rendelkez\u0151 (diszlexia, diszgr\u00e1fia) gyermekek speci\u00e1lis olvas\u00e1stan\u00edt\u00e1si elj\u00e1r\u00e1sa, grafomotoros fejleszt\u00e9s, zenei k\u00e9pess\u00e9gfejleszt\u00e9s, kisiskol\u00e1sok sz\u00e1m\u00e1ra. A B\u00e9k\u00e9s Iskol\u00e1k Program egyik alap\u00edt\u00f3tagja a Mez\u0151ben. N\u00e9pszer\u0171, m\u00fazeumj\u00e1r\u00f3 szakk\u00f6rt vezet &#8211; minden tev\u00e9kenys\u00e9g\u00e9nek c\u00e9lja az \u00e9rt\u00e9kk\u00f6zvet\u00edt\u00e9s. Tan\u00edtv\u00e1nyait m\u00e1sodik oszt\u00e1lyos korukt\u00f3l folyamatosan versenyekre k\u00e9sz\u00edti, a tehets\u00e9ggondoz\u00e1s munk\u00e1j\u00e1nak \u00fajabb sikereter\u00fclete. Ker\u00fcleti verseny 1. 2. 3. helyez\u00e9s (Vers-\u00e9s pr\u00f3zamond\u00f3 verseny, Kazinczy- verseny, matematika verseny) BTMN-es SNI-s gyermekeknek ind\u00edtott versenyeken k\u00fcl\u00f6nd\u00edj, sz\u00e9p\u00edr\u00f3versenyen 3. helyez\u00e9s, Budapesti Bolyai magyar csapatversenyen 9. hely.<\/div>\n<div dir=\"auto\">Ny\u00e1ri szabads\u00e1ga idej\u00e9n t\u00e1boroztat, k\u00e9zm\u0171ves t\u00e1bor Kismaroson, \u00e9lm\u00e9ny t\u00e1bor a Szelidi-t\u00f3n\u00e1l, Keszthelyen \u00e9s Gyenesdi\u00e1son. \u00c9vfolyamszint\u0171 sz\u00ednh\u00e1z, b\u00e1bsz\u00ednh\u00e1z l\u00e1togat\u00e1sokat, szervez, ami seg\u00edti a tananyag \u00e9lm\u00e9nyalap\u00fa feldolgoz\u00e1s\u00e1t.<\/div>\n<div dir=\"auto\">Oszt\u00e1lyf\u0151n\u00f6k, munkak\u00f6z\u00f6ss\u00e9gvezet\u0151, az iskola feln\u0151tt k\u00f6z\u00f6ss\u00e9g\u00e9nek domin\u00e1ns szem\u00e9lye, 2 \u00e9ve mesterpedag\u00f3guskn\u00e9nt tev\u00e9kenykedik. Mesterprogramja a gyerekek tanul\u00e1st\u00e1mogat\u00e1s\u00e1ra f\u00f3kusz\u00e1l. Pedag\u00f3gusmunk\u00e1j\u00e1t a min\u0151s\u00e9g, a sokoldal\u00fas\u00e1g, az elfogad\u00e1s, a tisztelet jellemzi, szeretettel, t\u00fcrelemmel, gondoskod\u00e1ssal k\u00f6zvet\u00edtve.<\/div>\n<div dir=\"auto\">Edina, b\u00fcszk\u00e9k vagyunk r\u00e1d, sz\u00edvb\u0151l, elismer\u0151en gratul\u00e1lok valamennyi volt \u00e9s jelenlegi mez\u0151s nev\u00e9ben!<\/div>\n<p>2023. j\u00fanius 02.<\/p><\/div>\n<div class=\"x11i5rnm xat24cr x1mh8g0r x1vvkbs xtlvy1s x126k92a\">\n<div dir=\"auto\" style=\"text-align: right;\">Gomb\u00e1r Erzs\u00e9bet<\/div>\n<\/div>\n<\/div>\n<\/div>\n<\/div>\n<\/div>\n<\/section>\n<\/div>\n","protected":false},"excerpt":{"rendered":"<p>Zugl\u00f3 K\u00f6zoktat\u00e1s\u00e1\u00e9rt D\u00edj \u00dajabb \u00f6r\u00f6mteli, b\u00fcszke nap a Dr. Mez\u0151ben. Mi nagyon \u00f6r\u00fcl\u00fcnk, \u00f6r\u00fcljetek ti is vel\u00fcnk! CSICS\u00c1KN\u00c9 KOV\u00c1CS EDINA tan\u00edt\u00f3, kiemelked\u0151 oktat\u00f3-nevel\u0151 tev\u00e9kenys\u00e9g\u00e9t &#8222;Zugl\u00f3 K\u00f6zoktat\u00e1s\u00e1\u00e9rt D\u00edj&#8221;- jal jutalmazta ma&hellip;<\/p>\n","protected":false},"author":1,"featured_media":1697,"comment_status":"closed","ping_status":"open","sticky":false,"template":"","format":"standard","meta":{"_jetpack_memberships_contains_paid_content":false,"footnotes":""},"categories":[46],"tags":[],"class_list":["post-1700","post","type-post","status-publish","format-standard","has-post-thumbnail","hentry","category-2023-hirarchivum"],"jetpack_featured_media_url":"https:\/\/mezosuli.hu\/wp-content\/uploads\/2023\/06\/Csicsakne2.jpg","jetpack_sharing_enabled":true,"_links":{"self":[{"href":"https:\/\/mezosuli.hu\/index.php?rest_route=\/wp\/v2\/posts\/1700","targetHints":{"allow":["GET"]}}],"collection":[{"href":"https:\/\/mezosuli.hu\/index.php?rest_route=\/wp\/v2\/posts"}],"about":[{"href":"https:\/\/mezosuli.hu\/index.php?rest_route=\/wp\/v2\/types\/post"}],"author":[{"embeddable":true,"href":"https:\/\/mezosuli.hu\/index.php?rest_route=\/wp\/v2\/users\/1"}],"replies":[{"embeddable":true,"href":"https:\/\/mezosuli.hu\/index.php?rest_route=%2Fwp%2Fv2%2Fcomments&post=1700"}],"version-history":[{"count":1,"href":"https:\/\/mezosuli.hu\/index.php?rest_route=\/wp\/v2\/posts\/1700\/revisions"}],"predecessor-version":[{"id":2857,"href":"https:\/\/mezosuli.hu\/index.php?rest_route=\/wp\/v2\/posts\/1700\/revisions\/2857"}],"wp:featuredmedia":[{"embeddable":true,"href":"https:\/\/mezosuli.hu\/index.php?rest_route=\/wp\/v2\/media\/1697"}],"wp:attachment":[{"href":"https:\/\/mezosuli.hu\/index.php?rest_route=%2Fwp%2Fv2%2Fmedia&parent=1700"}],"wp:term":[{"taxonomy":"category","embeddable":true,"href":"https:\/\/mezosuli.hu\/index.php?rest_route=%2Fwp%2Fv2%2Fcategories&post=1700"},{"taxonomy":"post_tag","embeddable":true,"href":"https:\/\/mezosuli.hu\/index.php?rest_route=%2Fwp%2Fv2%2Ftags&post=1700"}],"curies":[{"name":"wp","href":"https:\/\/api.w.org\/{rel}","templated":true}]}}