{"id":1786,"date":"2023-09-04T11:57:33","date_gmt":"2023-09-04T09:57:33","guid":{"rendered":"https:\/\/uj.mezosuli.hu\/?p=1786"},"modified":"2026-03-20T12:48:16","modified_gmt":"2026-03-20T11:48:16","slug":"dr-mezo-50-2","status":"publish","type":"post","link":"https:\/\/mezosuli.hu\/?p=1786","title":{"rendered":"Dr. Mez\u0151 50\/1 k\u00f6sz\u00f6nt\u0151"},"content":{"rendered":"<div align=\"center\">\n<section style=\"font-size: 16px; font-family: 'Raleway', sans-serif;\">\n<p style=\"font-size: 16px; text-align: justify;\"><span style=\"color: maroon; font-size: 20pt; font-variant-caps: small-caps; letter-spacing: 1px; font-family: 'Open Sans', sans-serif;\"><span style=\"color: #ff6600;\">Jubileum: 50\/1 <span style=\"font-size: 14pt;\">meg\u00fcnnepelt\u00fck, elkezdt\u00fck a 2023-2024-es tan\u00e9vet<\/span><\/span><br \/>\n<\/span><\/p>\n<hr \/>\n<div class=\"\" dir=\"auto\">\n<div id=\":rhs:\" class=\"x1iorvi4 x1pi30zi x1l90r2v x1swvt13\" data-ad-comet-preview=\"message\" data-ad-preview=\"message\">\n<div class=\"x78zum5 xdt5ytf xz62fqu x16ldp7u\">\n<div class=\"xu06os2 x1ok221b\">\n<div class=\"xdj266r x11i5rnm xat24cr x1mh8g0r x1vvkbs x126k92a\">\n<div style=\"text-align: justify;\">\n<div class=\"\" dir=\"auto\">\n<div id=\":r8b:\" class=\"x1iorvi4 x1pi30zi x1l90r2v x1swvt13\" data-ad-comet-preview=\"message\" data-ad-preview=\"message\">\n<div class=\"x78zum5 xdt5ytf xz62fqu x16ldp7u\">\n<div class=\"xu06os2 x1ok221b\">\n<div class=\"xdj266r x11i5rnm xat24cr x1mh8g0r x1vvkbs x126k92a\">\n<div dir=\"auto\"><strong>Kedves Mez\u0151s\u00f6k!<\/strong><\/div>\n<div><\/div>\n<div dir=\"auto\">\u00d6r\u00f6m l\u00e1tni, hogy ilyen sokan vagyunk!<img loading=\"lazy\" decoding=\"async\" class=\" alignright size-full wp-image-1785\" style=\"border: 10px solid #ffffff; float: right;\" src=\"https:\/\/uj.mezosuli.hu\/wp-content\/uploads\/2023\/09\/Mezo50.jpg\" alt=\"Mezo50\" width=\"416\" height=\"704\" srcset=\"https:\/\/mezosuli.hu\/wp-content\/uploads\/2023\/09\/Mezo50.jpg 567w, https:\/\/mezosuli.hu\/wp-content\/uploads\/2023\/09\/Mezo50-177x300.jpg 177w\" sizes=\"auto, (max-width: 416px) 100vw, 416px\" \/><\/div>\n<div dir=\"auto\">J\u00f3 \u00e1llni ma itt az 50. jubileumi \u00e9vnyit\u00f3n a Mez\u0151 harmadik igazgat\u00f3jak\u00e9nt. Rem\u00e9lem pedag\u00f3gusk\u00e9nt, gyerekk\u00e9nt, sz\u00fcl\u0151k\u00e9nt, vend\u00e9gk\u00e9nt hasonl\u00f3t \u00e9reztek, \u00e9reznek. \u00dcnnepelni b\u00e9k\u00e9s, nyugodt l\u00e9lekkel lehet. Ma bennem itt bel\u00fcl, k\u00f6z\u00f6ttetek, minden rendben, minden a hely\u00e9n.<\/div>\n<div dir=\"auto\">Mi\u00e9rt \u00e9rzem ezt? Mert tudom \u00e9s l\u00e1tom, hogy van el\u00e9g hit\u00fcnk, van el\u00e9g er\u0151nk \u00e9s van el\u00e9g id\u0151nk. Van az \u00e9let\u00fcnkben el\u00e9g szeretet, figyelem, felel\u0151ss\u00e9g, \u00e9s ha nem lenne el\u00e9g, akkor majd m\u00e9g beletesz\u00fcnk, beleteszek. Van el\u00e9g sz\u00e9ps\u00e9g, h\u00e1la, \u00f6r\u00f6m \u00e9s siker k\u00f6r\u00fcl\u00f6tt\u00fcnk &#8211; \u00e9s mindezt egym\u00e1snak k\u00f6sz\u00f6nhetj\u00fck.<\/div>\n<div dir=\"auto\">Van egy sokat l\u00e1tott \u00e9s tapasztalt \u00f6reged\u0151 \u00e9p\u00fclet m\u00f6g\u00f6ttem, kit\u00e9ve minden \u00e9gt\u00e1jr\u00f3l \u00e9rkez\u0151 sz\u00e9lnek, rong\u00e1l\u00f3 viharnak, \u00e1ztat\u00f3 es\u0151nek. N\u00e9ha kimozdulunk az egyens\u00falyunkb\u00f3l, de csak egy \u00fajabb lecke miatt, hogy a tapasztal\u00e1st\u00f3l m\u00e9g er\u0151sebben t\u00e9rj\u00fcnk vissza.<\/div>\n<div dir=\"auto\">Van egy szellemis\u00e9g, egy gazdag tartalom, ami az 50 \u00e9v\u00fcnk term\u00e9ke, ez tesz benn\u00fcnket ellen\u00e1ll\u00f3v\u00e1, v\u00e9dett\u00e9. K\u00f6sz\u00f6net \u00e9rte az el\u0151d\u00f6knek, vezet\u0151knek, pedag\u00f3gusoknak, k\u00f6sz\u00f6net a tanul\u00f3knak, akik ma a vil\u00e1g minden f\u00f6ldr\u00e9sz\u00e9n \u00e9lnek \u00e9s eml\u00e9keikkel a Mez\u0151h\u00f6z k\u00f6t\u0151dnek. K\u00f6sz\u00f6net Rappai Gy\u00f6rgy, Litkai Ildik\u00f3 igazgat\u00f3knak, Piukovicsn\u00e9 Kajtor Judit, Uhrin Zsuzsa, Ankucza Kati, Muzsay Andrea igazgat\u00f3helyetteseknek, a nagy tud\u00e1s\u00fa \u00e9s tekint\u00e9ly\u0171 pedag\u00f3gusoknak, &#8211; akiket \u00e9n ismerhettem &#8211; S\u00e1rv\u00e1ri G\u00e1born\u00e9nak, Skrek M\u00e1ty\u00e1sn\u00e9nak, Kling Erik\u00e1nak, Kr\u00fady Andr\u00e1sn\u00e9nak, Felm\u00e9ri \u00c9v\u00e1nak \u00e9s folytathatn\u00e1m hosszan a sort\u2026.<\/div>\n<div dir=\"auto\">V\u00e1ltozunk, az \u00e9let kih\u00edv\u00e1saira reag\u00e1lunk. Olimpiai iskola arculatunkat b\u0151v\u00edtett\u00fck, \u00d6r\u00f6k\u00f6s \u00d6koiskol\u00e1v\u00e1 v\u00e1ltunk, viselj\u00fck \u00e9s valljuk a \u201eB\u00e9k\u00e9s Iskol\u00e1k\u201d szeml\u00e9letet, a magyar mint idegen nyelv oktat\u00e1s orsz\u00e1gos \u00e9s m\u00e1r nemzetk\u00f6zi szinten is elismert szakmai k\u00f6zpontja lett\u00fcnk, a K\u00e1roli G\u00e1sp\u00e1r Egyetem partneriskol\u00e1jak\u00e9nt m\u0171k\u00f6d\u00fcnk. Soksz\u00edn\u0171ek vagyunk \u00fagy, hogy magunkat, \u00e9rt\u00e9keinket, a hagyom\u00e1nyainkat minden k\u00f6r\u00fclm\u00e9ny k\u00f6z\u00f6tt megtartjuk, egyenes gerinccel, emelt f\u0151vel tekint\u00fcnk a j\u00f6v\u0151 fel\u00e9.<\/div>\n<div dir=\"auto\">Milyen a j\u00f3 iskola? Id\u00e9zhetn\u00e9m a nagyok, Gorkij, Szentgy\u00f6rgyi Albert sz\u00e1ll\u00f3ig\u00e9v\u00e9 v\u00e1lt gondolatait, de csak a saj\u00e1tomat tudom hitelesen k\u00f6zvet\u00edteni.<\/div>\n<div dir=\"auto\">Az a j\u00f3 iskola:<\/div>\n<div dir=\"auto\">&#8211; ahol a gyerek, \u00edzig-v\u00e9rig gyerek lehet, nyitott, \u00e9rdekl\u0151d\u0151, felszabadult, j\u00e1tszhat, \u00f6r\u00fclhet, tanulhat, alkalmazkodhat, elfogadhat.<\/div>\n<div dir=\"auto\">&#8211; ahol a pedag\u00f3gus \u00f6ntudatosan, szabadon, sikeresen, elismer\u00e9ssel gyakorolhatja szakm\u00e1j\u00e1t.<\/div>\n<div dir=\"auto\">Itt szeretn\u00e9m megk\u00f6sz\u00f6nni a Zugl\u00f3 \u00d6nkorm\u00e1nyzat K\u00e9pvisel\u0151test\u00fclet\u00e9nek, hogy az elm\u00falt \u00e9vekben Az \u00c9V PEDAG\u00d3GUSA, AZ \u00c9V FIATAL PEDAG\u00d3GUSA, Zugl\u00f3 Lakoss\u00e1g\u00e1\u00e9rt, Zugl\u00f3i Gyermekek\u00e9rt d\u00edjakkal ismerte el koll\u00e9g\u00e1im kiemelked\u0151 munk\u00e1j\u00e1t.<\/div>\n<div dir=\"auto\">Iskol\u00e1nk 3 \u00e9ve Es\u00e9lyegyenl\u0151s\u00e9gi D\u00edjat kapott, eredm\u00e9nyes inkluz\u00edv nevel\u0151-oktatat\u00f3 munk\u00e1j\u00e1\u00e9rt. Tavaly a \u201eB\u00e9k\u00e9s Iskol\u00e1k\u201d programban kiemelked\u0151 munk\u00e1t v\u00e9gz\u0151 8 pedag\u00f3gusunk munk\u00e1j\u00e1t ismert\u00e9k el. Tanul\u00f3ink minden \u00e9vben ott vannak Az \u00e9v tanul\u00f3ja, az \u00e9v sportol\u00f3ja d\u00edj\u00e1tad\u00f3n.<\/div>\n<div dir=\"auto\">K\u00f6sz\u00f6nj\u00fck az erk\u00f6lcsi \u00e9s anyagi elismer\u00e9st!<\/div>\n<div dir=\"auto\">A Mez\u0151s\u00f6k minden \u00e9vben sport \u00e9s tanulm\u00e1nyi versenyek dobog\u00f3sai, kolleg\u00e1im j\u00f3 gyakorlatok \u00e1tad\u00f3i, nemzetk\u00f6zi konferenci\u00e1k \u00e9s tan\u00e1rtov\u00e1bbk\u00e9pz\u00e9sek r\u00e9sztvev\u0151i. Sikeres munk\u00e1nk t\u00f6bb sajt\u00f3org\u00e1numban pozit\u00edv p\u00e9ldak\u00e9nt szerepel.<\/div>\n<div dir=\"auto\">Jelenleg ez a Dr. Mez\u0151 Ferenc \u00c1ltal\u00e1nos Iskola.<\/div>\n<div dir=\"auto\">K\u00f6sz\u00f6n\u00f6m mindenkinek, aki ma megtisztelt benn\u00fcnket jelenl\u00e9t\u00e9vel \u00e9s egy\u00fctt \u00f6r\u00fclt, \u00fcnnepelt vel\u00fcnk. K\u00edv\u00e1nok a jubileumi \u00e9vre minden mez\u0151s tanul\u00f3nak \u00e9s alkalmazottnak \u00f6r\u00f6mteli eredm\u00e9nyes munk\u00e1t, kitart\u00e1st \u00e9s sikert! \u201eAz 50 \u00e9v 50 esem\u00e9ny\u201d rendezv\u00e9nysorozatb\u00f3l m\u00e9g 49 v\u00e1r r\u00e1nk, izgalmas \u00e9v\u00fcnk lesz.<\/div>\n<div dir=\"auto\">M\u00e9lt\u00f3 50. \u00e9vfordul\u00f3t, hajr\u00e1 Mez\u0151!<\/div>\n<div><\/div>\n<\/div>\n<div class=\"x11i5rnm xat24cr x1mh8g0r x1vvkbs xtlvy1s x126k92a\">\n<div dir=\"auto\">Budapest, 2023.08. 31.<\/div>\n<\/div>\n<div class=\"x11i5rnm xat24cr x1mh8g0r x1vvkbs xtlvy1s x126k92a\">\n<div dir=\"auto\">Gomb\u00e1r Erzs\u00e9bet<\/div>\n<div dir=\"auto\">igazgat\u00f3<\/div>\n<\/div>\n<div><\/div>\n<div class=\"x11i5rnm xat24cr x1mh8g0r x1vvkbs xtlvy1s x126k92a\"><span style=\"color: #008000;\"><a style=\"color: #008000;\" href=\"index.php\/2016-02-09-12-12-30\/2016-02-09-12-12-54\/2023-24-es-tanev\/category\/107-evnyito\" target=\"_blank\" rel=\"noopener\">Gal\u00e9ria<\/a><\/span><\/div>\n<div class=\"x11i5rnm xat24cr x1mh8g0r x1vvkbs xtlvy1s x126k92a\"><span style=\"color: #800080;\"><a style=\"color: #800080;\" href=\"https:\/\/l.facebook.com\/l.php?u=https%3A%2F%2Fzglmedia.hu%2Fotvenedik-szuletesnapot-unnepeltek-a-tanevnyiton%2F%3Ffbclid%3DIwAR2zwRv1za9iZsd_L80pZhtmuDVY6hggy_sc4WeSuUjNVPsP_cMu7cwKFxg&amp;h=AT3YGdVHSCr3Hj4vEc4act8eNrO4Q3yztsS9Fnm87GzYl0Evzw4ul71JmSwgjiTdfSPN1CVShpilt3omB0H3ceAbCr09vP2hGfPXVLSyEMfJa3NphgEqSaImTLtbouEIw2-HE3CanzLJrkFTJstt&amp;__tn__=R]-R&amp;c[0]=AT2cDIAOZ9-9w1UMGcopLOXz_C7VKoZn9s-E_JnIN4AkFTRtH8HR7vbbxV2oS5HX-NfKqqYaTglanmEtXVKW8V0haN3NJV1i7Yixko5HgHNlKcszCXMT_t_oxfNjEEKwwqL16YeiKzo-RkiMo6bAocVPRmC5UNAX5S2RZzr8SgaMSV8EPQyNZ9qx6BQPl9JDIEuMqE5S-NkmRw\" target=\"_blank\" rel=\"noopener\">R\u00f3lunk \u00edrt\u00e1k<\/a><\/span><\/div>\n<\/div>\n<div class=\"xu06os2 x1ok221b\" style=\"text-align: right;\">2023. szeptember 04.<\/div>\n<\/div>\n<\/div>\n<\/div>\n<\/div>\n<\/div>\n<\/div>\n<\/div>\n<\/div>\n<\/div>\n<\/section>\n<\/div>\n","protected":false},"excerpt":{"rendered":"<p>Jubileum: 50\/1 meg\u00fcnnepelt\u00fck, elkezdt\u00fck a 2023-2024-es tan\u00e9vet Kedves Mez\u0151s\u00f6k! \u00d6r\u00f6m l\u00e1tni, hogy ilyen sokan vagyunk! J\u00f3 \u00e1llni ma itt az 50. jubileumi \u00e9vnyit\u00f3n a Mez\u0151 harmadik igazgat\u00f3jak\u00e9nt. Rem\u00e9lem pedag\u00f3gusk\u00e9nt, gyerekk\u00e9nt,&hellip;<\/p>\n","protected":false},"author":1,"featured_media":0,"comment_status":"closed","ping_status":"open","sticky":false,"template":"","format":"standard","meta":{"_jetpack_memberships_contains_paid_content":false,"footnotes":""},"categories":[46],"tags":[],"class_list":["post-1786","post","type-post","status-publish","format-standard","hentry","category-2023-hirarchivum"],"jetpack_featured_media_url":"","jetpack_sharing_enabled":true,"_links":{"self":[{"href":"https:\/\/mezosuli.hu\/index.php?rest_route=\/wp\/v2\/posts\/1786","targetHints":{"allow":["GET"]}}],"collection":[{"href":"https:\/\/mezosuli.hu\/index.php?rest_route=\/wp\/v2\/posts"}],"about":[{"href":"https:\/\/mezosuli.hu\/index.php?rest_route=\/wp\/v2\/types\/post"}],"author":[{"embeddable":true,"href":"https:\/\/mezosuli.hu\/index.php?rest_route=\/wp\/v2\/users\/1"}],"replies":[{"embeddable":true,"href":"https:\/\/mezosuli.hu\/index.php?rest_route=%2Fwp%2Fv2%2Fcomments&post=1786"}],"version-history":[{"count":2,"href":"https:\/\/mezosuli.hu\/index.php?rest_route=\/wp\/v2\/posts\/1786\/revisions"}],"predecessor-version":[{"id":3508,"href":"https:\/\/mezosuli.hu\/index.php?rest_route=\/wp\/v2\/posts\/1786\/revisions\/3508"}],"wp:attachment":[{"href":"https:\/\/mezosuli.hu\/index.php?rest_route=%2Fwp%2Fv2%2Fmedia&parent=1786"}],"wp:term":[{"taxonomy":"category","embeddable":true,"href":"https:\/\/mezosuli.hu\/index.php?rest_route=%2Fwp%2Fv2%2Fcategories&post=1786"},{"taxonomy":"post_tag","embeddable":true,"href":"https:\/\/mezosuli.hu\/index.php?rest_route=%2Fwp%2Fv2%2Ftags&post=1786"}],"curies":[{"name":"wp","href":"https:\/\/api.w.org\/{rel}","templated":true}]}}