{"id":1789,"date":"2023-09-12T07:20:13","date_gmt":"2023-09-12T05:20:13","guid":{"rendered":"https:\/\/uj.mezosuli.hu\/?p=1789"},"modified":"2026-03-17T10:50:28","modified_gmt":"2026-03-17T09:50:28","slug":"mid-a-karolin","status":"publish","type":"post","link":"https:\/\/mezosuli.hu\/?p=1789","title":{"rendered":"MID a Karolin"},"content":{"rendered":"<div align=\"center\">\n<section style=\"font-size: 16px; font-family: 'Raleway', sans-serif;\">\n<p style=\"font-size: 16px; text-align: justify;\"><span style=\"color: maroon; font-size: 20pt; font-variant-caps: small-caps; letter-spacing: 1px; font-family: 'Open Sans', sans-serif;\">MID a k\u00f6zoktat\u00e1sban konferencia <span style=\"font-size: 14pt;\">a K\u00e1roli G\u00e1sp\u00e1r Reform\u00e1tus Egyetemen<img loading=\"lazy\" decoding=\"async\" class=\" alignright size-full wp-image-1787\" style=\"float: right;\" src=\"https:\/\/uj.mezosuli.hu\/wp-content\/uploads\/2023\/09\/multicult_children.jpg\" alt=\"multicult children\" width=\"79\" height=\"79\" srcset=\"https:\/\/mezosuli.hu\/wp-content\/uploads\/2023\/09\/multicult_children.jpg 800w, https:\/\/mezosuli.hu\/wp-content\/uploads\/2023\/09\/multicult_children-300x300.jpg 300w, https:\/\/mezosuli.hu\/wp-content\/uploads\/2023\/09\/multicult_children-150x150.jpg 150w, https:\/\/mezosuli.hu\/wp-content\/uploads\/2023\/09\/multicult_children-768x768.jpg 768w, https:\/\/mezosuli.hu\/wp-content\/uploads\/2023\/09\/multicult_children-500x500.jpg 500w\" sizes=\"auto, (max-width: 79px) 100vw, 79px\" \/><\/span><br \/><\/span><\/p>\n<hr \/>\n<div class=\"\" dir=\"auto\">\n<div id=\":rhs:\" class=\"x1iorvi4 x1pi30zi x1l90r2v x1swvt13\" data-ad-comet-preview=\"message\" data-ad-preview=\"message\">\n<div class=\"x78zum5 xdt5ytf xz62fqu x16ldp7u\">\n<div class=\"xu06os2 x1ok221b\">\n<div class=\"xdj266r x11i5rnm xat24cr x1mh8g0r x1vvkbs x126k92a\">\n<div class=\"x_x_x_x_elementToProof\" style=\"text-align: left;\"><img loading=\"lazy\" decoding=\"async\" class=\" alignleft size-full wp-image-1788\" style=\"border: 10px solid #ffffff; float: left;\" src=\"https:\/\/uj.mezosuli.hu\/wp-content\/uploads\/2023\/09\/376369378_272451309054897_3606233144815198727_n.jpg\" alt=\"376369378 272451309054897 3606233144815198727 n\" width=\"330\" height=\"233\" srcset=\"https:\/\/mezosuli.hu\/wp-content\/uploads\/2023\/09\/376369378_272451309054897_3606233144815198727_n.jpg 2048w, https:\/\/mezosuli.hu\/wp-content\/uploads\/2023\/09\/376369378_272451309054897_3606233144815198727_n-300x211.jpg 300w, https:\/\/mezosuli.hu\/wp-content\/uploads\/2023\/09\/376369378_272451309054897_3606233144815198727_n-1024x722.jpg 1024w, https:\/\/mezosuli.hu\/wp-content\/uploads\/2023\/09\/376369378_272451309054897_3606233144815198727_n-768x541.jpg 768w, https:\/\/mezosuli.hu\/wp-content\/uploads\/2023\/09\/376369378_272451309054897_3606233144815198727_n-1536x1082.jpg 1536w\" sizes=\"auto, (max-width: 330px) 100vw, 330px\" \/>2023. 09.09-\u00e9n rendezt\u00e9k meg a K\u00e1roli G\u00e1sp\u00e1r Reform\u00e1tus Egyetemen a <i>MID a k\u00f6zoktat\u00e1sban<\/i> konferenci\u00e1t, melyen a Dr. Mez\u0151 Ferenc \u00c1ltal\u00e1nos iskola igazgat\u00f3ja \u00e9s magyar mint idegen nyelvi munkak\u00f6z\u00f6ss\u00e9ge k\u00e9pviseltette mag\u00e1t. A konferencia c\u00e9lja a kapcsolat\u00e9p\u00edt\u00e9s \u00e9s a j\u00f3gyakorlatok megismertet\u00e9se volt.<\/div>\n<div class=\"x_x_x_x_elementToProof\" style=\"text-align: left;\">Ottucs\u00e1k Melinda A., munkak\u00f6z\u00f6ss\u00e9gvezet\u0151 mutatta be az iskola magyar mint idegen nyelvi programj\u00e1t. Az el\u0151ad\u00e1s sor\u00e1n \u00f6sszegezte az iskolai program eddigi t\u00f6rt\u00e9net\u00e9t, besz\u00e9lt az idei tan\u00e9v kih\u00edv\u00e1sair\u00f3l \u00e9s sz\u00e1mos nyelvoktat\u00e1si m\u00f3dszertani \u00f6tletet, technik\u00e1t ismertetett. A k\u00fclf\u00f6ldi di\u00e1kok sz\u00e1m\u00e1ra neh\u00e9zs\u00e9get okoz\u00f3 felv\u00e9teli k\u00e9rd\u00e9s\u00e9r\u0151l is sz\u00f3 volt, mely t\u00e9ma m\u00e1s iskol\u00e1k sz\u00e1m\u00e1ra is relev\u00e1ns, \u00e1m megold\u00e1sa \u00e9vek \u00f3ta v\u00e1rat mag\u00e1ra.<\/div>\n<div class=\"x_x_x_x_elementToProof\" style=\"text-align: left;\">A konferencia utols\u00f3 r\u00e9sz\u00e9ben a 2023-ban megjelen\u0151 \u00faj tank\u00f6nyvekr\u0151l esett sz\u00f3. Ebben a szekci\u00f3ban r\u00f6vid bemutat\u00e1sra ker\u00fclt a Luk\u00e1cs-Somos J\u00falia &#8211; Ottucs\u00e1k Melinda A. &#8211; Sz\u00e9kely Orsolya \u00e1ltal \u00edrt Zahra \u00e9s Zia az Eperfa utc\u00e1ban 2. (Magyar mint idegen nyelvi munkaf\u00fczet) k\u00f6tet, mely a h\u00f3napban van nyomdai megjelen\u00e9s alatt.&nbsp;<\/div>\n<div class=\"x_x_x_x_elementToProof\" style=\"text-align: left;\">A konferencia v\u00e9g\u00e9re \u00faj szakmai ismerets\u00e9geket szerezt\u00fcnk.&nbsp;&nbsp;Meger\u0151s\u00edt\u00e9st kaptunk, hogy a Dr. Mez\u0151 Ferenc \u00c1ltal\u00e1nos Iskola magyar mint idegen nyelvi programja \u00e9s munkak\u00f6z\u00f6ss\u00e9g\u00e9nek szakmai munk\u00e1ja orsz\u00e1gosan egyed\u00fcl\u00e1ll\u00f3 \u00e9s a legr\u00e9szletesebb, pedag\u00f3giai programban r\u00f6gz\u00edtett szakmai program.&nbsp;<\/div>\n<div class=\"x_x_x_x_elementToProof\" style=\"text-align: right;\">Ottucs\u00e1k Melinda A.<\/div>\n<div class=\"x_x_x_x_elementToProof\" style=\"text-align: right;\">&nbsp;MID-munkak\u00f6z\u00f6ss\u00e9g vezet\u0151je&nbsp;<\/div>\n<div>&nbsp;<\/div>\n<\/div>\n<div class=\"xdj266r x11i5rnm xat24cr x1mh8g0r x1vvkbs x126k92a\" style=\"text-align: right;\">2023. szeptember 12. <\/div>\n<\/div>\n<\/div>\n<\/div>\n<\/div>\n<\/section>\n<\/div>\n","protected":false},"excerpt":{"rendered":"<p>MID a k\u00f6zoktat\u00e1sban konferencia a K\u00e1roli G\u00e1sp\u00e1r Reform\u00e1tus Egyetemen 2023. 09.09-\u00e9n rendezt\u00e9k meg a K\u00e1roli G\u00e1sp\u00e1r Reform\u00e1tus Egyetemen a MID a k\u00f6zoktat\u00e1sban konferenci\u00e1t, melyen a Dr. Mez\u0151 Ferenc \u00c1ltal\u00e1nos iskola&hellip;<\/p>\n","protected":false},"author":1,"featured_media":1787,"comment_status":"closed","ping_status":"open","sticky":false,"template":"","format":"standard","meta":{"_jetpack_memberships_contains_paid_content":false,"footnotes":""},"categories":[50,51],"tags":[],"class_list":["post-1789","post","type-post","status-publish","format-standard","has-post-thumbnail","hentry","category-iskola-4-profilja","category-mid"],"jetpack_featured_media_url":"https:\/\/mezosuli.hu\/wp-content\/uploads\/2023\/09\/multicult_children.jpg","jetpack_sharing_enabled":true,"_links":{"self":[{"href":"https:\/\/mezosuli.hu\/index.php?rest_route=\/wp\/v2\/posts\/1789","targetHints":{"allow":["GET"]}}],"collection":[{"href":"https:\/\/mezosuli.hu\/index.php?rest_route=\/wp\/v2\/posts"}],"about":[{"href":"https:\/\/mezosuli.hu\/index.php?rest_route=\/wp\/v2\/types\/post"}],"author":[{"embeddable":true,"href":"https:\/\/mezosuli.hu\/index.php?rest_route=\/wp\/v2\/users\/1"}],"replies":[{"embeddable":true,"href":"https:\/\/mezosuli.hu\/index.php?rest_route=%2Fwp%2Fv2%2Fcomments&post=1789"}],"version-history":[{"count":1,"href":"https:\/\/mezosuli.hu\/index.php?rest_route=\/wp\/v2\/posts\/1789\/revisions"}],"predecessor-version":[{"id":2899,"href":"https:\/\/mezosuli.hu\/index.php?rest_route=\/wp\/v2\/posts\/1789\/revisions\/2899"}],"wp:featuredmedia":[{"embeddable":true,"href":"https:\/\/mezosuli.hu\/index.php?rest_route=\/wp\/v2\/media\/1787"}],"wp:attachment":[{"href":"https:\/\/mezosuli.hu\/index.php?rest_route=%2Fwp%2Fv2%2Fmedia&parent=1789"}],"wp:term":[{"taxonomy":"category","embeddable":true,"href":"https:\/\/mezosuli.hu\/index.php?rest_route=%2Fwp%2Fv2%2Fcategories&post=1789"},{"taxonomy":"post_tag","embeddable":true,"href":"https:\/\/mezosuli.hu\/index.php?rest_route=%2Fwp%2Fv2%2Ftags&post=1789"}],"curies":[{"name":"wp","href":"https:\/\/api.w.org\/{rel}","templated":true}]}}