{"id":1791,"date":"2023-09-13T06:58:00","date_gmt":"2023-09-13T04:58:00","guid":{"rendered":"https:\/\/uj.mezosuli.hu\/?p=1791"},"modified":"2026-03-17T10:50:28","modified_gmt":"2026-03-17T09:50:28","slug":"versenyeredmeny-2023-24","status":"publish","type":"post","link":"https:\/\/mezosuli.hu\/?p=1791","title":{"rendered":"Versenyeredm\u00e9ny 2023_24"},"content":{"rendered":"<div style=\"font-family: 'Raleway', sans-serif; text-align: right;\" align=\"center\">\n<section style=\"font-size: 16px;\">\n<p style=\"font-size: 16px; font-family: 'Open Sans', sans-serif; font-weight: 500; text-align: justify;\"><span style=\"color: #ff6600; font-size: 20pt; font-variant-caps: small-caps; letter-spacing: 1pt;\">Versenyeredm\u00e9ny<\/span><\/p>\n<hr \/>\n<div class=\"x_elementToProof\" style=\"text-align: justify;\">\n<div dir=\"auto\">\n<div dir=\"auto\"><a href=\"index.php\/2016-02-09-12-12-30\/2016-02-09-12-12-54\/2023-24-es-tanev\/category\/108-sport\" target=\"_blank\" rel=\"noopener\"><img loading=\"lazy\" decoding=\"async\" style=\"border: 5px solid #ffffff; float: right;\" src=\"https:\/\/uj.mezosuli.hu\/wp-content\/uploads\/2023\/09\/20230903_001609.jpg\" alt=\"290343989 5591107470908276 3116103203711203308 n\" width=\"104\" height=\"185\" \/><\/a><\/div>\n<div class=\"x_x_elementToProof\"><span class=\"x_x_ContentPasted0\">T\u00f3th \u00c1d\u00e1m, 8. c oszt\u00e1lyos tanul\u00f3 2023.09.02-\u00e9n r\u00e9szt vett a Magyar Hegy- \u00e9s Sportm\u00e1sz\u00f3 Sz\u00f6vets\u00e9g \u00e1ltal rendezett Magyar Kupa fordul\u00f3ban. Sikeres versenyeredm\u00e9nyeket \u00e9rt el:&nbsp;<\/span><\/div>\n<div class=\"x_x_elementToProof\"><span class=\"x_x_ContentPasted0\">II. helyez\u00e9st \u00e9rt el gyorsas\u00e1gi versenysz\u00e1mban Ifj\u00fas\u00e1gi B kateg\u00f3ri\u00e1ban<\/span><br class=\"x_x_ContentPasted0\" aria-hidden=\"true\" \/><span class=\"x_x_ContentPasted0\">IV. helyez\u00e9st \u00e9rt el neh\u00e9zs\u00e9gi versenysz\u00e1mban Ifj\u00fas\u00e1gi B kateg\u00f3ri\u00e1ban<\/span><br class=\"x_x_ContentPasted0\" aria-hidden=\"true\" \/><span class=\"x_x_ContentPasted0\">VI. helyez\u00e9st \u00e9rt el gyorsas\u00e1gi versenysz\u00e1mban Feln\u0151tt f\u00e9rfi kateg\u00f3ri\u00e1ban<\/span><br class=\"x_x_ContentPasted0\" aria-hidden=\"true\" \/>Gratul\u00e1lunk az eredm\u00e9ny\u00e9hez!<\/div>\n<p><\/p>\n<p style=\"text-align: right;\">&nbsp;<\/p>\n<p style=\"text-align: left;\">Ottucs\u00e1k Melinda<\/p>\n<p style=\"text-align: right;\">2023.szeptember 13.<\/p>\n<\/div>\n<\/div>\n<\/section>\n<section><\/section>\n<section><\/section>\n<section><\/section>\n<section><\/section>\n<section><\/section>\n<section><\/section>\n<section><\/section>\n<section><\/section>\n<section><\/section>\n<section style=\"font-size: 16px;\"><\/section>\n<\/div>\n","protected":false},"excerpt":{"rendered":"<p>Versenyeredm\u00e9ny T\u00f3th \u00c1d\u00e1m, 8. c oszt\u00e1lyos tanul\u00f3 2023.09.02-\u00e9n r\u00e9szt vett a Magyar Hegy- \u00e9s Sportm\u00e1sz\u00f3 Sz\u00f6vets\u00e9g \u00e1ltal rendezett Magyar Kupa fordul\u00f3ban. Sikeres versenyeredm\u00e9nyeket \u00e9rt el:&nbsp; II. helyez\u00e9st \u00e9rt el gyorsas\u00e1gi&hellip;<\/p>\n","protected":false},"author":1,"featured_media":1790,"comment_status":"closed","ping_status":"open","sticky":false,"template":"","format":"standard","meta":{"_jetpack_memberships_contains_paid_content":false,"footnotes":""},"categories":[46],"tags":[],"class_list":["post-1791","post","type-post","status-publish","format-standard","has-post-thumbnail","hentry","category-2023-hirarchivum"],"jetpack_featured_media_url":"https:\/\/mezosuli.hu\/wp-content\/uploads\/2023\/09\/20230903_001609.jpg","jetpack_sharing_enabled":true,"_links":{"self":[{"href":"https:\/\/mezosuli.hu\/index.php?rest_route=\/wp\/v2\/posts\/1791","targetHints":{"allow":["GET"]}}],"collection":[{"href":"https:\/\/mezosuli.hu\/index.php?rest_route=\/wp\/v2\/posts"}],"about":[{"href":"https:\/\/mezosuli.hu\/index.php?rest_route=\/wp\/v2\/types\/post"}],"author":[{"embeddable":true,"href":"https:\/\/mezosuli.hu\/index.php?rest_route=\/wp\/v2\/users\/1"}],"replies":[{"embeddable":true,"href":"https:\/\/mezosuli.hu\/index.php?rest_route=%2Fwp%2Fv2%2Fcomments&post=1791"}],"version-history":[{"count":1,"href":"https:\/\/mezosuli.hu\/index.php?rest_route=\/wp\/v2\/posts\/1791\/revisions"}],"predecessor-version":[{"id":2880,"href":"https:\/\/mezosuli.hu\/index.php?rest_route=\/wp\/v2\/posts\/1791\/revisions\/2880"}],"wp:featuredmedia":[{"embeddable":true,"href":"https:\/\/mezosuli.hu\/index.php?rest_route=\/wp\/v2\/media\/1790"}],"wp:attachment":[{"href":"https:\/\/mezosuli.hu\/index.php?rest_route=%2Fwp%2Fv2%2Fmedia&parent=1791"}],"wp:term":[{"taxonomy":"category","embeddable":true,"href":"https:\/\/mezosuli.hu\/index.php?rest_route=%2Fwp%2Fv2%2Fcategories&post=1791"},{"taxonomy":"post_tag","embeddable":true,"href":"https:\/\/mezosuli.hu\/index.php?rest_route=%2Fwp%2Fv2%2Ftags&post=1791"}],"curies":[{"name":"wp","href":"https:\/\/api.w.org\/{rel}","templated":true}]}}