{"id":1793,"date":"2023-10-06T06:44:04","date_gmt":"2023-10-06T04:44:04","guid":{"rendered":"https:\/\/uj.mezosuli.hu\/?p=1793"},"modified":"2026-03-17T10:50:28","modified_gmt":"2026-03-17T09:50:28","slug":"konyvbemutato","status":"publish","type":"post","link":"https:\/\/mezosuli.hu\/?p=1793","title":{"rendered":"K\u00f6nyvbemutat\u00f3"},"content":{"rendered":"<div style=\"font-family: 'Raleway', sans-serif; text-align: right;\" align=\"center\">\n<section style=\"font-size: 16px;\">\n<p style=\"font-size: 16px; font-family: 'Open Sans', sans-serif; font-weight: 500; text-align: left;\"><span style=\"color: #ff6600; font-size: 20pt; font-variant-caps: small-caps; letter-spacing: 1pt;\">Zahra \u00e9s Zia az Eperfa Iskol\u00e1ban 2. <span style=\"font-size: 14pt;\">\u2013 k\u00f6nyvbemutat\u00f3<\/span><\/span><\/p>\n<hr \/>\n<div class=\"x_elementToProof\" style=\"text-align: justify;\">\n<div dir=\"auto\" style=\"text-align: right;\">\n<p style=\"text-align: left;\"><a href=\"index.php\/2016-02-09-12-12-30\/2016-02-09-12-12-54\/2023-24-es-tanev\/category\/109-vegyes\" target=\"_blank\" rel=\"noopener\"><img loading=\"lazy\" decoding=\"async\" style=\"border: 10px solid #ffffff; float: right;\" src=\"https:\/\/uj.mezosuli.hu\/wp-content\/uploads\/2023\/10\/Z_4.jpg\" alt=\"Z 4\" width=\"111\" height=\"148\" \/><\/a>Megjelent a \u201eszerz\u0151tri\u00f3\u201d Luk\u00e1cs-Somos J\u00falia, Sz\u00e9kely Orsolya \u00e9s iskol\u00e1nk tan\u00e1ra Ottucs\u00e1k Melinda A., <strong>Zahra \u00e9s Zia az Eperfa Iskol\u00e1ban 2.<\/strong> tank\u00f6nyve.<\/p>\n<p style=\"text-align: left;\">Nagy \u00f6r\u00f6mmel \u00e9s b\u00fcszk\u00e9n vettem r\u00e9szt a k\u00f6nyvbemutat\u00f3n, hiszen a MEZ\u0150-MID program szakmai vezet\u0151je \u00e9s tekint\u00e9lye, Ottucs\u00e1k Melinda A. az egyik szerz\u0151, az Eperfa Iskola pedig nem m\u00e1s, mint a Dr. Mez\u0151 Ferenc \u00c1ltal\u00e1nos Iskola, ahol a k\u00fclf\u00f6ldi gyerekek egy\u00fctt tanulnak a magyar di\u00e1kokkal \u00e9s hely\u00fckre tal\u00e1lnak a magyar iskol\u00e1ban<\/p>\n<p style=\"text-align: left;\">2023.09. 28 &#8211; \u00e1n cs\u00fct\u00f6rt\u00f6k\u00f6n d\u00e9lut\u00e1n mutatt\u00e1k be a P\u00e1rbesz\u00e9d H\u00e1z\u00e1ban a Jezsuita Menek\u00fcltszolg\u00e1lat gondoz\u00e1s\u00e1ban megjelent leg\u00fajabb, gyerekeknek k\u00e9sz\u00fclt magyar mint idegen nyelvi k\u00f6nyvet. Zahra \u00e9s Zia magyar iskol\u00e1ban tanulnak \u00e9s a m\u00e1sodik k\u00f6tetben egy balatoni oszt\u00e1lykir\u00e1ndul\u00e1son vesznek r\u00e9szt, valamint szeptembert\u0151l decemberig k\u00f6vethetj\u00fck tanulm\u00e1nyaikat.<\/p>\n<p style=\"text-align: left;\">A bemutat\u00f3 sor\u00e1n k\u00e9t k\u00f6zoktat\u00e1sban akt\u00edv pedag\u00f3gussal egy\u00fctt besz\u00e9lgettek a k\u00f6nyv aktualit\u00e1s\u00e1r\u00f3l, a k\u00fclf\u00f6ldi (menek\u00fclt) gyerekek oktat\u00e1s\u00e1nak kih\u00edv\u00e1sair\u00f3l. El\u00e9gedetten, \u00f6r\u00f6mmel l\u00e1ttam, hogy egyre t\u00f6bb az \u00e9rdekl\u0151d\u0151 \u00e9s szakma ir\u00e1nt elk\u00f6telezett pedag\u00f3gus a k\u00f6z\u00f6ns\u00e9g soraiban.<\/p>\n<p style=\"text-align: left;\">A k\u00f6tet az els\u0151 r\u00e9sszel egy\u00fctt el\u00e9rhet\u0151 ingyenesen let\u00f6lthet\u0151 v\u00e1ltozatban a a <a href=\"http:\/\/jmsz.hu\/egyeb\/zahra-es-zia-2\/\">http:\/\/jmsz.hu\/egyeb\/zahra-es-zia-2\/<\/a> linken, valamint megv\u00e1s\u00e1rolhat\u00f3 a Jezsuita Kiad\u00f3 honlapj\u00e1n.<\/p>\n<p style=\"text-align: left;\">A k\u00f6nyv m\u00e1r meg\u00e9rkezett iskol\u00e1nkba, ahol 4 magyar mint idegen nyelv szakos tan\u00e1r egyik alaptank\u00f6nyve lesz az &nbsp;iskola magyar mint idegen nyelvi programj\u00e1ban!<\/p>\n<p style=\"text-align: left;\">Gratul\u00e1lok a szerz\u0151knek az igazi gyermekk\u00e9zbe val\u00f3, gyermekszemnek izgalmas, ig\u00e9nyes kivitel\u0171 \u00e9s tartalm\u00fa tank\u00f6nyv megjelen\u00e9s\u00e9hez!<\/p>\n<p>Gomb\u00e1r Erzs\u00e9bet<\/p>\n<p>2023.okt\u00f3ber 06.<\/p><\/div>\n<\/div>\n<\/section>\n<section><\/section>\n<section><\/section>\n<section><\/section>\n<section><\/section>\n<section><\/section>\n<section><\/section>\n<section><\/section>\n<section><\/section>\n<section><\/section>\n<section style=\"font-size: 16px;\"><\/section>\n<\/div>\n","protected":false},"excerpt":{"rendered":"<p>Zahra \u00e9s Zia az Eperfa Iskol\u00e1ban 2. \u2013 k\u00f6nyvbemutat\u00f3 Megjelent a \u201eszerz\u0151tri\u00f3\u201d Luk\u00e1cs-Somos J\u00falia, Sz\u00e9kely Orsolya \u00e9s iskol\u00e1nk tan\u00e1ra Ottucs\u00e1k Melinda A., Zahra \u00e9s Zia az Eperfa Iskol\u00e1ban 2. tank\u00f6nyve.&hellip;<\/p>\n","protected":false},"author":1,"featured_media":1792,"comment_status":"closed","ping_status":"open","sticky":false,"template":"","format":"standard","meta":{"_jetpack_memberships_contains_paid_content":false,"footnotes":""},"categories":[50,51],"tags":[],"class_list":["post-1793","post","type-post","status-publish","format-standard","has-post-thumbnail","hentry","category-iskola-4-profilja","category-mid"],"jetpack_featured_media_url":"https:\/\/mezosuli.hu\/wp-content\/uploads\/2023\/10\/Z_4.jpg","jetpack_sharing_enabled":true,"_links":{"self":[{"href":"https:\/\/mezosuli.hu\/index.php?rest_route=\/wp\/v2\/posts\/1793","targetHints":{"allow":["GET"]}}],"collection":[{"href":"https:\/\/mezosuli.hu\/index.php?rest_route=\/wp\/v2\/posts"}],"about":[{"href":"https:\/\/mezosuli.hu\/index.php?rest_route=\/wp\/v2\/types\/post"}],"author":[{"embeddable":true,"href":"https:\/\/mezosuli.hu\/index.php?rest_route=\/wp\/v2\/users\/1"}],"replies":[{"embeddable":true,"href":"https:\/\/mezosuli.hu\/index.php?rest_route=%2Fwp%2Fv2%2Fcomments&post=1793"}],"version-history":[{"count":1,"href":"https:\/\/mezosuli.hu\/index.php?rest_route=\/wp\/v2\/posts\/1793\/revisions"}],"predecessor-version":[{"id":2881,"href":"https:\/\/mezosuli.hu\/index.php?rest_route=\/wp\/v2\/posts\/1793\/revisions\/2881"}],"wp:featuredmedia":[{"embeddable":true,"href":"https:\/\/mezosuli.hu\/index.php?rest_route=\/wp\/v2\/media\/1792"}],"wp:attachment":[{"href":"https:\/\/mezosuli.hu\/index.php?rest_route=%2Fwp%2Fv2%2Fmedia&parent=1793"}],"wp:term":[{"taxonomy":"category","embeddable":true,"href":"https:\/\/mezosuli.hu\/index.php?rest_route=%2Fwp%2Fv2%2Fcategories&post=1793"},{"taxonomy":"post_tag","embeddable":true,"href":"https:\/\/mezosuli.hu\/index.php?rest_route=%2Fwp%2Fv2%2Ftags&post=1793"}],"curies":[{"name":"wp","href":"https:\/\/api.w.org\/{rel}","templated":true}]}}