{"id":1815,"date":"2023-11-27T18:07:26","date_gmt":"2023-11-27T17:07:26","guid":{"rendered":"https:\/\/uj.mezosuli.hu\/?p=1815"},"modified":"2026-03-17T10:50:27","modified_gmt":"2026-03-17T09:50:27","slug":"mezo-50","status":"publish","type":"post","link":"https:\/\/mezosuli.hu\/?p=1815","title":{"rendered":"Mez\u0151 50"},"content":{"rendered":"<div style=\"font-family: 'Raleway', sans-serif; text-align: right;\" align=\"center\">\n<section style=\"font-size: 16px;\">\n<p style=\"font-size: 16px; font-family: 'Open Sans', sans-serif; font-weight: 500; text-align: left;\"><span style=\"color: #3366ff; font-size: 20pt; font-variant-caps: small-caps; letter-spacing: 1pt;\"><span style=\"color: #339966;\"><span style=\"color: #ff6600;\">Azok a 70-es \u00e9vek&#8230;<\/span><br \/><\/span><\/span><\/p>\n<hr \/>\n<\/section>\n<section style=\"font-size: 16px;\">\n<div class=\"\" dir=\"auto\">\n<div id=\":rfj:\" class=\"x1iorvi4 x1pi30zi x1l90r2v x1swvt13\" data-ad-comet-preview=\"message\" data-ad-preview=\"message\">\n<div class=\"x78zum5 xdt5ytf xz62fqu x16ldp7u\">\n<div class=\"xu06os2 x1ok221b\">\n<div class=\"\" dir=\"auto\">\n<div class=\"\" dir=\"auto\">\n<div class=\"x1iorvi4 x1pi30zi x1l90r2v x1swvt13\" data-ad-comet-preview=\"message\" data-ad-preview=\"message\">\n<div class=\"x78zum5 xdt5ytf xz62fqu x16ldp7u\">\n<div class=\"xu06os2 x1ok221b\">\n<div class=\"xdj266r x11i5rnm xat24cr x1mh8g0r x1vvkbs x126k92a\">\n<div class=\"x11i5rnm xat24cr x1mh8g0r x1vvkbs xtlvy1s x126k92a\">\n<div dir=\"auto\" style=\"text-align: justify;\">2023. november 22-\u00e9n (kedden) 14-15 \u00f3r\u00e1ig a &#8222;Mez\u0151 50&#8221; jubileumi \u00e9v programsorozat\u00e1n bel\u00fcl, &#8222;Azok a 70-es \u00e9vek&#8230;&#8221; c\u00edmmel, vid\u00e1m mulats\u00e1got szervezt\u00fcnk az iskol\u00e1ban. Egy prezent\u00e1ci\u00f3 seg\u00edts\u00e9g\u00e9vel megismerhett\u00e9k a gyerekek azt a korszakot, melyben iskol\u00e1nk el\u0151sz\u00f6r nyitotta meg kapuit. Ezen a napon a 70-es \u00e9vek divatj\u00e1nak megfelel\u0151en fel\u00f6lt\u00f6zve j\u00f6hettek a tanul\u00f3k, melyet d\u00e9lut\u00e1n egy divatbemutat\u00f3 keret\u00e9ben bemutathattak. A programot egy fergeteges t\u00e1nccal <a tabindex=\"-1\"><\/a>z\u00e1rtuk a 70-es \u00e9vek sl\u00e1gereire Luk\u00e1cs Barbara tan\u00edt\u00f3n\u00e9ni ir\u00e1ny\u00edt\u00e1s\u00e1val.<\/div>\n<\/div>\n<div class=\"x11i5rnm xat24cr x1mh8g0r x1vvkbs xtlvy1s x126k92a\" style=\"text-align: justify;\">\n<div dir=\"auto\">Berendezt\u00fcnk egy ki\u00e1ll\u00edt\u00e1st a f\u00f6ldszinti aul\u00e1ban, mely szint\u00e9n ezt a korszakot id\u00e9zi.<\/div>\n<\/div>\n<div class=\"x11i5rnm xat24cr x1mh8g0r x1vvkbs xtlvy1s x126k92a\" style=\"text-align: justify;\">\n<div dir=\"auto\">K\u00f6sz\u00f6nj\u00fck a koll\u00e9g\u00e1k, a sz\u00fcl\u0151k \u00e9s a gyerekek seg\u00edt\u0151 k\u00f6zrem\u0171k\u00f6d\u00e9s\u00e9t.<\/div>\n<\/div>\n<div class=\"x11i5rnm xat24cr x1mh8g0r x1vvkbs xtlvy1s x126k92a\">\n<div>&nbsp;<\/div>\n<div dir=\"auto\" style=\"text-align: justify;\">Szervez\u0151k: Feh\u00e9r Anna, dr. Mih\u00e1lyn\u00e9 S\u00fcle Szilvia, H\u00f6chst Katalin, Jakabn\u00e9 K\u00e1d\u00e1r Anett, Dienes M\u00f3nika<\/div>\n<p><a href=\"index.php\/2016-02-09-12-12-30\/2016-02-09-12-12-54\/2023-24-es-tanev\/category\/109-vegyes\" target=\"_blank\" rel=\"noopener\"><img decoding=\"async\" style=\"display: block; margin-left: auto; margin-right: auto; border: 10px solid #ffffff;\" title=\"gal\u00e9ria\" src=\"https:\/\/uj.mezosuli.hu\/wp-content\/uploads\/2023\/11\/406050322_864936662001235_9064285208992891772_n.jpg\" alt=\"406050322 864936662001235 9064285208992891772 n\" \/><\/a><\/p>\n<div>&nbsp;<\/div>\n<\/div>\n<\/div>\n<\/div>\n<\/div>\n<\/div>\n<\/div>\n<\/div>\n<\/div>\n<\/div>\n<\/div>\n<\/div>\n<\/section>\n<section><\/section>\n<section><\/section>\n<section><\/section>\n<section><\/section>\n<section><\/section>\n<section><\/section>\n<section><\/section>\n<section><\/section>\n<section><\/section>\n<section style=\"font-size: 16px;\"><\/section>\n<\/div>\n","protected":false},"excerpt":{"rendered":"<p>Azok a 70-es \u00e9vek&#8230; 2023. november 22-\u00e9n (kedden) 14-15 \u00f3r\u00e1ig a &#8222;Mez\u0151 50&#8221; jubileumi \u00e9v programsorozat\u00e1n bel\u00fcl, &#8222;Azok a 70-es \u00e9vek&#8230;&#8221; c\u00edmmel, vid\u00e1m mulats\u00e1got szervezt\u00fcnk az iskol\u00e1ban. Egy prezent\u00e1ci\u00f3 seg\u00edts\u00e9g\u00e9vel&hellip;<\/p>\n","protected":false},"author":1,"featured_media":1814,"comment_status":"closed","ping_status":"open","sticky":false,"template":"","format":"standard","meta":{"_jetpack_memberships_contains_paid_content":false,"footnotes":""},"categories":[46],"tags":[],"class_list":["post-1815","post","type-post","status-publish","format-standard","has-post-thumbnail","hentry","category-2023-hirarchivum"],"jetpack_featured_media_url":"https:\/\/mezosuli.hu\/wp-content\/uploads\/2023\/11\/406050322_864936662001235_9064285208992891772_n.jpg","jetpack_sharing_enabled":true,"_links":{"self":[{"href":"https:\/\/mezosuli.hu\/index.php?rest_route=\/wp\/v2\/posts\/1815","targetHints":{"allow":["GET"]}}],"collection":[{"href":"https:\/\/mezosuli.hu\/index.php?rest_route=\/wp\/v2\/posts"}],"about":[{"href":"https:\/\/mezosuli.hu\/index.php?rest_route=\/wp\/v2\/types\/post"}],"author":[{"embeddable":true,"href":"https:\/\/mezosuli.hu\/index.php?rest_route=\/wp\/v2\/users\/1"}],"replies":[{"embeddable":true,"href":"https:\/\/mezosuli.hu\/index.php?rest_route=%2Fwp%2Fv2%2Fcomments&post=1815"}],"version-history":[{"count":1,"href":"https:\/\/mezosuli.hu\/index.php?rest_route=\/wp\/v2\/posts\/1815\/revisions"}],"predecessor-version":[{"id":2892,"href":"https:\/\/mezosuli.hu\/index.php?rest_route=\/wp\/v2\/posts\/1815\/revisions\/2892"}],"wp:featuredmedia":[{"embeddable":true,"href":"https:\/\/mezosuli.hu\/index.php?rest_route=\/wp\/v2\/media\/1814"}],"wp:attachment":[{"href":"https:\/\/mezosuli.hu\/index.php?rest_route=%2Fwp%2Fv2%2Fmedia&parent=1815"}],"wp:term":[{"taxonomy":"category","embeddable":true,"href":"https:\/\/mezosuli.hu\/index.php?rest_route=%2Fwp%2Fv2%2Fcategories&post=1815"},{"taxonomy":"post_tag","embeddable":true,"href":"https:\/\/mezosuli.hu\/index.php?rest_route=%2Fwp%2Fv2%2Ftags&post=1815"}],"curies":[{"name":"wp","href":"https:\/\/api.w.org\/{rel}","templated":true}]}}