{"id":182,"date":"2017-05-25T08:52:33","date_gmt":"2017-05-25T06:52:33","guid":{"rendered":"https:\/\/uj.mezosuli.hu\/?p=182"},"modified":"2026-03-20T15:15:23","modified_gmt":"2026-03-20T14:15:23","slug":"xvii-eletvitel-es-gyakorlati-ismeretek-verseny","status":"publish","type":"post","link":"https:\/\/mezosuli.hu\/?p=182","title":{"rendered":"XVII. \u00c9letvitel \u00e9s gyakorlati ismeretek verseny"},"content":{"rendered":"<hr \/>\n<div style=\"background-image: url('http:\/\/www.mezosuli.hu\/images\/hirek\/2017\/05_majus\/mb_566x401px.gif;');\">\n<p align=\"center\"><span style=\"font-size: 20pt; font-variant: small-caps; letter-spacing: 1px; color: #ff6600;\">XVII. \u00c9letvitel \u00e9s gyakorlati ismeretek verseny<\/span><\/p>\n<section style=\"font-size: 16px; text-align: center;\">A <strong>XVII. \u00c9letvitel \u00e9s gyakorlati ismeretek verseny orsz\u00e1gos d\u00f6nt\u0151j\u00e9ben<\/strong> K\u00f6rmenden, iskol\u00e1nk csapata a <strong>3. helyez\u00e9s<\/strong>t \u00e9rte el.<\/p>\n<p>A csapat tagjai: <strong>B\u00e1kai Tamara<\/strong> 8.a, <strong>Ily\u00e9s Anna<\/strong> 7.d, <strong>Kis Dorottya<\/strong> 8. d oszt\u00e1lyos tanul\u00f3k voltak.<\/p>\n<p>Egy\u00e9niben B\u00e1kai Tamara 2. helyez\u00e9st \u00e9rt el.<\/p>\n<p>A csapat \u00e1ltal elk\u00e9sz\u00edtett modell 3. helyezett lett.<\/p>\n<p><img loading=\"lazy\" decoding=\"async\" class=\" size-full wp-image-181\" style=\"display: block; margin-left: auto; margin-right: auto;\" src=\"https:\/\/uj.mezosuli.hu\/wp-content\/uploads\/2017\/05\/xvii_eletvitel_es_gyakorlati_ismeretek_550x413px.png\" alt=\"xvii eletvitel es gyakorlati ismeretek 550x413px\" width=\"550\" height=\"413\" srcset=\"https:\/\/mezosuli.hu\/wp-content\/uploads\/2017\/05\/xvii_eletvitel_es_gyakorlati_ismeretek_550x413px.png 550w, https:\/\/mezosuli.hu\/wp-content\/uploads\/2017\/05\/xvii_eletvitel_es_gyakorlati_ismeretek_550x413px-300x225.png 300w\" sizes=\"auto, (max-width: 550px) 100vw, 550px\" \/><\/p>\n<p align=\"justify\">A t\u00e9ma lak\u00e1s lak\u00f3 k\u00f6rnyezet volt. A csapat tagjai egy\u00e9nileg \u00edrt\u00e1k az elm\u00e9leti feladatokat. A modellt k\u00f6z\u00f6sen k\u00e9sz\u00edtett\u00e9k. B\u00e1kai Tamara anyuk\u00e1ja vitte a csapatot \u00e9s a felk\u00e9sz\u00edt\u0151 tan\u00e1rt, aki Nedob\u00e1n\u00e9 Fendrik \u00c9va volt iskol\u00e1nk technika tan\u00e1ra.<\/p>\n<\/section>\n<\/div>\n","protected":false},"excerpt":{"rendered":"<p>XVII. \u00c9letvitel \u00e9s gyakorlati ismeretek verseny A XVII. \u00c9letvitel \u00e9s gyakorlati ismeretek verseny orsz\u00e1gos d\u00f6nt\u0151j\u00e9ben K\u00f6rmenden, iskol\u00e1nk csapata a 3. helyez\u00e9st \u00e9rte el. A csapat tagjai: B\u00e1kai Tamara 8.a, Ily\u00e9s&hellip;<\/p>\n","protected":false},"author":1,"featured_media":0,"comment_status":"closed","ping_status":"open","sticky":false,"template":"","format":"standard","meta":{"_jetpack_memberships_contains_paid_content":false,"footnotes":""},"categories":[39],"tags":[],"class_list":["post-182","post","type-post","status-publish","format-standard","hentry","category-2017-hirarchivum"],"jetpack_featured_media_url":"","jetpack_sharing_enabled":true,"_links":{"self":[{"href":"https:\/\/mezosuli.hu\/index.php?rest_route=\/wp\/v2\/posts\/182","targetHints":{"allow":["GET"]}}],"collection":[{"href":"https:\/\/mezosuli.hu\/index.php?rest_route=\/wp\/v2\/posts"}],"about":[{"href":"https:\/\/mezosuli.hu\/index.php?rest_route=\/wp\/v2\/types\/post"}],"author":[{"embeddable":true,"href":"https:\/\/mezosuli.hu\/index.php?rest_route=\/wp\/v2\/users\/1"}],"replies":[{"embeddable":true,"href":"https:\/\/mezosuli.hu\/index.php?rest_route=%2Fwp%2Fv2%2Fcomments&post=182"}],"version-history":[{"count":2,"href":"https:\/\/mezosuli.hu\/index.php?rest_route=\/wp\/v2\/posts\/182\/revisions"}],"predecessor-version":[{"id":3643,"href":"https:\/\/mezosuli.hu\/index.php?rest_route=\/wp\/v2\/posts\/182\/revisions\/3643"}],"wp:attachment":[{"href":"https:\/\/mezosuli.hu\/index.php?rest_route=%2Fwp%2Fv2%2Fmedia&parent=182"}],"wp:term":[{"taxonomy":"category","embeddable":true,"href":"https:\/\/mezosuli.hu\/index.php?rest_route=%2Fwp%2Fv2%2Fcategories&post=182"},{"taxonomy":"post_tag","embeddable":true,"href":"https:\/\/mezosuli.hu\/index.php?rest_route=%2Fwp%2Fv2%2Ftags&post=182"}],"curies":[{"name":"wp","href":"https:\/\/api.w.org\/{rel}","templated":true}]}}