{"id":1853,"date":"2024-03-13T15:11:47","date_gmt":"2024-03-13T14:11:47","guid":{"rendered":"https:\/\/uj.mezosuli.hu\/?p=1853"},"modified":"2026-03-17T10:50:26","modified_gmt":"2026-03-17T09:50:26","slug":"hallgatoi-latogatas","status":"publish","type":"post","link":"https:\/\/mezosuli.hu\/?p=1853","title":{"rendered":"Hallgat\u00f3i l\u00e1togat\u00e1s"},"content":{"rendered":"<p style=\"font-size: 16px; font-family: 'Open Sans', sans-serif; font-weight: 500; text-align: left;\"><span style=\"color: #ff6600; font-size: 20pt; font-variant-caps: small-caps; letter-spacing: 1pt; background-color: #ffffff;\">hallgat\u00f3i l\u00e1togat\u00e1s<\/span><\/p>\n<hr \/>\n<div style=\"font-family: Raleway, sans-serif; text-align: left;\" align=\"center\">\n<section style=\"font-size: 16px;\">\n<div class=\"xdj266r x11i5rnm xat24cr x1mh8g0r x1vvkbs x126k92a\">\n<div dir=\"auto\">\n<div dir=\"auto\">\n<div dir=\"auto\">\n<div dir=\"auto\">A K\u00e1roli G\u00e1sp\u00e1r Reform\u00e1tus Egyetem pedag\u00f3gia szakos els\u0151 \u00e9ves hallgat\u00f3i l\u00e1togattak el iskol\u00e1nkba 2024.03.13-\u00e1n Dr. Simonfi Zsuzsanna, egyetemi adjunktus vezet\u00e9s\u00e9vel. A magyar, t\u00f6rt\u00e9nelem, dr\u00e1ma, angol, n\u00e9met, m\u00e9dia szakos hallgat\u00f3k bepillant\u00e1st nyerhettek az \u00e1ltal\u00e1nos iskol\u00e1s tan\u00e1rok \u00e9s di\u00e1kok mindennapi \u00e9let\u00e9be. Az iskola bemutat\u00e1sa ut\u00e1n \u00f3r\u00e1kat l\u00e1togattak a 2-3. \u00f3r\u00e1kban als\u00f3 \u00e9s fels\u0151 tagozaton. 11 \u00e9s 12 \u00f3ra k\u00f6z\u00f6tt egy hosszabb besz\u00e9lget\u00e9sen vettek r\u00e9szt Ottucs\u00e1k Melinda A., <a tabindex=\"-1\"><\/a>mentortan\u00e1rral az addig l\u00e1tottakr\u00f3l \u00e9s az iskol\u00e1ban tapasztaltakr\u00f3l. Az 5. \u00f3r\u00e1ban ism\u00e9t hospit\u00e1l\u00e1s k\u00f6vetkezett. L\u00e1thattak magyar, angol, t\u00f6rt\u00e9nelem, term\u00e9szettudom\u00e1ny, magyar mint idegen nyelv, n\u00e9pt\u00e1nc tan\u00f3r\u00e1kat, valamint finommotorikus fejleszt\u0151 foglalkoz\u00e1st. A hallgat\u00f3k benyom\u00e1sa iskol\u00e1nkr\u00f3l nagyon pozit\u00edv volt: bar\u00e1ts\u00e1gos l\u00e9gk\u00f6rt tapasztaltak \u00e9s a l\u00e1tott tan\u00f3r\u00e1kr\u00f3l elismer\u0151en besz\u00e9ltek. Hasznos, \u00e9lm\u00e9nyekkel teli d\u00e9lel\u0151tt\u00f6t t\u00f6lt\u00f6ttek a Mez\u0151ben!<\/div>\n<\/div>\n<\/div>\n<div dir=\"auto\">&nbsp;<\/div>\n<div>2024. m\u00e1rcius 13.<img loading=\"lazy\" decoding=\"async\" class=\" alignright size-full wp-image-1852\" style=\"float: right;\" src=\"https:\/\/uj.mezosuli.hu\/wp-content\/uploads\/2024\/03\/431065654_1450765795872394_7041283135905975109_n.jpg\" alt=\"\" width=\"297\" height=\"223\" srcset=\"https:\/\/mezosuli.hu\/wp-content\/uploads\/2024\/03\/431065654_1450765795872394_7041283135905975109_n.jpg 2040w, https:\/\/mezosuli.hu\/wp-content\/uploads\/2024\/03\/431065654_1450765795872394_7041283135905975109_n-300x225.jpg 300w, https:\/\/mezosuli.hu\/wp-content\/uploads\/2024\/03\/431065654_1450765795872394_7041283135905975109_n-1024x768.jpg 1024w, https:\/\/mezosuli.hu\/wp-content\/uploads\/2024\/03\/431065654_1450765795872394_7041283135905975109_n-768x576.jpg 768w, https:\/\/mezosuli.hu\/wp-content\/uploads\/2024\/03\/431065654_1450765795872394_7041283135905975109_n-1536x1152.jpg 1536w\" sizes=\"auto, (max-width: 297px) 100vw, 297px\" \/><\/div>\n<div>&nbsp;<\/div>\n<div>&nbsp;<\/div>\n<div>&nbsp;<\/div>\n<\/div>\n<\/div>\n<div class=\"x11i5rnm xat24cr x1mh8g0r x1vvkbs xtlvy1s x126k92a\">\n<div dir=\"auto\">&nbsp;<\/div>\n<div dir=\"auto\">&nbsp;<\/div>\n<div dir=\"auto\">&nbsp;<\/div>\n<div dir=\"auto\">&nbsp;<\/div>\n<div dir=\"auto\">&nbsp;<\/div>\n<div>&nbsp;<\/div>\n<\/div>\n<\/section>\n<section><\/section>\n<section><\/section>\n<section><\/section>\n<section><\/section>\n<section><\/section>\n<section><\/section>\n<section><\/section>\n<section><\/section>\n<section><\/section>\n<section style=\"font-size: 16px;\"><\/section>\n<\/div>\n","protected":false},"excerpt":{"rendered":"<p>hallgat\u00f3i l\u00e1togat\u00e1s A K\u00e1roli G\u00e1sp\u00e1r Reform\u00e1tus Egyetem pedag\u00f3gia szakos els\u0151 \u00e9ves hallgat\u00f3i l\u00e1togattak el iskol\u00e1nkba 2024.03.13-\u00e1n Dr. Simonfi Zsuzsanna, egyetemi adjunktus vezet\u00e9s\u00e9vel. A magyar, t\u00f6rt\u00e9nelem, dr\u00e1ma, angol, n\u00e9met, m\u00e9dia szakos&hellip;<\/p>\n","protected":false},"author":1,"featured_media":1852,"comment_status":"closed","ping_status":"open","sticky":false,"template":"","format":"standard","meta":{"_jetpack_memberships_contains_paid_content":false,"footnotes":""},"categories":[48],"tags":[],"class_list":["post-1853","post","type-post","status-publish","format-standard","has-post-thumbnail","hentry","category-2024-hirarchivum"],"jetpack_featured_media_url":"https:\/\/mezosuli.hu\/wp-content\/uploads\/2024\/03\/431065654_1450765795872394_7041283135905975109_n.jpg","jetpack_sharing_enabled":true,"_links":{"self":[{"href":"https:\/\/mezosuli.hu\/index.php?rest_route=\/wp\/v2\/posts\/1853","targetHints":{"allow":["GET"]}}],"collection":[{"href":"https:\/\/mezosuli.hu\/index.php?rest_route=\/wp\/v2\/posts"}],"about":[{"href":"https:\/\/mezosuli.hu\/index.php?rest_route=\/wp\/v2\/types\/post"}],"author":[{"embeddable":true,"href":"https:\/\/mezosuli.hu\/index.php?rest_route=\/wp\/v2\/users\/1"}],"replies":[{"embeddable":true,"href":"https:\/\/mezosuli.hu\/index.php?rest_route=%2Fwp%2Fv2%2Fcomments&post=1853"}],"version-history":[{"count":1,"href":"https:\/\/mezosuli.hu\/index.php?rest_route=\/wp\/v2\/posts\/1853\/revisions"}],"predecessor-version":[{"id":2920,"href":"https:\/\/mezosuli.hu\/index.php?rest_route=\/wp\/v2\/posts\/1853\/revisions\/2920"}],"wp:featuredmedia":[{"embeddable":true,"href":"https:\/\/mezosuli.hu\/index.php?rest_route=\/wp\/v2\/media\/1852"}],"wp:attachment":[{"href":"https:\/\/mezosuli.hu\/index.php?rest_route=%2Fwp%2Fv2%2Fmedia&parent=1853"}],"wp:term":[{"taxonomy":"category","embeddable":true,"href":"https:\/\/mezosuli.hu\/index.php?rest_route=%2Fwp%2Fv2%2Fcategories&post=1853"},{"taxonomy":"post_tag","embeddable":true,"href":"https:\/\/mezosuli.hu\/index.php?rest_route=%2Fwp%2Fv2%2Ftags&post=1853"}],"curies":[{"name":"wp","href":"https:\/\/api.w.org\/{rel}","templated":true}]}}