{"id":1870,"date":"2024-04-10T09:44:35","date_gmt":"2024-04-10T07:44:35","guid":{"rendered":"https:\/\/uj.mezosuli.hu\/?p=1870"},"modified":"2026-03-17T10:50:26","modified_gmt":"2026-03-17T09:50:26","slug":"kolteszet-napja-2024","status":"publish","type":"post","link":"https:\/\/mezosuli.hu\/?p=1870","title":{"rendered":"K\u00f6lt\u00e9szet napja 2024"},"content":{"rendered":"<p style=\"font-size: 16px; font-family: 'Open Sans', sans-serif; font-weight: 500; text-align: left;\"><span style=\"color: #ff6600; font-size: 20pt; font-variant-caps: small-caps; letter-spacing: 1pt; background-color: #ffffff;\">50\/36. esem\u00e9ny<\/span><\/p>\n<hr \/>\n<div style=\"font-family: Raleway, sans-serif; text-align: left;\" align=\"center\">\n<section style=\"font-size: 16px;\">\n<div class=\"xdj266r x11i5rnm xat24cr x1mh8g0r x1vvkbs x126k92a\">\n<div dir=\"auto\">\n<div dir=\"auto\">\n<div dir=\"auto\">\n<div dir=\"auto\">\n<div class=\"xdj266r x11i5rnm xat24cr x1mh8g0r x1vvkbs x126k92a\">\n<div dir=\"auto\">\n<div class=\"xdj266r x11i5rnm xat24cr x1mh8g0r x1vvkbs x126k92a\">\n<div dir=\"auto\">\n<div class=\"xdj266r x11i5rnm xat24cr x1mh8g0r x1vvkbs x126k92a\">\n<div dir=\"auto\">K\u00f6lt\u00e9szet napja (-digit\u00e1lis t\u00e9mah\u00e9t):<img loading=\"lazy\" decoding=\"async\" class=\" alignright size-full wp-image-1869\" style=\"float: right;\" src=\"https:\/\/uj.mezosuli.hu\/wp-content\/uploads\/2024\/04\/Brown_Watercolor_IIlustration_World_Poetry_Days_Flyer1.png\" alt=\"\" width=\"250\" height=\"354\" srcset=\"https:\/\/mezosuli.hu\/wp-content\/uploads\/2024\/04\/Brown_Watercolor_IIlustration_World_Poetry_Days_Flyer1.png 1414w, https:\/\/mezosuli.hu\/wp-content\/uploads\/2024\/04\/Brown_Watercolor_IIlustration_World_Poetry_Days_Flyer1-212x300.png 212w, https:\/\/mezosuli.hu\/wp-content\/uploads\/2024\/04\/Brown_Watercolor_IIlustration_World_Poetry_Days_Flyer1-724x1024.png 724w, https:\/\/mezosuli.hu\/wp-content\/uploads\/2024\/04\/Brown_Watercolor_IIlustration_World_Poetry_Days_Flyer1-768x1086.png 768w, https:\/\/mezosuli.hu\/wp-content\/uploads\/2024\/04\/Brown_Watercolor_IIlustration_World_Poetry_Days_Flyer1-1086x1536.png 1086w\" sizes=\"auto, (max-width: 250px) 100vw, 250px\" \/><\/div>\n<div dir=\"auto\">Kereken 60 \u00e9ve m\u00e1r, hogy a magyar k\u00f6lt\u00e9szet napj\u00e1t J\u00f3zsef Attila sz\u00fclet\u00e9snapj\u00e1n, \u00e1prilis 11-\u00e9n \u00fcnnepelj\u00fck.<\/div>\n<div dir=\"auto\">Ebb\u0151l az alkalomb\u00f3l id\u00e9n a sz\u00fcnetekben megzen\u00e9s\u00edtett verseket j\u00e1tszunk le az iskolar\u00e1di\u00f3ban.<\/div>\n<div dir=\"auto\">Mivel Radn\u00f3ti hal\u00e1l\u00e1nak a 80. \u00e9vfordul\u00f3ja is van, a fels\u0151s\u00f6k egy-egy Radn\u00f3ti verset, versr\u00e9szletet szavalnak el (a 4. \u00f3r\u00e1ban),<\/div>\n<div dir=\"auto\">amit digit\u00e1lis form\u00e1ban a linkre kattintva tekinthetnek meg.<\/div>\n<div dir=\"auto\">&nbsp;<\/div>\n<p><a href=\"https:\/\/mezosuli-my.sharepoint.com\/:v:\/g\/personal\/bakkai_melinda_mezosuli_hu\/EUdU3ZVr09FGuBXjOjb2ogEBEezuVUEJTFja0qyXRnquvQ?nav=eyJyZWZlcnJhbEluZm8iOnsicmVmZXJyYWxBcHAiOiJPbmVEcml2ZUZvckJ1c2luZXNzIiwicmVmZXJyYWxBcHBQbGF0Zm9ybSI6IldlYiIsInJlZmVycmFsTW9kZSI6InZpZXciLCJyZWZlcnJhbFZpZXciOiJNeUZpbGVzTGlua0NvcHkifX0&amp;e=Aj5hJu\">kolteszet_napja_2024_5_evf.mp4<\/a><\/div>\n<div class=\"xdj266r x11i5rnm xat24cr x1mh8g0r x1vvkbs x126k92a\"><a href=\"https:\/\/mezosuli-my.sharepoint.com\/:v:\/g\/personal\/bakkai_melinda_mezosuli_hu\/ERgOyJUaDEpNg_0oyYMz8ywBlfZTgSir_28UqRf8-uvYgA?nav=eyJyZWZlcnJhbEluZm8iOnsicmVmZXJyYWxBcHAiOiJPbmVEcml2ZUZvckJ1c2luZXNzIiwicmVmZXJyYWxBcHBQbGF0Zm9ybSI6IldlYiIsInJlZmVycmFsTW9kZSI6InZpZXciLCJyZWZlcnJhbFZpZXciOiJNeUZpbGVzTGlua0NvcHkifX0&amp;e=5Zzjg6\">kolteszet_napja_2024_6_evf.mp4<\/a><\/div>\n<div><a href=\"https:\/\/mezosuli-my.sharepoint.com\/:v:\/g\/personal\/bakkai_melinda_mezosuli_hu\/Ees0rTIk1sVLkkySylrtlNkBV-iOl56l_H6uvclJscA0qg?nav=eyJyZWZlcnJhbEluZm8iOnsicmVmZXJyYWxBcHAiOiJPbmVEcml2ZUZvckJ1c2luZXNzIiwicmVmZXJyYWxBcHBQbGF0Zm9ybSI6IldlYiIsInJlZmVycmFsTW9kZSI6InZpZXciLCJyZWZlcnJhbFZpZXciOiJNeUZpbGVzTGlua0NvcHkifX0&amp;e=U9FcRF\">kolteszet_napja_2024_7_evf.mp4<\/a><\/div>\n<p><a href=\"https:\/\/mezosuli-my.sharepoint.com\/:v:\/g\/personal\/bakkai_melinda_mezosuli_hu\/EfgOHNkVzBJCgRuqaufr6msBVHLU9CozCIJyB6xjQi5ilg?nav=eyJyZWZlcnJhbEluZm8iOnsicmVmZXJyYWxBcHAiOiJPbmVEcml2ZUZvckJ1c2luZXNzIiwicmVmZXJyYWxBcHBQbGF0Zm9ybSI6IldlYiIsInJlZmVycmFsTW9kZSI6InZpZXciLCJyZWZlcnJhbFZpZXciOiJNeUZpbGVzTGlua0NvcHkifX0&amp;e=pjZW8R\">kolteszet_napja_2024_8_evf.mp4<\/a><\/p>\n<div>&nbsp;<\/div>\n<div class=\"x11i5rnm xat24cr x1mh8g0r x1vvkbs xtlvy1s x126k92a\">\n<div>&nbsp;<\/div>\n<div dir=\"auto\">Varg\u00e1n\u00e9 G\u00e1sp\u00e1r Val\u00e9ria<\/div>\n<\/div>\n<\/div>\n<\/div>\n<\/div>\n<\/div>\n<\/div>\n<\/div>\n<\/div>\n<div>2024. \u00e1prilis 10.<\/div>\n<div>&nbsp;<\/div>\n<\/div>\n<\/div>\n<\/section>\n<section><\/section>\n<section><\/section>\n<section><\/section>\n<section><\/section>\n<section><\/section>\n<section><\/section>\n<section><\/section>\n<section><\/section>\n<section><\/section>\n<section style=\"font-size: 16px;\"><\/section>\n<\/div>\n","protected":false},"excerpt":{"rendered":"<p>50\/36. esem\u00e9ny K\u00f6lt\u00e9szet napja (-digit\u00e1lis t\u00e9mah\u00e9t): Kereken 60 \u00e9ve m\u00e1r, hogy a magyar k\u00f6lt\u00e9szet napj\u00e1t J\u00f3zsef Attila sz\u00fclet\u00e9snapj\u00e1n, \u00e1prilis 11-\u00e9n \u00fcnnepelj\u00fck. Ebb\u0151l az alkalomb\u00f3l id\u00e9n a sz\u00fcnetekben megzen\u00e9s\u00edtett verseket j\u00e1tszunk&hellip;<\/p>\n","protected":false},"author":1,"featured_media":1869,"comment_status":"closed","ping_status":"open","sticky":false,"template":"","format":"standard","meta":{"_jetpack_memberships_contains_paid_content":false,"footnotes":""},"categories":[48],"tags":[],"class_list":["post-1870","post","type-post","status-publish","format-standard","has-post-thumbnail","hentry","category-2024-hirarchivum"],"jetpack_featured_media_url":"https:\/\/mezosuli.hu\/wp-content\/uploads\/2024\/04\/Brown_Watercolor_IIlustration_World_Poetry_Days_Flyer1.png","jetpack_sharing_enabled":true,"_links":{"self":[{"href":"https:\/\/mezosuli.hu\/index.php?rest_route=\/wp\/v2\/posts\/1870","targetHints":{"allow":["GET"]}}],"collection":[{"href":"https:\/\/mezosuli.hu\/index.php?rest_route=\/wp\/v2\/posts"}],"about":[{"href":"https:\/\/mezosuli.hu\/index.php?rest_route=\/wp\/v2\/types\/post"}],"author":[{"embeddable":true,"href":"https:\/\/mezosuli.hu\/index.php?rest_route=\/wp\/v2\/users\/1"}],"replies":[{"embeddable":true,"href":"https:\/\/mezosuli.hu\/index.php?rest_route=%2Fwp%2Fv2%2Fcomments&post=1870"}],"version-history":[{"count":1,"href":"https:\/\/mezosuli.hu\/index.php?rest_route=\/wp\/v2\/posts\/1870\/revisions"}],"predecessor-version":[{"id":2929,"href":"https:\/\/mezosuli.hu\/index.php?rest_route=\/wp\/v2\/posts\/1870\/revisions\/2929"}],"wp:featuredmedia":[{"embeddable":true,"href":"https:\/\/mezosuli.hu\/index.php?rest_route=\/wp\/v2\/media\/1869"}],"wp:attachment":[{"href":"https:\/\/mezosuli.hu\/index.php?rest_route=%2Fwp%2Fv2%2Fmedia&parent=1870"}],"wp:term":[{"taxonomy":"category","embeddable":true,"href":"https:\/\/mezosuli.hu\/index.php?rest_route=%2Fwp%2Fv2%2Fcategories&post=1870"},{"taxonomy":"post_tag","embeddable":true,"href":"https:\/\/mezosuli.hu\/index.php?rest_route=%2Fwp%2Fv2%2Ftags&post=1870"}],"curies":[{"name":"wp","href":"https:\/\/api.w.org\/{rel}","templated":true}]}}