{"id":1899,"date":"2024-04-24T14:14:38","date_gmt":"2024-04-24T12:14:38","guid":{"rendered":"https:\/\/uj.mezosuli.hu\/?p=1899"},"modified":"2026-03-17T10:50:25","modified_gmt":"2026-03-17T09:50:25","slug":"hatartalanul-2024","status":"publish","type":"post","link":"https:\/\/mezosuli.hu\/?p=1899","title":{"rendered":"Hat\u00e1rtalanul 2024"},"content":{"rendered":"<p style=\"font-size: 16px; font-family: 'Open Sans', sans-serif; font-weight: 500; text-align: left;\">Hat\u00e1rtalanul program besz\u00e1mol\u00f3ja<\/p>\n<hr \/>\n<div style=\"font-family: Raleway, sans-serif; text-align: left;\" align=\"center\">\n<section style=\"font-size: 16px;\">\n<div class=\"xdj266r x11i5rnm xat24cr x1mh8g0r x1vvkbs x126k92a\">\n<div dir=\"auto\">\n<div dir=\"auto\">\n<div dir=\"auto\">\n<div dir=\"auto\">\n<div class=\"xdj266r x11i5rnm xat24cr x1mh8g0r x1vvkbs x126k92a\">\n<div dir=\"auto\">\n<div class=\"xdj266r x11i5rnm xat24cr x1mh8g0r x1vvkbs x126k92a\">&nbsp;A program keret\u00e9ben magyarorsz\u00e1gi iskol\u00e1k tanul\u00f3i p\u00e1ly\u00e1zati t\u00e1mogat\u00e1ssal kir\u00e1ndul\u00e1son vehetnek r\u00e9szt a szomsz\u00e9dos orsz\u00e1gok magyarlakta ter\u00fcletein, \u00edgy szem\u00e9lyes tapasztal\u00e1sokat szereznek a k\u00fclhoni magyars\u00e1gr\u00f3l.&nbsp;<\/p>\n<p style=\"text-align: justify;\">A 2023\/24. tan\u00e9vben beadott \u201eSz\u00e9kelyf\u00f6ldi barangol\u00e1sok\u201d c\u00edm\u0171 p\u00e1ly\u00e1zatunk teljes finansz\u00edroz\u00e1st nyert, \u00edgy iskol\u00e1nk n\u00e9gy hetedik oszt\u00e1lya, \u00f6sszesen 85 tanul\u00f3 4 napos erd\u00e9lyi tanulm\u00e1nyi kir\u00e1ndul\u00e1sra utazhatott.<\/p>\n<p>Hat\u00e1r\u00e1tkel\u00e9s ut\u00e1n meg\u00e9rkezt\u00fcnk Aradra, ahol megkoszor\u00faztuk az Aradi v\u00e9rtan\u00fak eml\u00e9khely\u00e9t. Ut\u00e1na tov\u00e1bb utaztunk D\u00e9v\u00e1ra, tal\u00e1lkoztunk a Szent Ferenc Alap\u00edtv\u00e1nnyal, aj\u00e1nd\u00e9kokat adtunk \u00e1t a gyermekotthon lak\u00f3inak. Megm\u00e1sztuk \u201eMagos D\u00e9va v\u00e1r\u00e1t\u201d, a csoport m\u00e1sik fele pedig Vajdahunyad v\u00e1r\u00e1t n\u00e9zhette meg. Hossz\u00fa napunk ut\u00e1n Szentegyh\u00e1z\u00e1n l\u00e1ttak vend\u00e9g\u00fcl minket h\u00e1zigazd\u00e1ink. A m\u00e1sodik napunkon megl\u00e1togatott v\u00e1rosok Segesv\u00e1r, Korond, Sz\u00e9kelyudvarhely voltak. Segesv\u00e1ron a v\u00e1rat is megtekintett\u00fck, ell\u00e1togattunk a korondi k\u00e9zm\u0171ves v\u00e1s\u00e1rba, \u00fatk\u00f6zben megn\u00e9zt\u00fck M\u00e1r\u00e9falva sz\u00e9kelykapuit \u00e9s Pet\u0151fi k\u00f6rtef\u00e1j\u00e1t Sz\u00e9kelykereszt\u00faron.&nbsp; A harmadik napot sz\u00e1ll\u00e1shely\u00fcnk\u00f6n t\u00f6lt\u00f6tt\u00fck, a gyerekek maguk s\u00fct\u00f6tt\u00e9k saj\u00e1t k\u00fcrt\u0151skal\u00e1csukat, enn\u00e9l finomabbat m\u00e9g nem ettek. Haza\u00faton pedig meg\u00e1lltunk megtekinteni a parajdi s\u00f3b\u00e1ny\u00e1t.<\/p>\n<p style=\"text-align: justify;\">A kir\u00e1ndul\u00e1s sokkal t\u00f6bbet is jelentett, mint barangol\u00e1s Sz\u00e9kelyf\u00f6ld\u00f6n. K\u00fclhoni magyarokkal ismerkedt\u00fcnk, hasonl\u00f3 \u00e9s m\u00e9gis m\u00e1s kult\u00far\u00e1t l\u00e1ttunk \u00e9s \u00edzlelt\u00fcnk. Fontos megeml\u00edteni a t\u00e9nyt, hogy az \u00e9vfolyam di\u00e1kjainak ez volt az els\u0151 fels\u0151 tagozatos \u201eottalv\u00f3s\u201d kir\u00e1ndul\u00e1suk. Sokat tanultak \u00e9s tapasztaltak az egy\u00fctt t\u00f6lt\u00f6tt n\u00e9gy nap alatt, bar\u00e1ts\u00e1gok m\u00e9ly\u00fcltek \u00e9s \u00fajabbak sz\u00f6v\u0151dtek, a k\u00f6z\u00f6s pillanatok \u00f6sszekov\u00e1csolt\u00e1k az \u00e9vfolyamot, \u00e9letre sz\u00f3l\u00f3 \u00e9lm\u00e9nyekkel \u00e9rkezt\u00fcnk haza.<\/p>\n<p>&nbsp;<\/p>\n<p>Petres Margit<img loading=\"lazy\" decoding=\"async\" class=\" alignright size-full wp-image-1898\" style=\"float: right;\" src=\"https:\/\/uj.mezosuli.hu\/wp-content\/uploads\/2024\/04\/hatrtalanul.jpg\" alt=\"hatrtalanul.jpg\" width=\"207\" height=\"212\" srcset=\"https:\/\/mezosuli.hu\/wp-content\/uploads\/2024\/04\/hatrtalanul.jpg 503w, https:\/\/mezosuli.hu\/wp-content\/uploads\/2024\/04\/hatrtalanul-293x300.jpg 293w\" sizes=\"auto, (max-width: 207px) 100vw, 207px\" \/><\/p>\n<p>&nbsp;<\/p>\n<p>&nbsp;<\/p>\n<p>&nbsp;<\/p>\n<p>&nbsp;<\/p>\n<p>&nbsp;<\/p>\n<p>&nbsp;<\/p>\n<\/div>\n<\/div>\n<\/div>\n<\/div>\n<\/div>\n<\/div>\n<\/div>\n<\/div>\n<\/section>\n<section><\/section>\n<section><\/section>\n<section><\/section>\n<section><\/section>\n<section><\/section>\n<section><\/section>\n<section><\/section>\n<section><\/section>\n<section><\/section>\n<section style=\"font-size: 16px;\"><\/section>\n<\/div>\n","protected":false},"excerpt":{"rendered":"<p>Hat\u00e1rtalanul program besz\u00e1mol\u00f3ja &nbsp;A program keret\u00e9ben magyarorsz\u00e1gi iskol\u00e1k tanul\u00f3i p\u00e1ly\u00e1zati t\u00e1mogat\u00e1ssal kir\u00e1ndul\u00e1son vehetnek r\u00e9szt a szomsz\u00e9dos orsz\u00e1gok magyarlakta ter\u00fcletein, \u00edgy szem\u00e9lyes tapasztal\u00e1sokat szereznek a k\u00fclhoni magyars\u00e1gr\u00f3l.&nbsp; A 2023\/24. tan\u00e9vben beadott&hellip;<\/p>\n","protected":false},"author":1,"featured_media":1898,"comment_status":"closed","ping_status":"open","sticky":false,"template":"","format":"standard","meta":{"_jetpack_memberships_contains_paid_content":false,"footnotes":""},"categories":[32],"tags":[],"class_list":["post-1899","post","type-post","status-publish","format-standard","has-post-thumbnail","hentry","category-hatartalanul"],"jetpack_featured_media_url":"https:\/\/mezosuli.hu\/wp-content\/uploads\/2024\/04\/hatrtalanul.jpg","jetpack_sharing_enabled":true,"_links":{"self":[{"href":"https:\/\/mezosuli.hu\/index.php?rest_route=\/wp\/v2\/posts\/1899","targetHints":{"allow":["GET"]}}],"collection":[{"href":"https:\/\/mezosuli.hu\/index.php?rest_route=\/wp\/v2\/posts"}],"about":[{"href":"https:\/\/mezosuli.hu\/index.php?rest_route=\/wp\/v2\/types\/post"}],"author":[{"embeddable":true,"href":"https:\/\/mezosuli.hu\/index.php?rest_route=\/wp\/v2\/users\/1"}],"replies":[{"embeddable":true,"href":"https:\/\/mezosuli.hu\/index.php?rest_route=%2Fwp%2Fv2%2Fcomments&post=1899"}],"version-history":[{"count":1,"href":"https:\/\/mezosuli.hu\/index.php?rest_route=\/wp\/v2\/posts\/1899\/revisions"}],"predecessor-version":[{"id":2955,"href":"https:\/\/mezosuli.hu\/index.php?rest_route=\/wp\/v2\/posts\/1899\/revisions\/2955"}],"wp:featuredmedia":[{"embeddable":true,"href":"https:\/\/mezosuli.hu\/index.php?rest_route=\/wp\/v2\/media\/1898"}],"wp:attachment":[{"href":"https:\/\/mezosuli.hu\/index.php?rest_route=%2Fwp%2Fv2%2Fmedia&parent=1899"}],"wp:term":[{"taxonomy":"category","embeddable":true,"href":"https:\/\/mezosuli.hu\/index.php?rest_route=%2Fwp%2Fv2%2Fcategories&post=1899"},{"taxonomy":"post_tag","embeddable":true,"href":"https:\/\/mezosuli.hu\/index.php?rest_route=%2Fwp%2Fv2%2Ftags&post=1899"}],"curies":[{"name":"wp","href":"https:\/\/api.w.org\/{rel}","templated":true}]}}