{"id":1904,"date":"2024-04-26T11:47:15","date_gmt":"2024-04-26T09:47:15","guid":{"rendered":"https:\/\/uj.mezosuli.hu\/?p=1904"},"modified":"2026-03-17T10:49:06","modified_gmt":"2026-03-17T09:49:06","slug":"madarak-es-fak-napja","status":"publish","type":"post","link":"https:\/\/mezosuli.hu\/?p=1904","title":{"rendered":"Madarak \u00e9s f\u00e1k napja"},"content":{"rendered":"<p style=\"font-size: 16px; font-family: 'Open Sans', sans-serif; font-weight: 500; text-align: left;\"><span style=\"color: #339966; font-size: 20pt; font-variant-caps: small-caps; letter-spacing: 1pt; background-color: #ffffff;\"><span style=\"color: #3366ff;\"><span style=\"color: #339966;\">50\/47. esem\u00e9ny<\/span><\/span><\/span><\/p>\n<hr \/>\n<div style=\"font-family: Raleway, sans-serif; text-align: left;\" align=\"center\">\n<section style=\"font-size: 16px;\">\n<div class=\"xdj266r x11i5rnm xat24cr x1mh8g0r x1vvkbs x126k92a\">\n<div dir=\"auto\">\n<div dir=\"auto\">\n<div dir=\"auto\">\n<div dir=\"auto\">\n<div class=\"xdj266r x11i5rnm xat24cr x1mh8g0r x1vvkbs x126k92a\">\n<div dir=\"auto\">\n<div class=\"xdj266r x11i5rnm xat24cr x1mh8g0r x1vvkbs x126k92a\">\n<div dir=\"auto\">\n<div class=\"xdj266r x11i5rnm xat24cr x1mh8g0r x1vvkbs x126k92a\">\n<div dir=\"auto\">\n<div class=\"xdj266r x11i5rnm xat24cr x1mh8g0r x1vvkbs x126k92a\">\n<div dir=\"auto\">\n<div class=\"xdj266r x11i5rnm xat24cr x1mh8g0r x1vvkbs x126k92a\">\n<div dir=\"auto\">\n<div class=\"x_elementToProof\">\n<div class=\"xdj266r x11i5rnm xat24cr x1mh8g0r x1vvkbs x126k92a\">\n<div dir=\"auto\">\n<div class=\"xdj266r x11i5rnm xat24cr x1mh8g0r x1vvkbs x126k92a\">\n<div dir=\"auto\">\n<div class=\"xdj266r x11i5rnm xat24cr x1mh8g0r x1vvkbs x126k92a\">\n<div>Madarak \u00e9s f\u00e1k napja a Mez\u0151ben<\/div>\n<div dir=\"auto\">Iskol\u00e1nk &#8211; a Dr. Mez\u0151 Ferenc \u00c1ltal\u00e1nos Iskola -, \u00e9vek \u00f3ta kapcsolatban \u00e1ll Bebesi Zolt\u00e1nnal, a Magyar Mad\u00e1rtani \u00e9s Term\u00e9szetv\u00e9delmi Egyes\u00fclet \u00f6nk\u00e9ntes csapat\u00e1nak tagj\u00e1val, a Mad\u00e1rbar\u00e1t program t\u00e1mogat\u00f3j\u00e1val.<\/div>\n<\/div>\n<div class=\"x11i5rnm xat24cr x1mh8g0r x1vvkbs xtlvy1s x126k92a\">\n<div dir=\"auto\">Id\u00e9n m\u00e1jus 3-\u00e1n l\u00e1togatott el hozz\u00e1nk. K\u00e9t oszt\u00e1lynak (1.b, 3.b), k\u00f6zel 60 di\u00e1knak tartott \u00f3r\u00e1t iskol\u00e1nk kertj\u00e9ben.<\/div>\n<\/div>\n<div class=\"x11i5rnm xat24cr x1mh8g0r x1vvkbs xtlvy1s x126k92a\">\n<div dir=\"auto\">A <a tabindex=\"-1\"><\/a>tan\u00f3r\u00e1n k\u00edv\u00fcli foglakoz\u00e1son a gyerekek k\u00f6zvetlen k\u00f6zelr\u0151l figyelhett\u00e9k meg az udvarunkon f\u00e9szkel\u0151 sz\u00e9ncinke p\u00e1rt, a fi\u00f3k\u00e1ikat, azok etet\u00e9s\u00e9t, a mad\u00e1rod\u00fa takar\u00edt\u00e1s\u00e1t. T\u00f6bbek k\u00f6z\u00f6tt megtudhatt\u00e1k, hogy a cink\u00e9k rovarokkal etetik a kicsinyeiket, ez\u00e9rt nincs sz\u00fcks\u00e9g az etet\u00e9s\u00fckre. A nagy hideg be\u00e1llt\u00e1val azonban elfogadj\u00e1k a mad\u00e1retet\u0151kbe kihelyezett magvakat is. De csak a hideg be\u00e1llt\u00e1val etess\u00e9k a madarakat, akkor viszont rendszeresen. Hallhattak arr\u00f3l is, hogy Zugl\u00f3ban nagyon sok mad\u00e1rfaj fordul meg (k\u00f6zel 80 faj). Az iskola udvar\u00e1n megjelen\u0151 madarak k\u00f6z\u00f6s azonos\u00edt\u00e1sa ut\u00e1n ideill\u0151 szakk\u00f6nyvet is megismerhett\u00fcnk.<\/div>\n<div dir=\"auto\">Ez a k\u00f6zvetlen \u00e9lm\u00e9nyalap\u00fa tan\u00edt\u00e1s kieg\u00e9sz\u00edtette, elm\u00e9ly\u00edtette \u00e9s tov\u00e1bbfejlesztette a tan\u00f3r\u00e1k nevel\u0151 \u2013 oktat\u00f3 munk\u00e1j\u00e1t, valamint hozz\u00e1j\u00e1rult tanul\u00f3ink \u00f6ko szeml\u00e9let\u00e9nek alak\u00edt\u00e1s\u00e1hoz.<\/div>\n<div dir=\"auto\">Rem\u00e9lj\u00fck, hogy m\u00e9g sok \u2013 sok \u00e9ven kereszt\u00fcl seg\u00edti munk\u00e1nkat Bebesi Zolt\u00e1n.<img loading=\"lazy\" decoding=\"async\" class=\" alignright size-full wp-image-1903\" style=\"float: right;\" src=\"https:\/\/uj.mezosuli.hu\/wp-content\/uploads\/2024\/04\/madar.jpg\" alt=\"\" width=\"302\" height=\"212\" srcset=\"https:\/\/mezosuli.hu\/wp-content\/uploads\/2024\/04\/madar.jpg 302w, https:\/\/mezosuli.hu\/wp-content\/uploads\/2024\/04\/madar-300x212.jpg 300w\" sizes=\"auto, (max-width: 302px) 100vw, 302px\" \/><\/div>\n<\/div>\n<div class=\"x11i5rnm xat24cr x1mh8g0r x1vvkbs xtlvy1s x126k92a\">\n<div>&nbsp;<\/div>\n<div dir=\"auto\">Sikl\u00f3si Zsoltn\u00e9<\/div>\n<div dir=\"auto\">\u00d6KO munkacsoport tagja<\/div>\n<div dir=\"auto\">&nbsp;<\/div>\n<div dir=\"auto\">&nbsp;<\/div>\n<div dir=\"auto\">&nbsp;<\/div>\n<div dir=\"auto\">&nbsp;<\/div>\n<div>&nbsp;<\/div>\n<\/div>\n<\/div>\n<div>\n<div class=\"x11i5rnm xat24cr x1mh8g0r x1vvkbs xtlvy1s x126k92a\">\n<div dir=\"auto\">&nbsp;<\/div>\n<\/div>\n<\/div>\n<\/div>\n<div class=\"x11i5rnm xat24cr x1mh8g0r x1vvkbs xtlvy1s x126k92a\">\n<div dir=\"auto\">&nbsp;<\/div>\n<\/div>\n<\/div>\n<\/div>\n<\/div>\n<\/div>\n<\/div>\n<\/div>\n<\/div>\n<\/div>\n<\/div>\n<\/div>\n<\/div>\n<\/div>\n<\/div>\n<\/div>\n<\/div>\n<\/div>\n<\/div>\n<\/div>\n<\/section>\n<section><\/section>\n<section><\/section>\n<section><\/section>\n<section><\/section>\n<section><\/section>\n<section><\/section>\n<section><\/section>\n<section><\/section>\n<section><\/section>\n<section style=\"font-size: 16px;\"><\/section>\n<\/div>\n","protected":false},"excerpt":{"rendered":"<p>50\/47. esem\u00e9ny Madarak \u00e9s f\u00e1k napja a Mez\u0151ben Iskol\u00e1nk &#8211; a Dr. Mez\u0151 Ferenc \u00c1ltal\u00e1nos Iskola -, \u00e9vek \u00f3ta kapcsolatban \u00e1ll Bebesi Zolt\u00e1nnal, a Magyar Mad\u00e1rtani \u00e9s Term\u00e9szetv\u00e9delmi Egyes\u00fclet \u00f6nk\u00e9ntes&hellip;<\/p>\n","protected":false},"author":1,"featured_media":1903,"comment_status":"closed","ping_status":"open","sticky":false,"template":"","format":"standard","meta":{"_jetpack_memberships_contains_paid_content":false,"footnotes":""},"categories":[7],"tags":[],"class_list":["post-1904","post","type-post","status-publish","format-standard","has-post-thumbnail","hentry","category-oko-hirek"],"jetpack_featured_media_url":"https:\/\/mezosuli.hu\/wp-content\/uploads\/2024\/04\/madar.jpg","jetpack_sharing_enabled":true,"_links":{"self":[{"href":"https:\/\/mezosuli.hu\/index.php?rest_route=\/wp\/v2\/posts\/1904","targetHints":{"allow":["GET"]}}],"collection":[{"href":"https:\/\/mezosuli.hu\/index.php?rest_route=\/wp\/v2\/posts"}],"about":[{"href":"https:\/\/mezosuli.hu\/index.php?rest_route=\/wp\/v2\/types\/post"}],"author":[{"embeddable":true,"href":"https:\/\/mezosuli.hu\/index.php?rest_route=\/wp\/v2\/users\/1"}],"replies":[{"embeddable":true,"href":"https:\/\/mezosuli.hu\/index.php?rest_route=%2Fwp%2Fv2%2Fcomments&post=1904"}],"version-history":[{"count":1,"href":"https:\/\/mezosuli.hu\/index.php?rest_route=\/wp\/v2\/posts\/1904\/revisions"}],"predecessor-version":[{"id":2956,"href":"https:\/\/mezosuli.hu\/index.php?rest_route=\/wp\/v2\/posts\/1904\/revisions\/2956"}],"wp:featuredmedia":[{"embeddable":true,"href":"https:\/\/mezosuli.hu\/index.php?rest_route=\/wp\/v2\/media\/1903"}],"wp:attachment":[{"href":"https:\/\/mezosuli.hu\/index.php?rest_route=%2Fwp%2Fv2%2Fmedia&parent=1904"}],"wp:term":[{"taxonomy":"category","embeddable":true,"href":"https:\/\/mezosuli.hu\/index.php?rest_route=%2Fwp%2Fv2%2Fcategories&post=1904"},{"taxonomy":"post_tag","embeddable":true,"href":"https:\/\/mezosuli.hu\/index.php?rest_route=%2Fwp%2Fv2%2Ftags&post=1904"}],"curies":[{"name":"wp","href":"https:\/\/api.w.org\/{rel}","templated":true}]}}