{"id":1922,"date":"2024-05-06T11:49:50","date_gmt":"2024-05-06T09:49:50","guid":{"rendered":"https:\/\/uj.mezosuli.hu\/?p=1922"},"modified":"2026-03-20T14:22:55","modified_gmt":"2026-03-20T13:22:55","slug":"50-13-esemeny","status":"publish","type":"post","link":"https:\/\/mezosuli.hu\/?p=1922","title":{"rendered":"50\/13. esem\u00e9ny"},"content":{"rendered":"<p style=\"font-size: 16px; font-family: 'Open Sans', sans-serif; font-weight: 500; text-align: left;\"><span style=\"color: #339966; font-size: 20pt; font-variant-caps: small-caps; letter-spacing: 1pt; background-color: #ffffff;\">50\/13. esem\u00e9ny<\/span><\/p>\n<hr \/>\n<div style=\"font-family: Raleway, sans-serif; text-align: left;\" align=\"center\">\n<section style=\"font-size: 16px;\">\n<div class=\"xdj266r x11i5rnm xat24cr x1mh8g0r x1vvkbs x126k92a\">\n<div dir=\"auto\">\n<div dir=\"auto\">\n<div dir=\"auto\">\n<div dir=\"auto\">\n<div class=\"xdj266r x11i5rnm xat24cr x1mh8g0r x1vvkbs x126k92a\">\n<div dir=\"auto\">\n<div class=\"xdj266r x11i5rnm xat24cr x1mh8g0r x1vvkbs x126k92a\">\n<div dir=\"auto\">\n<div class=\"xdj266r x11i5rnm xat24cr x1mh8g0r x1vvkbs x126k92a\">\n<div dir=\"auto\">\n<div class=\"xdj266r x11i5rnm xat24cr x1mh8g0r x1vvkbs x126k92a\">\n<div dir=\"auto\">\n<div class=\"xdj266r x11i5rnm xat24cr x1mh8g0r x1vvkbs x126k92a\">\n<div dir=\"auto\">\n<div class=\"x_elementToProof\">\n<div class=\"xdj266r x11i5rnm xat24cr x1mh8g0r x1vvkbs x126k92a\">\n<div dir=\"auto\">\n<div class=\"xdj266r x11i5rnm xat24cr x1mh8g0r x1vvkbs x126k92a\">\n<div dir=\"auto\">\n<div class=\"xdj266r x11i5rnm xat24cr x1mh8g0r x1vvkbs x126k92a\">\n<div dir=\"auto\">\n<div class=\"xdj266r x11i5rnm xat24cr x1mh8g0r x1vvkbs x126k92a\">\n<div class=\"xdj266r x11i5rnm xat24cr x1mh8g0r x1vvkbs x126k92a\">\n<div dir=\"auto\">Fenntarthat\u00f3s\u00e1gi T\u00e9mah\u00e9t 2024<\/div>\n<div><\/div>\n<\/div>\n<div class=\"x11i5rnm xat24cr x1mh8g0r x1vvkbs xtlvy1s x126k92a\">\n<div dir=\"auto\">Az idei tematika \u00fajdons\u00e1ga a \u201eszabadid\u0151\u201d, mely a \u201eleveg\u0151\u201d t\u00e9m\u00e1val \u00f6sszekapcsolva \u00fajszer\u0171en fogalmazta meg az iskolai programokat.<\/div>\n<div dir=\"auto\">Term\u00e9szetesen minden tant\u00e1rgyhoz kapcsol\u00f3d\u00f3an a teljes iskolai paletta a fenntarthat\u00f3s\u00e1gr\u00f3l sz\u00f3lt \u00e1prilis 22-26 k\u00f6z\u00f6tt, melynek kiindul\u00f3pontja \u201eA F\u00f6ld napja\u201d volt.<\/div>\n<div dir=\"auto\">Sz\u00e1mos plak\u00e1t \u00e9s performance mellett az iskola kertje \u00e9s a kiskert gondoz\u00e1sa teszi egy\u00e9rtelm\u0171v\u00e9 elhivatotts\u00e1gunkat \u00e9s az iskola arculat\u00e1t a k\u00f6rnyezet meg\u00f3v\u00e1sa jegy\u00e9ben.<\/div>\n<div dir=\"auto\">Langer Judit az Energia\u00fcgyi Miniszt\u00e9rium \u00f6nk\u00e9ntesek\u00e9nt \u00e9rkezett int\u00e9zm\u00e9ny\u00fcnkbe, hogy az egym\u00e1st k\u00f6vet\u0151, \u00f6t\u00f6dik oszt\u00e1lyos term\u00e9szettudom\u00e1ny \u00f3r\u00e1kon prezent\u00e1ci\u00f3val egybek\u00f6t\u00f6tt besz\u00e9lget\u00e9sbe vonja \u201eK\u00f6rforg\u00e1sos gazdas\u00e1g\u201d t\u00e9mak\u00f6r\u00e9hez kapcsol\u00f3d\u00f3an a gyerekeket. A v\u00edz k\u00f6rforg\u00e1s\u00e1val \u00e1ll\u00edtottuk p\u00e1rhuzamba a termel\u00e9si tev\u00e9kenys\u00e9get, melyben a tananyaghoz k\u00f6tve sz\u00e1mos \u00e9rdekess\u00e9g \u00e9s \u00fajszer\u0171 \u00f6tlet cser\u00e9lt gazd\u00e1t.<img loading=\"lazy\" decoding=\"async\" class=\" alignright size-full wp-image-1921\" style=\"float: right;\" src=\"https:\/\/uj.mezosuli.hu\/wp-content\/uploads\/2024\/05\/1000008812-scaled.jpg\" alt=\"\" width=\"316\" height=\"178\" srcset=\"https:\/\/mezosuli.hu\/wp-content\/uploads\/2024\/05\/1000008812-scaled.jpg 2560w, https:\/\/mezosuli.hu\/wp-content\/uploads\/2024\/05\/1000008812-300x169.jpg 300w, https:\/\/mezosuli.hu\/wp-content\/uploads\/2024\/05\/1000008812-1024x576.jpg 1024w, https:\/\/mezosuli.hu\/wp-content\/uploads\/2024\/05\/1000008812-768x432.jpg 768w, https:\/\/mezosuli.hu\/wp-content\/uploads\/2024\/05\/1000008812-1536x864.jpg 1536w, https:\/\/mezosuli.hu\/wp-content\/uploads\/2024\/05\/1000008812-2048x1152.jpg 2048w\" sizes=\"auto, (max-width: 316px) 100vw, 316px\" \/><\/div>\n<div dir=\"auto\">Hatodik oszt\u00e1lyosaink a Fels\u0151r\u00e1kosi r\u00e9tek FENNTARTHA(TO)T\u00d3 akad\u00e1lyverseny\u00e9n csapatokat alkotva, pedag\u00f3gus k\u00eds\u00e9rettel j\u00e1rt\u00e1k be a lak\u00f3hely\u00fcnkh\u00f6z \u00e9s sz\u00edv\u00fcnkh\u00f6z oly k\u00f6zel \u00e1ll\u00f3 patak term\u00e9szetv\u00e9delmi ter\u00fclet\u00e9t. A kihelyezett tabl\u00f3k ismeretanyag\u00e1b\u00f3l mer\u00edtve r\u00e1csod\u00e1lkozhattunk, hogy egykor a mi vid\u00e9k\u00fcnk\u00f6n indulhatott el a rendszeres B\u00e9cs \u2013 Budapest l\u00e9gi k\u00f6zleked\u00e9s, hogy Budapest m\u00e9rtani k\u00f6zepe ezen a ter\u00fcleten tal\u00e1lhat\u00f3, \u00e9s az \u00d6rs vez\u00e9r t\u00e9rt\u0151l mind\u00f6ssze 2 km-re \u00e9rintetlen term\u00e9szetben barangolhatunk. Az \u00e9vszakhoz k\u00e9pest kellemetlen hideg \u00e9s es\u0151s id\u0151j\u00e1r\u00e1s miatt p\u00f3tolt kiruccan\u00e1s ez\u00fattal csod\u00e1latos id\u0151ben, szikr\u00e1z\u00f3 naps\u00fct\u00e9sben val\u00f3sulhatott meg. Az egykori orvosi pi\u00f3c\u00e1s g\u00f6dr\u00f6ket felfedezve, a r\u00e1kosi vipera, a pataknak nevet ad\u00f3 r\u00e1kok sors\u00e1b\u00f3l \u00e9s a helyt\u00f6rt\u00e9netb\u0151l mer\u00edtve, a szabadban, val\u00f3ban tartalmasan t\u00f6lt\u00f6tt szabadid\u0151 k\u00e9peivel z\u00e1rom az \u00e9lm\u00e9nyteli d\u00e9lut\u00e1n kr\u00f3nik\u00e1j\u00e1t.<\/div>\n<\/div>\n<div class=\"x11i5rnm xat24cr x1mh8g0r x1vvkbs xtlvy1s x126k92a\">\n<div><\/div>\n<div dir=\"auto\">\u201eGondolkozz glob\u00e1lisan, cselekedj lok\u00e1lisan!\u201d<\/div>\n<\/div>\n<div class=\"x11i5rnm xat24cr x1mh8g0r x1vvkbs xtlvy1s x126k92a\">\n<div dir=\"auto\">Warholik Edit<\/div>\n<\/div>\n<\/div>\n<\/div>\n<\/div>\n<\/div>\n<\/div>\n<\/div>\n<\/div>\n<\/div>\n<\/div>\n<\/div>\n<\/div>\n<\/div>\n<\/div>\n<\/div>\n<\/div>\n<\/div>\n<\/div>\n<\/div>\n<\/div>\n<\/div>\n<\/div>\n<\/div>\n<\/div>\n<\/section>\n<section><\/section>\n<section><\/section>\n<section><\/section>\n<section><\/section>\n<section><\/section>\n<section><\/section>\n<section><\/section>\n<section><\/section>\n<section><\/section>\n<section style=\"font-size: 16px;\"><\/section>\n<\/div>\n","protected":false},"excerpt":{"rendered":"<p>50\/13. esem\u00e9ny Fenntarthat\u00f3s\u00e1gi T\u00e9mah\u00e9t 2024 Az idei tematika \u00fajdons\u00e1ga a \u201eszabadid\u0151\u201d, mely a \u201eleveg\u0151\u201d t\u00e9m\u00e1val \u00f6sszekapcsolva \u00fajszer\u0171en fogalmazta meg az iskolai programokat. Term\u00e9szetesen minden tant\u00e1rgyhoz kapcsol\u00f3d\u00f3an a teljes iskolai paletta&hellip;<\/p>\n","protected":false},"author":1,"featured_media":0,"comment_status":"closed","ping_status":"open","sticky":false,"template":"","format":"standard","meta":{"_jetpack_memberships_contains_paid_content":false,"footnotes":""},"categories":[48],"tags":[],"class_list":["post-1922","post","type-post","status-publish","format-standard","hentry","category-2024-hirarchivum"],"jetpack_featured_media_url":"","jetpack_sharing_enabled":true,"_links":{"self":[{"href":"https:\/\/mezosuli.hu\/index.php?rest_route=\/wp\/v2\/posts\/1922","targetHints":{"allow":["GET"]}}],"collection":[{"href":"https:\/\/mezosuli.hu\/index.php?rest_route=\/wp\/v2\/posts"}],"about":[{"href":"https:\/\/mezosuli.hu\/index.php?rest_route=\/wp\/v2\/types\/post"}],"author":[{"embeddable":true,"href":"https:\/\/mezosuli.hu\/index.php?rest_route=\/wp\/v2\/users\/1"}],"replies":[{"embeddable":true,"href":"https:\/\/mezosuli.hu\/index.php?rest_route=%2Fwp%2Fv2%2Fcomments&post=1922"}],"version-history":[{"count":2,"href":"https:\/\/mezosuli.hu\/index.php?rest_route=\/wp\/v2\/posts\/1922\/revisions"}],"predecessor-version":[{"id":3580,"href":"https:\/\/mezosuli.hu\/index.php?rest_route=\/wp\/v2\/posts\/1922\/revisions\/3580"}],"wp:attachment":[{"href":"https:\/\/mezosuli.hu\/index.php?rest_route=%2Fwp%2Fv2%2Fmedia&parent=1922"}],"wp:term":[{"taxonomy":"category","embeddable":true,"href":"https:\/\/mezosuli.hu\/index.php?rest_route=%2Fwp%2Fv2%2Fcategories&post=1922"},{"taxonomy":"post_tag","embeddable":true,"href":"https:\/\/mezosuli.hu\/index.php?rest_route=%2Fwp%2Fv2%2Ftags&post=1922"}],"curies":[{"name":"wp","href":"https:\/\/api.w.org\/{rel}","templated":true}]}}