{"id":2009,"date":"2024-09-24T08:24:59","date_gmt":"2024-09-24T06:24:59","guid":{"rendered":"https:\/\/uj.mezosuli.hu\/?p=2009"},"modified":"2026-03-30T10:26:22","modified_gmt":"2026-03-30T08:26:22","slug":"oko-kirandulas-2024","status":"publish","type":"post","link":"https:\/\/mezosuli.hu\/?p=2009","title":{"rendered":"\u00d6ko kir\u00e1ndul\u00e1s 2024"},"content":{"rendered":"<p>&nbsp;<\/p>\n<table>\n<tbody>\n<tr>\n<td><strong>\u00d6KO-KIR\u00c1NDUL\u00c1S<\/strong><\/p>\n<p><strong>Sas-hegy tan\u00f6sv\u00e9ny<\/strong><\/td>\n<\/tr>\n<\/tbody>\n<\/table>\n<table>\n<tbody>\n<tr>\n<td><strong>2024. okt\u00f3ber 12-\u00e9n, szombaton<\/strong><\/td>\n<\/tr>\n<\/tbody>\n<\/table>\n<ul>\n<li><strong>Tal\u00e1lkozunk:<\/strong> 7:50-kor az \u00d6rs vez\u00e9r t\u00e9ren a Metr\u00f3 bej\u00e1rat\u00e1n\u00e1l, vagy 8:45-kor a tan\u00f6sv\u00e9ny bej\u00e1rat\u00e1n\u00e1l (1112 Budapest, T\u00e1j\u00e9k utca 26.).<\/li>\n<li><strong>Utaz\u00e1s:<\/strong> Metr\u00f3val az Astori\u00e1ig, onnan 8-as busszal a Korompai utc\u00e1ig.<img loading=\"lazy\" decoding=\"async\" class=\" alignright size-full wp-image-2008\" style=\"float: right;\" src=\"https:\/\/uj.mezosuli.hu\/wp-content\/uploads\/2024\/09\/KO2.jpg\" alt=\"KO2\" width=\"222\" height=\"147\" srcset=\"https:\/\/mezosuli.hu\/wp-content\/uploads\/2024\/09\/KO2.jpg 574w, https:\/\/mezosuli.hu\/wp-content\/uploads\/2024\/09\/KO2-300x199.jpg 300w\" sizes=\"auto, (max-width: 222px) 100vw, 222px\" \/><\/li>\n<li>Az 1957 \u00f3ta v\u00e9dett <strong>Budai Sas-hegy Term\u00e9szetv\u00e9delmi Ter\u00fclet<\/strong>egyed\u00fcl\u00e1ll\u00f3 szigetk\u00e9nt \u00e1ll Budapesten. A szikl\u00e1kkal tark\u00edtott zegzugos lejt\u0151i meg\u0151rizt\u00e9k sz\u00e1munkra a j\u00e9gkorszakok \u00e9s azok k\u00f6zti felmeleged\u00e9sek term\u00e9szeti eml\u00e9keit. Ez az orsz\u00e1gos jelent\u0151s\u00e9g\u0171 v\u00e9dett term\u00e9szeti \u00e9rt\u00e9k rengeteg \u00e9rdekes \u00e9l\u0151l\u00e9nyt \u0151riz.\u00a0\u00a0Szabadt\u00e9ri terr\u00e1riumban term\u00e9szetes \u00e9l\u0151hely\u00e9n mutatj\u00e1k be a z\u00f6ld gy\u00edkot. Fest\u0151i kil\u00e1t\u00e1s ny\u00edlik a v\u00e1rosra.<\/li>\n<li>A vezetett t\u00fara id\u0151tartama kb. 1,5 \u00f3ra.<\/li>\n<li>\u00c9rdemes hozni: t\u00edz\u00f3rait, innival\u00f3t, napsapk\u00e1t, es\u0151kab\u00e1tot, l\u00e1tcs\u00f6vet, nagy\u00edt\u00f3t, f\u00e9nyk\u00e9pez\u00e9sre alkalmas eszk\u00f6zt egy kis h\u00e1tizs\u00e1kban.<\/li>\n<li>Kiv\u00e9telesen nagyon fontos, hogy el\u0151re jelezz\u00e9k r\u00e9szv\u00e9teli sz\u00e1nd\u00e9kukat, mert a csoport l\u00e9tsz\u00e1ma maximum 27 f\u0151 lehet. Jelentkezni lehet: <a href=\"mailto:szabolcsne.s.agnes@mezosuli.hu\">szabolcsne.s.agnes@mezosuli.hu<\/a> e-mail c\u00edmen.<\/li>\n<li>Jegy\u00e1r: 1700 Ft\/di\u00e1k,\u00a0 ill. legal\u00e1bb 2 gyermekkel \u00e9rkez\u0151 1 vagy 2 sz\u00fcl\u0151,\u00a0 2300.- Ft\/sz\u00fcl\u0151, ha csak egy gyermekkel \u00e9rkezik.<\/li>\n<li>Minden gyermeket szeretettel v\u00e1runk sz\u00fcl\u0151 k\u00eds\u00e9ret\u00e9ben! Csatlakozhatnak testv\u00e9rek \u00e9s m\u00e1s csal\u00e1dtagok is.<\/li>\n<\/ul>\n<p>Szeretettel v\u00e1rjuk az \u00e9rdekl\u0151d\u0151ket!<\/p>\n<p>\u00d6KO-munkacsoport: Csics\u00e1k Edina n\u00e9ni, Sas \u00c1gi n\u00e9ni \u00e9s S\u00fcle Szilvi n\u00e9ni<\/p>\n","protected":false},"excerpt":{"rendered":"<p>&nbsp; \u00d6KO-KIR\u00c1NDUL\u00c1S Sas-hegy tan\u00f6sv\u00e9ny 2024. okt\u00f3ber 12-\u00e9n, szombaton Tal\u00e1lkozunk: 7:50-kor az \u00d6rs vez\u00e9r t\u00e9ren a Metr\u00f3 bej\u00e1rat\u00e1n\u00e1l, vagy 8:45-kor a tan\u00f6sv\u00e9ny bej\u00e1rat\u00e1n\u00e1l (1112 Budapest, T\u00e1j\u00e9k utca 26.). Utaz\u00e1s: Metr\u00f3val az&hellip;<\/p>\n","protected":false},"author":1,"featured_media":0,"comment_status":"closed","ping_status":"open","sticky":false,"template":"","format":"standard","meta":{"_jetpack_memberships_contains_paid_content":false,"footnotes":""},"categories":[7],"tags":[],"class_list":["post-2009","post","type-post","status-publish","format-standard","hentry","category-oko-hirek"],"jetpack_featured_media_url":"","jetpack_sharing_enabled":true,"_links":{"self":[{"href":"https:\/\/mezosuli.hu\/index.php?rest_route=\/wp\/v2\/posts\/2009","targetHints":{"allow":["GET"]}}],"collection":[{"href":"https:\/\/mezosuli.hu\/index.php?rest_route=\/wp\/v2\/posts"}],"about":[{"href":"https:\/\/mezosuli.hu\/index.php?rest_route=\/wp\/v2\/types\/post"}],"author":[{"embeddable":true,"href":"https:\/\/mezosuli.hu\/index.php?rest_route=\/wp\/v2\/users\/1"}],"replies":[{"embeddable":true,"href":"https:\/\/mezosuli.hu\/index.php?rest_route=%2Fwp%2Fv2%2Fcomments&post=2009"}],"version-history":[{"count":2,"href":"https:\/\/mezosuli.hu\/index.php?rest_route=\/wp\/v2\/posts\/2009\/revisions"}],"predecessor-version":[{"id":3711,"href":"https:\/\/mezosuli.hu\/index.php?rest_route=\/wp\/v2\/posts\/2009\/revisions\/3711"}],"wp:attachment":[{"href":"https:\/\/mezosuli.hu\/index.php?rest_route=%2Fwp%2Fv2%2Fmedia&parent=2009"}],"wp:term":[{"taxonomy":"category","embeddable":true,"href":"https:\/\/mezosuli.hu\/index.php?rest_route=%2Fwp%2Fv2%2Fcategories&post=2009"},{"taxonomy":"post_tag","embeddable":true,"href":"https:\/\/mezosuli.hu\/index.php?rest_route=%2Fwp%2Fv2%2Ftags&post=2009"}],"curies":[{"name":"wp","href":"https:\/\/api.w.org\/{rel}","templated":true}]}}