{"id":2011,"date":"2024-09-24T11:42:35","date_gmt":"2024-09-24T09:42:35","guid":{"rendered":"https:\/\/uj.mezosuli.hu\/?p=2011"},"modified":"2026-03-30T10:25:20","modified_gmt":"2026-03-30T08:25:20","slug":"spar-maraton-fesztival","status":"publish","type":"post","link":"https:\/\/mezosuli.hu\/?p=2011","title":{"rendered":"Spar Maraton Fesztiv\u00e1l"},"content":{"rendered":"<div><span style=\"font-size: 18pt;\">SPAR Budapest Maraton Fesztiv\u00e1l<\/span><\/div>\n<div><\/div>\n<div>A Dr. Mez\u0151 Ferenc \u00c1ltal\u00e1nos Iskola ism\u00e9t nevez \u00a0a SPAR Budapest Maraton Fesztiv\u00e1lra!\u00a0 \u00a0<img loading=\"lazy\" decoding=\"async\" class=\" alignright size-full wp-image-2010\" style=\"float: right;\" src=\"https:\/\/uj.mezosuli.hu\/wp-content\/uploads\/2024\/09\/460448735_7980508055408983_4860655007870014994_n.jpg\" alt=\"460448735_7980508055408983_4860655007870014994_n.jpg\" width=\"331\" height=\"234\" srcset=\"https:\/\/mezosuli.hu\/wp-content\/uploads\/2024\/09\/460448735_7980508055408983_4860655007870014994_n.jpg 720w, https:\/\/mezosuli.hu\/wp-content\/uploads\/2024\/09\/460448735_7980508055408983_4860655007870014994_n-300x212.jpg 300w\" sizes=\"auto, (max-width: 331px) 100vw, 331px\" \/><\/div>\n<div>2024. okt\u00f3ber 12. P\u00e1zm\u00e1ny P\u00e9ter s\u00e9t\u00e1ny<\/div>\n<div>A szombati nap tervezett id\u0151rendje:<\/div>\n<div>SPAR V\u00e1rosi T\u00fara XL (kb. 21,5 km) \u2013 rajt: 8:00-9:00 k\u00f6z\u00f6tt<\/div>\n<div>SPAR V\u00e1rosi T\u00fara L (kb. 13,5 km) \u2013 rajt: 9:00-10:00 k\u00f6z\u00f6tt<\/div>\n<div>SPAR V\u00e1rosi T\u00fara M (kb. 10,5 km) \u2013 rajt: 9:30-10:30 k\u00f6z\u00f6tt<\/div>\n<div>SPAR V\u00e1rosi T\u00fara S (kb. 6,5 km) \u2013 rajt: 10:30-12:30 k\u00f6z\u00f6tt<\/div>\n<div>T\u00far\u00e1k nevez\u00e9si d\u00edja: di\u00e1k 1600 Ft\/feln\u0151tt 2200<\/div>\n<div>SPAR 10 km \u2013 rajt: 9:00 (5000\/6500 Ft)<\/div>\n<div>Riska Minimaraton 5 km \u2013 rajt: 10:45 (2200\/2750 Ft)<\/div>\n<div>SPAR Maratonka Iskolai Futam 2,3 km (futva vagy gyalogolva) \u2013 rajt: 13:00 (1600\/2200 Ft)<\/div>\n<div>SULI V\u00c1LT\u00d3 3\u00d71,5 km \u2013 rajt: 14:15 di\u00e1k 1600\/tan\u00e1rok ingyen!!!<\/div>\n<div>A vas\u00e1rnapi t\u00e1vokra is lehet nevezni, de azoknak nincs egyedi kedvezm\u00e9nyes \u00e1ra, az a t\u00e1v a s\u00e1vos nevez\u00e9si d\u00edj t\u00e1bl\u00e1zat\u00e1b\u00f3l \u00e9rhet\u0151 el. Di\u00e1kokn\u00e1l az els\u0151 di\u00e1k \u00e1r, feln\u0151ttekn\u00e9l az els\u0151 alap \u00e1r. (<a id=\"OWAf0c212db-695a-d1f2-412f-cd06e81e57ce\" class=\"x_x1i10hfl x_xjbqb8w x_x1ejq31n x_xd10rxx x_x1sy0etr x_x17r0tee x_x972fbf x_xcfux6l x_x1qhh985 x_xm0m39n x_x9f619 x_x1ypdohk x_xt0psk2 x_xe8uvvx x_xdj266r x_x11i5rnm x_xat24cr x_x1mh8g0r x_xexx8yu x_x4uap5 x_x18d9i69 x_xkhd6sd x_x16tdsg8 x_x1hl2dhg x_xggy1nq x_x1a2a7pz x_x1sur9pj x_xkrqix3 x_x1fey0fg x_x1s688f x_OWAAutoLink\" href=\"https:\/\/l.facebook.com\/l.php?u=https%3A%2F%2Fwww.sparbudapestmaraton.hu%2Fnevezesi-inf%C3%B3k%2F%3Ffbclid%3DIwZXh0bgNhZW0CMTAAAR2DUzWDZBIKKDoj73wXfm-A56tW9Ry8t9hRcYiiV0CuqJI0YviR02cGN34_aem_dCyFlE_s6H3Fvzpbpz78vg&amp;h=AT3oUEysbD8FVy3wUdaL35qL5Bhy-agVIsfoRYH_ETzrUVl3FhxWoSt1feSZimBYepU9zm_xZfCCAwOIUa4jlER02KWLF2VFezoaJRLDpmZ8ywuJj4STwfvnej24GCpsK_Z3Qds0fJju9TaL-LAy&amp;__tn__=-UK-R&amp;c[0]=AT3oMblI9TQRACbNbzCbwva74XNeHvxGQ9oXhYs3XxbpTxlZ0jzwJx6q0dayn_Z24le3rFnFDYLGKk-ZklbhUQlynxVtJyBOg5P6rXi8wGN1BvY7Yq6Ks9fHtMwr6ijzqrZmquZziBzs04CnIp6GLgItmd-i-yHeva-LcrPK19clLA3PDMZeVIQ7e_amRaIYuVWe_t8QmTSw4w\" target=\"_blank\" rel=\"nofollow noreferrer noopener\" data-auth=\"NotApplicable\" data-linkindex=\"0\">https:\/\/www.sparbudapestmaraton.hu\/nevezesi-inf\u00f3k\/<\/a>)<\/div>\n<div>Nevezni Petres Margit tan\u00e1rn\u0151n\u00e9l lehet, testnevel\u0151 tan\u00e1riban, bor\u00edt\u00e9kban a nevez\u00e9si d\u00edj pontos \u00f6sszege, fut\u00f3(k) neve, sz\u00fclet\u00e9si \u00e9v, p\u00f3l\u00f3m\u00e9ret, v\u00e1lasztott t\u00e1v. Nevez\u00e9si d\u00edj tartalmazza a rajtsz\u00e1mot, p\u00f3l\u00f3t \u00e9s befut\u00f3 \u00e9rmet, befut\u00f3 csomagot.<\/div>\n<div class=\"x_elementToProof\">Term\u00e9szetesen lesz k\u00f6z\u00f6s indul\u00e1s az \u00d6rsr\u0151l. A rajtcsomaggal ker\u00fcl kioszt\u00e1sra majd minden pontos inform\u00e1ci\u00f3.<\/div>\n<div class=\"x_elementToProof\">Nevez\u00e9si hat\u00e1rid\u0151: SZEPTEMBER 30!!!!<\/div>\n<div>Minden Mez\u0151st, volt Mez\u0151st, Sz\u00fcl\u0151t \u00e9s kedves ismer\u0151st v\u00e1rok az iskola csapat\u00e1ba sok szeretettel!<\/div>\n<div>Petres Margit testnevel\u0151 tan\u00e1r<\/div>\n","protected":false},"excerpt":{"rendered":"<p>SPAR Budapest Maraton Fesztiv\u00e1l A Dr. Mez\u0151 Ferenc \u00c1ltal\u00e1nos Iskola ism\u00e9t nevez \u00a0a SPAR Budapest Maraton Fesztiv\u00e1lra!\u00a0 \u00a0 2024. okt\u00f3ber 12. P\u00e1zm\u00e1ny P\u00e9ter s\u00e9t\u00e1ny A szombati nap tervezett id\u0151rendje: SPAR&hellip;<\/p>\n","protected":false},"author":1,"featured_media":0,"comment_status":"closed","ping_status":"open","sticky":false,"template":"","format":"standard","meta":{"_jetpack_memberships_contains_paid_content":false,"footnotes":""},"categories":[53],"tags":[],"class_list":["post-2011","post","type-post","status-publish","format-standard","hentry","category-olimpiai-iskola"],"jetpack_featured_media_url":"","jetpack_sharing_enabled":true,"_links":{"self":[{"href":"https:\/\/mezosuli.hu\/index.php?rest_route=\/wp\/v2\/posts\/2011","targetHints":{"allow":["GET"]}}],"collection":[{"href":"https:\/\/mezosuli.hu\/index.php?rest_route=\/wp\/v2\/posts"}],"about":[{"href":"https:\/\/mezosuli.hu\/index.php?rest_route=\/wp\/v2\/types\/post"}],"author":[{"embeddable":true,"href":"https:\/\/mezosuli.hu\/index.php?rest_route=\/wp\/v2\/users\/1"}],"replies":[{"embeddable":true,"href":"https:\/\/mezosuli.hu\/index.php?rest_route=%2Fwp%2Fv2%2Fcomments&post=2011"}],"version-history":[{"count":2,"href":"https:\/\/mezosuli.hu\/index.php?rest_route=\/wp\/v2\/posts\/2011\/revisions"}],"predecessor-version":[{"id":3710,"href":"https:\/\/mezosuli.hu\/index.php?rest_route=\/wp\/v2\/posts\/2011\/revisions\/3710"}],"wp:attachment":[{"href":"https:\/\/mezosuli.hu\/index.php?rest_route=%2Fwp%2Fv2%2Fmedia&parent=2011"}],"wp:term":[{"taxonomy":"category","embeddable":true,"href":"https:\/\/mezosuli.hu\/index.php?rest_route=%2Fwp%2Fv2%2Fcategories&post=2011"},{"taxonomy":"post_tag","embeddable":true,"href":"https:\/\/mezosuli.hu\/index.php?rest_route=%2Fwp%2Fv2%2Ftags&post=2011"}],"curies":[{"name":"wp","href":"https:\/\/api.w.org\/{rel}","templated":true}]}}