{"id":2023,"date":"2024-09-26T12:30:35","date_gmt":"2024-09-26T10:30:35","guid":{"rendered":"https:\/\/uj.mezosuli.hu\/?p=2023"},"modified":"2026-03-30T10:24:21","modified_gmt":"2026-03-30T08:24:21","slug":"tovabbkepzes-zugloi-ovodai-es-bolcsodei-dolgozok-szamara","status":"publish","type":"post","link":"https:\/\/mezosuli.hu\/?p=2023","title":{"rendered":"Tov\u00e1bbk\u00e9pz\u00e9s zugl\u00f3i \u00f3vodai \u00e9s b\u00f6lcs\u0151dei dolgoz\u00f3k sz\u00e1m\u00e1ra"},"content":{"rendered":"<div class=\"xdj266r x11i5rnm xat24cr x1mh8g0r x1vvkbs x126k92a\">\n<div><span style=\"font-size: 24pt;\">Tov\u00e1bbk\u00e9pz\u00e9s zugl\u00f3i \u00f3vodai \u00e9s b\u00f6lcs\u0151dei dolgoz\u00f3k sz\u00e1m\u00e1ra<\/span><\/div>\n<div><\/div>\n<div><\/div>\n<div dir=\"auto\" style=\"text-align: justify;\">2024.09.23-\u00e1n ker\u00fclt iskol\u00e1nkban megrendez\u00e9sre a Dr. Mez\u0151 Ferenc \u00c1ltal\u00e1nos Iskola, a Zugl\u00f3i Egyes\u00edtett B\u00f6lcs\u0151d\u00e9k, a Zugl\u00f3i Egyes\u00edtett \u00d3vod\u00e1k \u00e9s a Zugl\u00f3i \u00d6nkorm\u00e1nyzat k\u00f6z\u00f6sen elnyert p\u00e1ly\u00e1zat\u00e1nak keret\u00e9ben a b\u00f6lcs\u0151dei kisgyermeknevel\u0151k \u00e9s \u00f3v\u00f3n\u0151k sz\u00e1m\u00e1ra meghirdetett k\u00e9t napos szakmai tov\u00e1bbk\u00e9pz\u00e9s els\u0151 napja, melyen a ker\u00fcletben tal\u00e1lhat\u00f3 b\u00f6lcs\u0151d\u00e9kb\u0151l \u00e9s \u00f3vod\u00e1kb\u00f3l 45 pedag\u00f3gus vett r\u00e9szt. A F\u0151v\u00e1rosi Szoci\u00e1lis K\u00f6zalap\u00edtv\u00e1ny \u00e9s az Unicef \u00e1ltal ki\u00edrt p\u00e1ly\u00e1zat t\u00e9m\u00e1ja: \u201eB\u00f6lcs\u0151d\u00e9k \u00e9s \u00f3vod\u00e1k int\u00e9zm\u00e9nyrendszer\u00e9nek komplex fejleszt\u00e9se az ukr\u00e1n menek\u00fclt gyermekek integr\u00e1ci\u00f3ja \u00e9rdek\u00e9ben\u201d.<\/div>\n<div dir=\"auto\" style=\"text-align: justify;\">A tov\u00e1bbk\u00e9pz\u00e9s el\u0151ad\u00f3i, int\u00e9zm\u00e9ny\u00fcnk MID munkak\u00f6z\u00f6ss\u00e9g\u00e9nek tagjai voltak: Budav\u00e1ri Csilla Krisztina, Ottucs\u00e1k Melinda Anik\u00f3 \u00e9s Snicer-Pobr\u00e1nszky Gabriella. El\u0151ad\u00e1saikban sz\u00f3 esett a magyar mint idegen nyelv elm\u00e9leti alapjair\u00f3l, az ukr\u00e1n \u00e9s egyes \u00e1zsiai nyelvek saj\u00e1toss\u00e1gair\u00f3l, valamint a mindennapokban tapasztalhat\u00f3 interkultur\u00e1lis k\u00fcl\u00f6nbs\u00e9gekr\u0151l egyar\u00e1nt. A k\u00e9pz\u00e9sen r\u00e9sztvev\u0151k a nyelvi foglalkoz\u00e1sokhoz alap oktat\u00f3csomagokat vehettek \u00e1t, \u00e9s megismerhett\u00e9k a benne tal\u00e1lhat\u00f3 j\u00e1t\u00e9kos eszk\u00f6z\u00f6k nyelvtan\u00edt\u00e1s sor\u00e1n t\u00f6rt\u00e9n\u0151 felhaszn\u00e1l\u00e1s\u00e1nak m\u00f3dszereit.<\/div>\n<\/div>\n<div class=\"x11i5rnm xat24cr x1mh8g0r x1vvkbs xtlvy1s x126k92a\">\n<div><\/div>\n<\/div>\n<div class=\"x11i5rnm xat24cr x1mh8g0r x1vvkbs xtlvy1s x126k92a\">\n<div dir=\"auto\">A m\u00e1sodik k\u00e9pz\u00e9si nap okt\u00f3ber 11-\u00e9n lesz, melyre visszav\u00e1runk minden r\u00e9sztvev\u0151t!<\/div>\n<div><img loading=\"lazy\" decoding=\"async\" class=\" size-full wp-image-2017\" src=\"https:\/\/uj.mezosuli.hu\/wp-content\/uploads\/2024\/09\/Trening4.jpg\" alt=\"Tr\u00e9ning4.jpg\" width=\"210\" height=\"158\" srcset=\"https:\/\/mezosuli.hu\/wp-content\/uploads\/2024\/09\/Trening4.jpg 1984w, https:\/\/mezosuli.hu\/wp-content\/uploads\/2024\/09\/Trening4-300x225.jpg 300w, https:\/\/mezosuli.hu\/wp-content\/uploads\/2024\/09\/Trening4-1024x768.jpg 1024w, https:\/\/mezosuli.hu\/wp-content\/uploads\/2024\/09\/Trening4-768x576.jpg 768w, https:\/\/mezosuli.hu\/wp-content\/uploads\/2024\/09\/Trening4-1536x1152.jpg 1536w\" sizes=\"auto, (max-width: 210px) 100vw, 210px\" \/><img loading=\"lazy\" decoding=\"async\" class=\" size-full wp-image-2018\" src=\"https:\/\/uj.mezosuli.hu\/wp-content\/uploads\/2024\/09\/Trening5.jpg\" alt=\"Tr\u00e9ning5.jpg\" width=\"326\" height=\"160\" srcset=\"https:\/\/mezosuli.hu\/wp-content\/uploads\/2024\/09\/Trening5.jpg 1739w, https:\/\/mezosuli.hu\/wp-content\/uploads\/2024\/09\/Trening5-300x147.jpg 300w, https:\/\/mezosuli.hu\/wp-content\/uploads\/2024\/09\/Trening5-1024x502.jpg 1024w, https:\/\/mezosuli.hu\/wp-content\/uploads\/2024\/09\/Trening5-768x376.jpg 768w, https:\/\/mezosuli.hu\/wp-content\/uploads\/2024\/09\/Trening5-1536x753.jpg 1536w\" sizes=\"auto, (max-width: 326px) 100vw, 326px\" \/><img loading=\"lazy\" decoding=\"async\" class=\" size-full wp-image-2019\" src=\"https:\/\/uj.mezosuli.hu\/wp-content\/uploads\/2024\/09\/Trening6.jpg\" alt=\"Tr\u00e9ning6.jpg\" width=\"237\" height=\"163\" srcset=\"https:\/\/mezosuli.hu\/wp-content\/uploads\/2024\/09\/Trening6.jpg 1984w, https:\/\/mezosuli.hu\/wp-content\/uploads\/2024\/09\/Trening6-300x207.jpg 300w, https:\/\/mezosuli.hu\/wp-content\/uploads\/2024\/09\/Trening6-1024x705.jpg 1024w, https:\/\/mezosuli.hu\/wp-content\/uploads\/2024\/09\/Trening6-768x529.jpg 768w, https:\/\/mezosuli.hu\/wp-content\/uploads\/2024\/09\/Trening6-1536x1058.jpg 1536w\" sizes=\"auto, (max-width: 237px) 100vw, 237px\" \/><img loading=\"lazy\" decoding=\"async\" class=\" size-full wp-image-2020\" src=\"https:\/\/uj.mezosuli.hu\/wp-content\/uploads\/2024\/09\/Trening2.jpg\" alt=\"Tr\u00e9ning2.jpg\" width=\"331\" height=\"177\" srcset=\"https:\/\/mezosuli.hu\/wp-content\/uploads\/2024\/09\/Trening2.jpg 1399w, https:\/\/mezosuli.hu\/wp-content\/uploads\/2024\/09\/Trening2-300x160.jpg 300w, https:\/\/mezosuli.hu\/wp-content\/uploads\/2024\/09\/Trening2-1024x547.jpg 1024w, https:\/\/mezosuli.hu\/wp-content\/uploads\/2024\/09\/Trening2-768x411.jpg 768w\" sizes=\"auto, (max-width: 331px) 100vw, 331px\" \/><img loading=\"lazy\" decoding=\"async\" class=\" size-full wp-image-2021\" src=\"https:\/\/uj.mezosuli.hu\/wp-content\/uploads\/2024\/09\/Trening3.jpg\" alt=\"Tr\u00e9ning3.jpg\" width=\"226\" height=\"170\" srcset=\"https:\/\/mezosuli.hu\/wp-content\/uploads\/2024\/09\/Trening3.jpg 1984w, https:\/\/mezosuli.hu\/wp-content\/uploads\/2024\/09\/Trening3-300x225.jpg 300w, https:\/\/mezosuli.hu\/wp-content\/uploads\/2024\/09\/Trening3-1024x768.jpg 1024w, https:\/\/mezosuli.hu\/wp-content\/uploads\/2024\/09\/Trening3-768x576.jpg 768w, https:\/\/mezosuli.hu\/wp-content\/uploads\/2024\/09\/Trening3-1536x1152.jpg 1536w\" sizes=\"auto, (max-width: 226px) 100vw, 226px\" \/><img loading=\"lazy\" decoding=\"async\" class=\" size-full wp-image-2022\" src=\"https:\/\/uj.mezosuli.hu\/wp-content\/uploads\/2024\/09\/Trening7.jpg\" alt=\"Tr\u00e9ning7.jpg\" width=\"222\" height=\"165\" srcset=\"https:\/\/mezosuli.hu\/wp-content\/uploads\/2024\/09\/Trening7.jpg 1887w, https:\/\/mezosuli.hu\/wp-content\/uploads\/2024\/09\/Trening7-300x223.jpg 300w, https:\/\/mezosuli.hu\/wp-content\/uploads\/2024\/09\/Trening7-1024x760.jpg 1024w, https:\/\/mezosuli.hu\/wp-content\/uploads\/2024\/09\/Trening7-768x570.jpg 768w, https:\/\/mezosuli.hu\/wp-content\/uploads\/2024\/09\/Trening7-1536x1140.jpg 1536w\" sizes=\"auto, (max-width: 222px) 100vw, 222px\" \/><\/div>\n<\/div>\n","protected":false},"excerpt":{"rendered":"<p>Tov\u00e1bbk\u00e9pz\u00e9s zugl\u00f3i \u00f3vodai \u00e9s b\u00f6lcs\u0151dei dolgoz\u00f3k sz\u00e1m\u00e1ra 2024.09.23-\u00e1n ker\u00fclt iskol\u00e1nkban megrendez\u00e9sre a Dr. Mez\u0151 Ferenc \u00c1ltal\u00e1nos Iskola, a Zugl\u00f3i Egyes\u00edtett B\u00f6lcs\u0151d\u00e9k, a Zugl\u00f3i Egyes\u00edtett \u00d3vod\u00e1k \u00e9s a Zugl\u00f3i \u00d6nkorm\u00e1nyzat k\u00f6z\u00f6sen&hellip;<\/p>\n","protected":false},"author":1,"featured_media":0,"comment_status":"closed","ping_status":"open","sticky":false,"template":"","format":"standard","meta":{"_jetpack_memberships_contains_paid_content":false,"footnotes":""},"categories":[50,51],"tags":[],"class_list":["post-2023","post","type-post","status-publish","format-standard","hentry","category-iskola-4-profilja","category-mid"],"jetpack_featured_media_url":"","jetpack_sharing_enabled":true,"_links":{"self":[{"href":"https:\/\/mezosuli.hu\/index.php?rest_route=\/wp\/v2\/posts\/2023","targetHints":{"allow":["GET"]}}],"collection":[{"href":"https:\/\/mezosuli.hu\/index.php?rest_route=\/wp\/v2\/posts"}],"about":[{"href":"https:\/\/mezosuli.hu\/index.php?rest_route=\/wp\/v2\/types\/post"}],"author":[{"embeddable":true,"href":"https:\/\/mezosuli.hu\/index.php?rest_route=\/wp\/v2\/users\/1"}],"replies":[{"embeddable":true,"href":"https:\/\/mezosuli.hu\/index.php?rest_route=%2Fwp%2Fv2%2Fcomments&post=2023"}],"version-history":[{"count":2,"href":"https:\/\/mezosuli.hu\/index.php?rest_route=\/wp\/v2\/posts\/2023\/revisions"}],"predecessor-version":[{"id":3709,"href":"https:\/\/mezosuli.hu\/index.php?rest_route=\/wp\/v2\/posts\/2023\/revisions\/3709"}],"wp:attachment":[{"href":"https:\/\/mezosuli.hu\/index.php?rest_route=%2Fwp%2Fv2%2Fmedia&parent=2023"}],"wp:term":[{"taxonomy":"category","embeddable":true,"href":"https:\/\/mezosuli.hu\/index.php?rest_route=%2Fwp%2Fv2%2Fcategories&post=2023"},{"taxonomy":"post_tag","embeddable":true,"href":"https:\/\/mezosuli.hu\/index.php?rest_route=%2Fwp%2Fv2%2Ftags&post=2023"}],"curies":[{"name":"wp","href":"https:\/\/api.w.org\/{rel}","templated":true}]}}