{"id":2048,"date":"2024-12-05T08:00:32","date_gmt":"2024-12-05T07:00:32","guid":{"rendered":"https:\/\/uj.mezosuli.hu\/?p=2048"},"modified":"2026-03-17T10:49:04","modified_gmt":"2026-03-17T09:49:04","slug":"erasmus-diakmobilitas","status":"publish","type":"post","link":"https:\/\/mezosuli.hu\/?p=2048","title":{"rendered":"Erasmus di\u00e1kmobilit\u00e1s"},"content":{"rendered":"<p><span style=\"font-size: 14pt;\"><strong>Erasmus di\u00e1kmobilit\u00e1sra val\u00f3 felh\u00edv\u00e1s<\/strong><\/span><\/p>\n<p>Kedves Tanul\u00f3k \u00e9s Sz\u00fcl\u0151k!<\/p>\n<p>A Dr. Mez\u0151 Ferenc \u00c1ltal\u00e1nos Iskola \u201eF\u00f3kuszban a gyermek\u201d c\u00edm\u0171 Erasmus+ projektj\u00e9nek keret\u00e9ben 8 f\u0151 <strong>nyolcadik oszt\u00e1lyos<\/strong>&nbsp;tanul\u00f3 iskolal\u00e1togat\u00e1son vesz r\u00e9szt Szlov\u00e9ni\u00e1ban, Maribor k\u00f6rny\u00e9k\u00e9n 2025. m\u00e1jus 19-22. k\u00f6z\u00f6tt.<\/p>\n<p>A gyerekek kapcsol\u00f3dnak a szlov\u00e9n iskola \u00f3r\u00e1ihoz, bepillanthatnak az iskola mindennapi \u00e9let\u00e9be \u00e9s felfedezz\u00fck a k\u00f6rny\u00e9ket.<\/p>\n<p>Az utaz\u00e1st (flix busz), sz\u00e1ll\u00e1st \u00e9s teljes ell\u00e1t\u00e1st, biztos\u00edt\u00e1st \u00e9s a programok k\u00f6lts\u00e9geit Erasmus+ p\u00e1ly\u00e1zat fedezi, a program az Eur\u00f3pai Uni\u00f3 t\u00e1mogat\u00e1s\u00e1val val\u00f3sul meg.<\/p>\n<p>A csoportot k\u00eds\u00e9r\u0151 pedag\u00f3gusok: Petres Margit iskolai Erasmus projekt koordin\u00e1tor \u00e9s Ottucs\u00e1k Melinda A. igazgat\u00f3helyettes.<\/p>\n<p>A programon val\u00f3 r\u00e9szv\u00e9telhez a tanul\u00f3knak p\u00e1ly\u00e1zatot kell beny\u00fajtaniuk. A p\u00e1ly\u00e1zat dokumentumai:<\/p>\n<p>&#8211; P\u00e1ly\u00e1zati \u0171rlap: <a href=\"https:\/\/uj.mezosuli.hu\/wp-content\/uploads\/2024\/12\/Tanuliplyzat_mezorasmus2025.pdf\">Erasmus+ tanul\u00f3i tanulm\u00e1ny\u00faton val\u00f3 r\u00e9szv\u00e9telhez_Mez\u0151suli2025<\/a><\/p>\n<p>&#8211; Aj\u00e1nl\u00f3lev\u00e9l a Dr. Mez\u0151 Ferenc \u00c1ltal\u00e1nos Iskola egyik pedag\u00f3gus\u00e1t\u00f3l<\/p>\n<p>P\u00e1ly\u00e1zat bead\u00e1si hat\u00e1rideje: 2024. 12. 20. 12:00, szem\u00e9lyesen Petres Margit tan\u00e1rn\u0151n\u00e9l vagy emailben: <a href=\"mailto:petres.margit@mezosuli.hu\">petres.margit@mezosuli.hu<\/a> email c\u00edmre.<\/p>\n<p>A p\u00e1ly\u00e1zatokat az iskola Erasmus menedzsment csoportja b\u00edr\u00e1lja el.<\/p>\n<p>Eredm\u00e9nyeket 2025. janu\u00e1r 10-ig az iskola honlapj\u00e1n \u00e9s k\u00f6z\u00f6ss\u00e9gi fel\u00fclet\u00e9n tessz\u00fck k\u00f6zz\u00e9.<\/p>\n<p>B\u00e1rmilyen k\u00e9rd\u00e9s\u00fck van, forduljanak Petres Margit projektkoordin\u00e1torhoz.<\/p>\n<p>J\u00f3 p\u00e1ly\u00e1z\u00e1st k\u00edv\u00e1nunk!<\/p>\n<p>&nbsp;<\/p>\n<p>\u00dcdv\u00f6zlettel:<\/p>\n<p>Ottucs\u00e1k Melinda A.<\/p>\n<p>igazgat\u00f3helyettes<\/p>\n","protected":false},"excerpt":{"rendered":"<p>Erasmus di\u00e1kmobilit\u00e1sra val\u00f3 felh\u00edv\u00e1s Kedves Tanul\u00f3k \u00e9s Sz\u00fcl\u0151k! A Dr. Mez\u0151 Ferenc \u00c1ltal\u00e1nos Iskola \u201eF\u00f3kuszban a gyermek\u201d c\u00edm\u0171 Erasmus+ projektj\u00e9nek keret\u00e9ben 8 f\u0151 nyolcadik oszt\u00e1lyos&nbsp;tanul\u00f3 iskolal\u00e1togat\u00e1son vesz r\u00e9szt Szlov\u00e9ni\u00e1ban, Maribor&hellip;<\/p>\n","protected":false},"author":1,"featured_media":0,"comment_status":"closed","ping_status":"open","sticky":false,"template":"","format":"standard","meta":{"_jetpack_memberships_contains_paid_content":false,"footnotes":""},"categories":[12],"tags":[],"class_list":["post-2048","post","type-post","status-publish","format-standard","hentry","category-erasmus"],"jetpack_featured_media_url":"","jetpack_sharing_enabled":true,"_links":{"self":[{"href":"https:\/\/mezosuli.hu\/index.php?rest_route=\/wp\/v2\/posts\/2048","targetHints":{"allow":["GET"]}}],"collection":[{"href":"https:\/\/mezosuli.hu\/index.php?rest_route=\/wp\/v2\/posts"}],"about":[{"href":"https:\/\/mezosuli.hu\/index.php?rest_route=\/wp\/v2\/types\/post"}],"author":[{"embeddable":true,"href":"https:\/\/mezosuli.hu\/index.php?rest_route=\/wp\/v2\/users\/1"}],"replies":[{"embeddable":true,"href":"https:\/\/mezosuli.hu\/index.php?rest_route=%2Fwp%2Fv2%2Fcomments&post=2048"}],"version-history":[{"count":1,"href":"https:\/\/mezosuli.hu\/index.php?rest_route=\/wp\/v2\/posts\/2048\/revisions"}],"predecessor-version":[{"id":3002,"href":"https:\/\/mezosuli.hu\/index.php?rest_route=\/wp\/v2\/posts\/2048\/revisions\/3002"}],"wp:attachment":[{"href":"https:\/\/mezosuli.hu\/index.php?rest_route=%2Fwp%2Fv2%2Fmedia&parent=2048"}],"wp:term":[{"taxonomy":"category","embeddable":true,"href":"https:\/\/mezosuli.hu\/index.php?rest_route=%2Fwp%2Fv2%2Fcategories&post=2048"},{"taxonomy":"post_tag","embeddable":true,"href":"https:\/\/mezosuli.hu\/index.php?rest_route=%2Fwp%2Fv2%2Ftags&post=2048"}],"curies":[{"name":"wp","href":"https:\/\/api.w.org\/{rel}","templated":true}]}}